{"id":527039,"date":"2024-04-27T19:36:07","date_gmt":"2024-04-27T23:36:07","guid":{"rendered":"https:\/\/diariodominicano.com\/?p=527039"},"modified":"2024-04-27T19:36:13","modified_gmt":"2024-04-27T23:36:13","slug":"fiscalia-de-puerto-plata-logra-condena-de-20-anos-contra-hombre-que-mato-adolescente","status":"publish","type":"post","link":"https:\/\/diariodominicano.com\/?p=527039","title":{"rendered":"Fiscal\u00eda de Puerto Plata logra condena de 20 a\u00f1os contra hombre que mat\u00f3 adolescente"},"content":{"rendered":"\n<p>diariodominicano.com<\/p>\n\n\n\n<p>Puerto Plata, R. D.,\u200227 de abril, 2024.- La Fiscal\u00eda de Puerto Plata logr\u00f3 una sentencia condenatoria de 20 a\u00f1os de prisi\u00f3n en contra de \u00c1ngel Miguel Mej\u00eda, por el homicidio de un adolescente de 16 a\u00f1os de edad, en un hecho ocurrido el 1 de enero del pasado a\u00f1o 2023.<\/p>\n\n\n\n<p>El hecho ocurri\u00f3 en el r\u00edo Bella Vista, de Sos\u00faa, cuando Mej\u00eda intervino en una acalorada discusi\u00f3n que sosten\u00eda la v\u00edctima menor de edad con varias mujeres.<\/p>\n\n\n\n<p>El hoy occiso recibi\u00f3 una herida cortopunzante en la espalda.<\/p>\n\n\n\n<p>Tras esta primera agresi\u00f3n y con el adolescente postrado en el suelo, el victimario le infiri\u00f3 otras seis pu\u00f1aladas, lo que le provoc\u00f3 la muerte de manera r\u00e1pida y violenta, seg\u00fan el informe de autopsia No. 005-2023, emitido por el Instituto Nacional de Ciencias Forenses (Inacif).&nbsp;<\/p>\n\n\n\n<p>Los fiscales Julio G\u00f3mez Quintana, en la investigaci\u00f3n, y Karen Lidia Santana, en litigaci\u00f3n, presentaron pruebas que probaron ante el tribunal, que integran los jueces Jakayra Veras, Venecia Rojas y Jos\u00e9 Juan Jim\u00e9nez, la culpabilidad del acusado, quien falt\u00f3 a las disposiciones de los art\u00edculos 295 y 304 del C\u00f3digo Penal.<\/p>\n\n\n\n<p>La condena deber\u00e1 ser cumplida por el procesado en el Centro de Correcci\u00f3n y Rehabilitaci\u00f3n San Felipe.<\/p>\n\n\n\n<p><strong>Direcci\u00f3n General de Comunicaci\u00f3n, Prensa, y RRPP<\/strong><strong><\/strong><\/p>\n\n\n\n<p>Ministerio P\u00fablico. R.D.<\/p>\n\n\n\n<p>S\u00e1bado, 27 de abril de 2024.<\/p>\n","protected":false},"excerpt":{"rendered":"<p>diariodominicano.com Puerto Plata, R. D.,\u200227 de abril, 2024.- La Fiscal\u00eda de Puerto Plata logr\u00f3 una sentencia condenatoria de 20 a\u00f1os de prisi\u00f3n en contra de \u00c1ngel Miguel Mej\u00eda, por el homicidio de un adolescente de 16 a\u00f1os de edad, en un hecho ocurrido el 1 de enero del pasado a\u00f1o 2023. El hecho ocurri\u00f3 en [&hellip;]<\/p>\n","protected":false},"author":5,"featured_media":521896,"comment_status":"closed","ping_status":"closed","sticky":true,"template":"","format":"standard","meta":{"footnotes":""},"categories":[24,27],"tags":[],"class_list":["post-527039","post","type-post","status-publish","format-standard","has-post-thumbnail","hentry","category-justicia-y-derecho","category-portada"],"_links":{"self":[{"href":"https:\/\/diariodominicano.com\/index.php?rest_route=\/wp\/v2\/posts\/527039","targetHints":{"allow":["GET"]}}],"collection":[{"href":"https:\/\/diariodominicano.com\/index.php?rest_route=\/wp\/v2\/posts"}],"about":[{"href":"https:\/\/diariodominicano.com\/index.php?rest_route=\/wp\/v2\/types\/post"}],"author":[{"embeddable":true,"href":"https:\/\/diariodominicano.com\/index.php?rest_route=\/wp\/v2\/users\/5"}],"replies":[{"embeddable":true,"href":"https:\/\/diariodominicano.com\/index.php?rest_route=%2Fwp%2Fv2%2Fcomments&post=527039"}],"version-history":[{"count":1,"href":"https:\/\/diariodominicano.com\/index.php?rest_route=\/wp\/v2\/posts\/527039\/revisions"}],"predecessor-version":[{"id":527040,"href":"https:\/\/diariodominicano.com\/index.php?rest_route=\/wp\/v2\/posts\/527039\/revisions\/527040"}],"wp:featuredmedia":[{"embeddable":true,"href":"https:\/\/diariodominicano.com\/index.php?rest_route=\/wp\/v2\/media\/521896"}],"wp:attachment":[{"href":"https:\/\/diariodominicano.com\/index.php?rest_route=%2Fwp%2Fv2%2Fmedia&parent=527039"}],"wp:term":[{"taxonomy":"category","embeddable":true,"href":"https:\/\/diariodominicano.com\/index.php?rest_route=%2Fwp%2Fv2%2Fcategories&post=527039"},{"taxonomy":"post_tag","embeddable":true,"href":"https:\/\/diariodominicano.com\/index.php?rest_route=%2Fwp%2Fv2%2Ftags&post=527039"}],"curies":[{"name":"wp","href":"https:\/\/api.w.org\/{rel}","templated":true}]}}