{"id":526968,"date":"2024-04-27T11:19:53","date_gmt":"2024-04-27T15:19:53","guid":{"rendered":"https:\/\/diariodominicano.com\/?p=526968"},"modified":"2024-04-27T11:19:54","modified_gmt":"2024-04-27T15:19:54","slug":"presidente-de-cuba-asiste-a-acto-por-65-anos-de-casa-de-las-americas","status":"publish","type":"post","link":"https:\/\/diariodominicano.com\/?p=526968","title":{"rendered":"Presidente de Cuba asiste a acto por 65 a\u00f1os de Casa de las Am\u00e9ricas"},"content":{"rendered":"\n<p>ARCHIVO: Miguel D\u00edaz-Canel<\/p>\n\n\n\n<p>La Habana, 27 abr (Prensa Latina) El presidente de Cuba, Miguel D\u00edaz-Canel, asiste hoy a la celebraci\u00f3n por los 65 a\u00f1os de fundada la instituci\u00f3n cultural con sede en La Habana Casa de las Am\u00e9ricas, el 28 de abril.<\/p>\n\n\n\n<ul class=\"wp-block-list\">\n<li><a href=\"https:\/\/www.prensa-latina.cu\/2024\/04\/27\/\"><time>abril 27, 2024 | 11:07<\/time><\/a><\/li>\n<\/ul>\n\n\n\n<p>En el acto, que tiene lugar en la Sala Che Guevara de la entidad, personalidades con una notable obra intelectual vinculada a Casa de las Am\u00e9ricas recibir\u00e1n las medallas Hayde\u00e9 Santamar\u00eda y Alejo Carpentier, as\u00ed como la Distinci\u00f3n por la Cultura Nacional.<\/p>\n\n\n\n<p>Fundada en 1959 por Hayde\u00e9 Santamar\u00eda, Casa de las Am\u00e9ricas divulga, investiga, auspicia, premia y publica la labor de escritores, artistas pl\u00e1sticos, m\u00fasicos, teatristas y estudiosos de la literatura, las artes y las ciencias sociales del continente.<\/p>\n\n\n\n<p>Est\u00e1 concebida como un espacio de encuentro y di\u00e1logo de distintas perspectivas en un clima de ideas renovadoras.<\/p>\n\n\n\n<p>Asisten tambi\u00e9n a la ceremonia el miembro del Bur\u00f3 Pol\u00edtico y Secretario de Organizaci\u00f3n del Comit\u00e9 Central del PCC (CC PCC), Roberto Morales, el ministro de Relaciones Exteriores, Bruno Rodr\u00edguez, as\u00ed como personalidades de la cultura.<\/p>\n\n\n\n<p>La v\u00edspera aconteci\u00f3 la entrega del Premio Literario Casa de las Am\u00e9ricas&nbsp;en su edici\u00f3n 64, y Argentina result\u00f3 ganadora en tres de las cuatro categor\u00edas a las que se convoc\u00f3 este a\u00f1o: Novela, Teatro, Ensayo de tema art\u00edstico-literario y Literatura para ni\u00f1os y j\u00f3venes.<\/p>\n\n\n\n<p>rgh\/amr<\/p>\n","protected":false},"excerpt":{"rendered":"<p>ARCHIVO: Miguel D\u00edaz-Canel La Habana, 27 abr (Prensa Latina) El presidente de Cuba, Miguel D\u00edaz-Canel, asiste hoy a la celebraci\u00f3n por los 65 a\u00f1os de fundada la instituci\u00f3n cultural con sede en La Habana Casa de las Am\u00e9ricas, el 28 de abril. En el acto, que tiene lugar en la Sala Che Guevara de la [&hellip;]<\/p>\n","protected":false},"author":28,"featured_media":456087,"comment_status":"closed","ping_status":"closed","sticky":false,"template":"","format":"standard","meta":{"footnotes":""},"categories":[36,26],"tags":[],"class_list":["post-526968","post","type-post","status-publish","format-standard","has-post-thumbnail","hentry","category-hombresmujeresycosas","category-efemerides"],"_links":{"self":[{"href":"https:\/\/diariodominicano.com\/index.php?rest_route=\/wp\/v2\/posts\/526968","targetHints":{"allow":["GET"]}}],"collection":[{"href":"https:\/\/diariodominicano.com\/index.php?rest_route=\/wp\/v2\/posts"}],"about":[{"href":"https:\/\/diariodominicano.com\/index.php?rest_route=\/wp\/v2\/types\/post"}],"author":[{"embeddable":true,"href":"https:\/\/diariodominicano.com\/index.php?rest_route=\/wp\/v2\/users\/28"}],"replies":[{"embeddable":true,"href":"https:\/\/diariodominicano.com\/index.php?rest_route=%2Fwp%2Fv2%2Fcomments&post=526968"}],"version-history":[{"count":1,"href":"https:\/\/diariodominicano.com\/index.php?rest_route=\/wp\/v2\/posts\/526968\/revisions"}],"predecessor-version":[{"id":526969,"href":"https:\/\/diariodominicano.com\/index.php?rest_route=\/wp\/v2\/posts\/526968\/revisions\/526969"}],"wp:featuredmedia":[{"embeddable":true,"href":"https:\/\/diariodominicano.com\/index.php?rest_route=\/wp\/v2\/media\/456087"}],"wp:attachment":[{"href":"https:\/\/diariodominicano.com\/index.php?rest_route=%2Fwp%2Fv2%2Fmedia&parent=526968"}],"wp:term":[{"taxonomy":"category","embeddable":true,"href":"https:\/\/diariodominicano.com\/index.php?rest_route=%2Fwp%2Fv2%2Fcategories&post=526968"},{"taxonomy":"post_tag","embeddable":true,"href":"https:\/\/diariodominicano.com\/index.php?rest_route=%2Fwp%2Fv2%2Ftags&post=526968"}],"curies":[{"name":"wp","href":"https:\/\/api.w.org\/{rel}","templated":true}]}}