{"id":526916,"date":"2024-04-27T00:48:24","date_gmt":"2024-04-27T04:48:24","guid":{"rendered":"https:\/\/diariodominicano.com\/?p=526916"},"modified":"2024-04-27T00:48:27","modified_gmt":"2024-04-27T04:48:27","slug":"metoo-que-significa-la-anulacion-en-nueva-york-de-la-sentencia-a-harvey-weinstein","status":"publish","type":"post","link":"https:\/\/diariodominicano.com\/?p=526916","title":{"rendered":"#MeToo: \u00bfQu\u00e9 significa la anulaci\u00f3n en Nueva York de la sentencia a Harvey Weinstein?"},"content":{"rendered":"\n<p>ARCHIVO &#8211; Harvey Weinstein llega al Tribunal Penal de Manhattan, el 21 de febrero de 2020, en la ciudad de Nueva York.<\/p>\n\n\n\n<p>abril 26, 2024<\/p>\n\n\n\n<ul class=\"wp-block-list\">\n<li><a href=\"https:\/\/www.vozdeamerica.com\/author\/yeny-garcia\/mo_vm\">Yeny Garc\u00eda<\/a><\/li>\n<\/ul>\n\n\n\n<ul class=\"wp-block-list\">\n<li><a href=\"https:\/\/facebook.com\/sharer.php?u=https%3a%2f%2fwww.vozdeamerica.com%2fa%2fmetoo-revocacion-sentencia-harvey-weinstein-ny-futuro-movimiento-metoo%2f7586464.html\" target=\"_blank\" rel=\"noreferrer noopener\"><\/a><\/li>\n\n\n\n<li><a href=\"https:\/\/twitter.com\/share?url=https%3a%2f%2fwww.vozdeamerica.com%2fa%2fmetoo-revocacion-sentencia-harvey-weinstein-ny-futuro-movimiento-metoo%2f7586464.html&amp;text=%23MeToo%3a+%c2%bfQu%c3%a9+significa+la+anulaci%c3%b3n+en+Nueva+York+de+la+sentencia+a+Harvey+Weinstein%3f\" target=\"_blank\" rel=\"noreferrer noopener\"><\/a><\/li>\n\n\n\n<li><\/li>\n\n\n\n<li><a href=\"mailto:?body=https%3a%2f%2fwww.vozdeamerica.com%2fa%2fmetoo-revocacion-sentencia-harvey-weinstein-ny-futuro-movimiento-metoo%2f7586464.html&amp;subject=%23MeToo:%20%C2%BFQu%C3%A9%20significa%20la%20anulaci%C3%B3n%20en%20Nueva%20York%20de%20la%20sentencia%20a%20Harvey%20Weinstein?\"><\/a><\/li>\n<\/ul>\n\n\n\n<p><a href=\"https:\/\/www.vozdeamerica.com\/a\/metoo-revocacion-sentencia-harvey-weinstein-ny-futuro-movimiento-metoo\/7586464.html#comments\">&nbsp;Vea comentarios<\/a><\/p>\n\n\n\n<p>La revocaci\u00f3n en Nueva York de la sentencia por abuso sexual contra el exproductor Harvey Weinstein tom\u00f3 por sorpresa al movimiento #MeToo, que reaccion\u00f3 con un llamado renovado a proteger a las v\u00edctimas y la promesa de que continuar\u00e1n su lucha.<\/p>\n\n\n\n<p>WASHINGTON \u2014&nbsp;<\/p>\n\n\n\n<p>La revocaci\u00f3n en Nueva York de la sentencia por abuso sexual contra Harvey Weinstein sorprendi\u00f3 a las m\u00e1s de 80 v\u00edctimas que denunciaron al exproductor cinematogr\u00e1fico y conmocion\u00f3 al movimiento MeToo, que reaccion\u00f3 con la promesa de que \u00abno ir\u00e1n a ning\u00fan lado\u00bb.<\/p>\n\n\n\n<p>El caso contra Weinstein, un ex peso pesado de Hollywood acusado de utilizar su influencia para exigir favores sexuales durante d\u00e9cadas, fue el inicio de la viralizaci\u00f3n del MeToo, cuando en 2017 la actriz estadounidense Alyssa Milano utiliz\u00f3 el hashtag con esas dos palabras para visibilizar sus denuncias contra el exejecutivo y alent\u00f3 a compartir historias similares.<\/p>\n\n\n\n<p>Ahora,&nbsp;<strong><em><a href=\"https:\/\/www.vozdeamerica.com\/a\/ny-corte-anula-condena-por-violacion-de-harvey-weinstein-del-historico-juicio-metoo\/7584801.html\" target=\"_blank\" rel=\"noreferrer noopener\">la anulaci\u00f3n el jueves de la condena a Weinstein<\/a><\/em><\/strong>&nbsp;por la Corte de Apelaciones de Nueva York ha reabierto viejas heridas y puesto en entredicho el ajuste de cuentas en EEUU a figuras poderosas con conducta sexual inapropiada, adem\u00e1s de cuestionar qu\u00e9 puede constituir pruebas factibles en un juicio.<\/p>\n\n\n\n<h3 class=\"wp-block-heading\">\u00bfPor qu\u00e9 se anul\u00f3 la condena a Weinstein en Nueva York?<\/h3>\n\n\n\n<p>En 2020, Harvey Weinstein fue&nbsp;<strong><em><a href=\"https:\/\/www.vozdeamerica.com\/a\/weinstein-sentenciado-a-23-a%C3%B1os-de-prisi%C3%B3n-por-abuso-sexual-y-violaci%C3%B3n\/5325568.html\" target=\"_blank\" rel=\"noreferrer noopener\">condenado tras ser declarado culpable de violaci\u00f3n y abuso sexual<\/a><\/em><\/strong>&nbsp;contra dos mujeres, quienes testificaron en la corte.<\/p>\n\n\n\n<p><a href=\"https:\/\/www.vozdeamerica.com\/a\/seis-anos-del-movimiento-me-too-alzar-la-voz-para-que-nuestras-hijas-no-tengan-miedo-\/7318835.html\"><\/a><\/p>\n\n\n\n<p><a href=\"https:\/\/www.vozdeamerica.com\/a\/seis-anos-del-movimiento-me-too-alzar-la-voz-para-que-nuestras-hijas-no-tengan-miedo-\/7318835.html\">TAMBI\u00c9N LEA<\/a><\/p>\n\n\n\n<h4 class=\"wp-block-heading\"><a href=\"https:\/\/www.vozdeamerica.com\/a\/seis-anos-del-movimiento-me-too-alzar-la-voz-para-que-nuestras-hijas-no-tengan-miedo-\/7318835.html\">Seis a\u00f1os del MeToo: \u00abAlzamos la voz para que nuestras hijas no tengan miedo\u00bb<\/a><\/h4>\n\n\n\n<p>M\u00e1s de cuatro a\u00f1os despu\u00e9s, un tribunal acept\u00f3 la apelaci\u00f3n del equipo legal del exproductor y dictamin\u00f3 4-3 que el juez no deber\u00eda haber permitido otros tres testimonios de mujeres que afirmaron ser agredidas por Weinstein. Estos cargos no formaban parte del caso que se juzgaba en ese momento.<\/p>\n\n\n\n<p>El abogado de Weinstein, Arthur Aidala, argument\u00f3 en su apelaci\u00f3n que el juez tambi\u00e9n influy\u00f3 en el juicio al dar permiso a los fiscales para confrontar a Weinstein, si decid\u00eda testificar, sobre hechos que sucedieron d\u00e9cadas atr\u00e1s.<\/p>\n\n\n\n<p>Los testimonios sobre \u00abmalos actos previos\u00bb generalmente no son permitidos en juicios en Nueva York seg\u00fan la llamada regla Molineux, que data de 1901, y sobre la que bas\u00f3 el tribunal de apelaciones para considerar al procedimiento como injusto.<\/p>\n\n\n\n<p>Las declaraciones de las tres v\u00edctimas fueron permitidas entonces porque los fiscales cre\u00edan que las pruebas obtenidas de estas historias ayudar\u00eda a refutar la afirmaci\u00f3n de Weinstein de que los encuentros con las dos denunciantes fueron consensuales.<\/p>\n\n\n\n<p>Aunque los jueces de la mayor\u00eda dijeron que estaba basado en una ley de larga data en el estado, uno de los magistrados en contra de la decisi\u00f3n, Anthony Cannataro, calific\u00f3 la anulaci\u00f3n como \u00abun desafortunado paso atr\u00e1s respecto de los avances recientes en nuestra comprensi\u00f3n de c\u00f3mo se cometen los delitos sexuales\u00bb.<\/p>\n\n\n\n<figure class=\"wp-block-image\"><img decoding=\"async\" src=\"https:\/\/gdb.voanews.com\/3baf65ca-6dfe-4340-84c5-e4fddabbba25_tv_w650_r1.jpg\" alt=\"#MeToo, triunfos y grandes expectativas\" title=\"#MeToo, triunfos y grandes expectativas\"\/><\/figure>\n\n\n\n<p><video poster=\"https:\/\/gdb.voanews.com\/3baf65ca-6dfe-4340-84c5-e4fddabbba25_tv_w650_r1.jpg\" src=\"https:\/\/av.voanews.com\/Videoroot\/Pangeavideo\/2020\/02\/3\/3b\/3baf65ca-6dfe-4340-84c5-e4fddabbba25_720p.mp4\"><\/video><\/p>\n\n\n\n<p>&nbsp;INSERTAR&nbsp;SHARE<\/p>\n\n\n\n<h5 class=\"wp-block-heading\"><a href=\"https:\/\/www.vozdeamerica.com\/a\/metoo-revocacion-sentencia-harvey-weinstein-ny-futuro-movimiento-metoo\/5303422.html\" target=\"_blank\" rel=\"noreferrer noopener\">#MeToo, triunfos y grandes expectativas<\/a><\/h5>\n\n\n\n<p>&nbsp;INSERTAR&nbsp;SHARE<\/p>\n\n\n\n<p>El c\u00f3digo se ha copiado en su portapapeles.<\/p>\n\n\n\n<hr class=\"wp-block-separator has-alpha-channel-opacity\"\/>\n\n\n\n<p>Ancho&nbsp;&nbsp;pxAltura&nbsp;&nbsp;px<\/p>\n\n\n\n<ul class=\"wp-block-list\">\n<li><a href=\"https:\/\/facebook.com\/sharer.php?u=https%3a%2f%2fwww.vozdeamerica.com%2fa%2f5303422.html\" target=\"_blank\" rel=\"noreferrer noopener\">Comparta en Facebook<\/a><\/li>\n\n\n\n<li><a href=\"https:\/\/twitter.com\/share?url=https%3a%2f%2fwww.vozdeamerica.com%2fa%2f5303422.html&amp;text=%23MeToo%2c+triunfos+y+grandes+expectativas\" target=\"_blank\" rel=\"noreferrer noopener\">Comparta en Twitter<\/a><\/li>\n<\/ul>\n\n\n\n<hr class=\"wp-block-separator has-alpha-channel-opacity\"\/>\n\n\n\n<p>The URL has been copied to your clipboard<\/p>\n\n\n\n<p>No media source currently available<\/p>\n\n\n\n<p>0:001:340:00<\/p>\n\n\n\n<p><a href=\"https:\/\/www.vozdeamerica.com\/embed\/player\/Article\/5303422.html?type=video&amp;FullScreenMode=True\" target=\"_blank\" rel=\"noreferrer noopener\"><\/a><\/p>\n\n\n\n<p>&nbsp;Descargar&nbsp;<\/p>\n\n\n\n<p>\u00abEsto hoy es un acto de traici\u00f3n institucional\u00bb, reaccion\u00f3 por su parte la conocida actriz estadounidense Ashley Judd en una conferencia de prensa poco despu\u00e9s de darse a conocer la noticia de la anulaci\u00f3n. Judd fue parte de las m\u00e1s de 80 mujeres que levantaron su voz contra Weinstein.<\/p>\n\n\n\n<h3 class=\"wp-block-heading\">\u00bfQu\u00e9 pasa ahora con Weinstein?<\/h3>\n\n\n\n<p>Su condena en Nueva York fue anulada, pero el exejecutivo de 72 a\u00f1os permanecer\u00e1 tras las rejas debido a que en otro juicio en Los Angeles se le declar\u00f3 culpable de violaci\u00f3n,&nbsp;<strong><em><a href=\"https:\/\/www.vozdeamerica.com\/a\/harvey-weinstein-enfrenra-un-nuevo-cargo-de-agresi%C3%B3n-sexual-\/5368169.html\" target=\"_blank\" rel=\"noreferrer noopener\">con una condena de 16 a\u00f1os en prisi\u00f3n<\/a><\/em><\/strong>.<\/p>\n\n\n\n<p>Se espera que Weinstein tambi\u00e9n apele esta decisi\u00f3n, aunque el caso en Nueva York no tendr\u00e1 ninguna influencia sobre este caso. En California las leyes permiten testimonios sobre \u00abmalos actos previos\u00bb como prueba de que el acusado tiene propensi\u00f3n a cometer los delitos por los que se acusa.<\/p>\n\n\n\n<p>La fiscal\u00eda de Nueva York asegur\u00f3 que llevar\u00eda a Weinstein nuevamente al banquillo, lo que significa que las v\u00edctimas tendr\u00edan que testificar una vez m\u00e1s.<\/p>\n\n\n\n<h3 class=\"wp-block-heading\">\u00bfCu\u00e1l es la reacci\u00f3n del movimiento MeToo?<\/h3>\n\n\n\n<p>\u00abQuiero dejar claro que este momento y esta decisi\u00f3n en realidad significa que tenemos un movimiento. Significa que tenemos un movimiento. Hace 10 a\u00f1os no pod\u00edamos llevar a un hombre como Harvey Weinstein a un tribunal\u00bb, dijo a la prensa Tarana Burke, fundadora de MeToo.<\/p>\n\n\n\n<p><a href=\"https:\/\/www.vozdeamerica.com\/a\/el-cielo-esta-azul-otra-vez-los-acusadores-de-weinstein-expresan-alivio\/5302990.html\"><\/a><\/p>\n\n\n\n<p><a href=\"https:\/\/www.vozdeamerica.com\/a\/el-cielo-esta-azul-otra-vez-los-acusadores-de-weinstein-expresan-alivio\/5302990.html\">TAMBI\u00c9N LEA<\/a><\/p>\n\n\n\n<h4 class=\"wp-block-heading\"><a href=\"https:\/\/www.vozdeamerica.com\/a\/el-cielo-esta-azul-otra-vez-los-acusadores-de-weinstein-expresan-alivio\/5302990.html\">\u00abEl cielo est\u00e1 azul otra vez\u00bb: las acusadoras de Weinstein expresan alivio<\/a><\/h4>\n\n\n\n<p>Burke, quien cre\u00f3 esta red de ayuda en 2006, insisti\u00f3 en que \u00abmomentos como este subrayan por qu\u00e9 los movimientos son necesarios\u00bb y remarc\u00f3 que \u00abel resultado de este caso no cambia el hecho de que tambi\u00e9n nos mantenemos firmes y resistentes\u00bb.<\/p>\n\n\n\n<p>\u00abEsto no es un golpe para el movimiento. Es un llamado de atenci\u00f3n y estamos preparadas para responder a ese llamado\u00bb, asegur\u00f3 la activista.<\/p>\n\n\n\n<p>La presidenta del Centro Nacional de los Derechos de la Mujer (NWLC, en ingl\u00e9s), Fatima Gross Graves, record\u00f3 que esta es una muestra de que las agresiones sexuales y la conducta inapropiada siguen estando presentes de manera generalizada y que todav\u00eda se estigmatiza a las v\u00edctimas que dan un paso para denunciar a sus agresores.<\/p>\n\n\n\n<p>\u00abEl recordatorio m\u00e1s importante es que un caso (legal) famoso no nos define (&#8230;) Gracias a las sobrevivientes, ya estamos ganando, sin importar los pasos atr\u00e1s\u00bb, dijo Gross Graves, cofundadora del Fondo Legal Time&#8217;s Up del NWLC, que desde su lanzamiento en 2018 ha apoyado econ\u00f3micamente a m\u00e1s de 400 casos legales de acoso sexual y represalias en el trabajo.<\/p>\n\n\n\n<p><em>[Con informaci\u00f3n de Reuters y AP]<\/em><\/p>\n","protected":false},"excerpt":{"rendered":"<p>ARCHIVO &#8211; Harvey Weinstein llega al Tribunal Penal de Manhattan, el 21 de febrero de 2020, en la ciudad de Nueva York. abril 26, 2024 &nbsp;Vea comentarios La revocaci\u00f3n en Nueva York de la sentencia por abuso sexual contra el exproductor Harvey Weinstein tom\u00f3 por sorpresa al movimiento #MeToo, que reaccion\u00f3 con un llamado renovado [&hellip;]<\/p>\n","protected":false},"author":28,"featured_media":526917,"comment_status":"closed","ping_status":"closed","sticky":false,"template":"","format":"standard","meta":{"footnotes":""},"categories":[25,24],"tags":[],"class_list":["post-526916","post","type-post","status-publish","format-standard","has-post-thumbnail","hentry","category-gente","category-justicia-y-derecho"],"_links":{"self":[{"href":"https:\/\/diariodominicano.com\/index.php?rest_route=\/wp\/v2\/posts\/526916","targetHints":{"allow":["GET"]}}],"collection":[{"href":"https:\/\/diariodominicano.com\/index.php?rest_route=\/wp\/v2\/posts"}],"about":[{"href":"https:\/\/diariodominicano.com\/index.php?rest_route=\/wp\/v2\/types\/post"}],"author":[{"embeddable":true,"href":"https:\/\/diariodominicano.com\/index.php?rest_route=\/wp\/v2\/users\/28"}],"replies":[{"embeddable":true,"href":"https:\/\/diariodominicano.com\/index.php?rest_route=%2Fwp%2Fv2%2Fcomments&post=526916"}],"version-history":[{"count":1,"href":"https:\/\/diariodominicano.com\/index.php?rest_route=\/wp\/v2\/posts\/526916\/revisions"}],"predecessor-version":[{"id":526918,"href":"https:\/\/diariodominicano.com\/index.php?rest_route=\/wp\/v2\/posts\/526916\/revisions\/526918"}],"wp:featuredmedia":[{"embeddable":true,"href":"https:\/\/diariodominicano.com\/index.php?rest_route=\/wp\/v2\/media\/526917"}],"wp:attachment":[{"href":"https:\/\/diariodominicano.com\/index.php?rest_route=%2Fwp%2Fv2%2Fmedia&parent=526916"}],"wp:term":[{"taxonomy":"category","embeddable":true,"href":"https:\/\/diariodominicano.com\/index.php?rest_route=%2Fwp%2Fv2%2Fcategories&post=526916"},{"taxonomy":"post_tag","embeddable":true,"href":"https:\/\/diariodominicano.com\/index.php?rest_route=%2Fwp%2Fv2%2Ftags&post=526916"}],"curies":[{"name":"wp","href":"https:\/\/api.w.org\/{rel}","templated":true}]}}