{"id":52685,"date":"2020-06-18T13:19:44","date_gmt":"2020-06-18T13:19:44","guid":{"rendered":"http:\/\/diariodominicano.ddns.net\/?p=52685"},"modified":"2020-06-18T13:19:44","modified_gmt":"2020-06-18T13:19:44","slug":"canadiense-anne-carson-gana-el-princesa-de-asturias-de-las-letras","status":"publish","type":"post","link":"https:\/\/diariodominicano.com\/?p=52685","title":{"rendered":"&#13;Canadiense Anne Carson gana el Princesa de Asturias de las Letras"},"content":{"rendered":"<p><body><\/p>\n<p><img decoding=\"async\" src=\"img3\/AnneCarson18-6-20.jpg\" \/>  <\/p>\n<p><span class=\"text1noticias\"> diariodominicano.com <\/span><\/p>\n<p><span class=\"text1noticias\"> <\/span><\/p>\n<p><span class=\"text1noticias\">Madrid, 18 jun (Prensa Latina) La escritora canadiense Anne Carson fue distinguida hoy en Espa\u00f1a con el Premio Princesa de Asturias de las Letras 2020, anunci\u00f3 el jurado encargado de conceder el galard\u00f3n.<\/span><\/p>\n<p><span class=\"text1noticias\"> <\/span><\/p>\n<p><span class=\"text1noticias\">Autora de la novela en verso Autobiography of Red, Carson (Toronto, Canad\u00e1, 1950) &#8216;ha alcanzado unas cotas de intensidad y solvencia intelectual que la sit\u00faan entre los escritores m\u00e1s destacados del presente&#8217; en la literatura anglosajona, seg\u00fan el acta del jurado.<\/span><\/p>\n<p><span class=\"text1noticias\"> <\/span><\/p>\n<p><span class=\"text1noticias\">Desde el estudio del mundo grecolatino construy\u00f3 una po\u00e9tica innovadora, donde la vitalidad del gran pensamiento cl\u00e1sico funciona a la manera de un mapa que invita a dilucidar las complejidades del momento actual&#8217;, destaca sobre la poeta y ensayista.<\/span><\/p>\n<p><span class=\"text1noticias\"> <\/span><\/p>\n<p><span class=\"text1noticias\">&#8216;Su obra mantiene un compromiso con la emoci\u00f3n y el pensamiento, con el estudio de la tradici\u00f3n y la presencia renovada de las Humanidades como una manera de alcanzar mejor conciencia de nuestro tiempo&#8217;, se\u00f1ala la fundaci\u00f3n que concede los prestigiosos premios.<\/span><\/p>\n<p><span class=\"text1noticias\"> <\/span><\/p>\n<p><span class=\"text1noticias\">En su fallo, el jurado elogi\u00f3 a Carson como una de las escritoras m\u00e1s exquisitas y eruditas de la literatura contempor\u00e1nea, autora de &#8216;una obra hipn\u00f3tica, en la que fusiona estilos, referencias y formatos, y apuesta por lo h\u00edbrido entre lo grecolatino, lo medieval y lo contempor\u00e1neo&#8217;.<\/span><\/p>\n<p><span class=\"text1noticias\"> <\/span><\/p>\n<p><span class=\"text1noticias\">El de las Letras es el sexto de los ocho premios Princesa de Asturias 2020 en otorgarse, tras el de la Concordia a los sanitarios espa\u00f1oles por su entrega y sacrificio frente al coronavirus SARS-Cov-2.<\/span><\/p>\n<p><span class=\"text1noticias\"> <\/span><\/p>\n<p><span class=\"text1noticias\">En d\u00edas pasados se concedieron el de las Artes, que recay\u00f3 en los compositores de bandas sonaras de cl\u00e1sicos del cine Ennio Morricone y John Williams, y el de Comunicaci\u00f3n y Humanidades para la Feria del Libro de Guadalajara (M\u00e9xico) y el Hay Festival de literatura (Gales).<\/span><\/p>\n<p><span class=\"text1noticias\"> <\/span><\/p>\n<p><span class=\"text1noticias\">Luego llegaron el de Ciencias Sociales, concedido al economista turco Dani Rodrik, y el de los Deportes para el veterano piloto espa\u00f1ol Carlos Sainz.<\/span><\/p>\n<p><span class=\"text1noticias\"> <\/span><\/p>\n<p><span class=\"text1noticias\">Considerados los Nobel del mundo hispano, distinguen a personas o instituciones relevantes en los \u00e1mbitos de las artes, la cooperaci\u00f3n internacional, la concordia, las ciencias sociales, la comunicaci\u00f3n y las humanidades, el deporte, la investigaci\u00f3n cient\u00edfica y las letras.<\/span><\/p>\n<p><span class=\"text1noticias\"> <\/span><\/p>\n<p><span class=\"text1noticias\">Los Premios Princesa de Asturias, que este a\u00f1o alcanzan su cuadrag\u00e9sima edici\u00f3n, ser\u00e1n entregados durante una gala en octubre en Oviedo, capital de la norte\u00f1a regi\u00f3n espa\u00f1ola de Asturias, presidida por los reyes Felipe VI y Letizi<\/span>a.<\/p>\n<\/p>\n<p>npg\/edu<\/p>\n<h6> 2020-06-18 13:19:44 <\/h6>\n<p><!--\n<link rel=\"stylesheet\" href=\"css\/bootstrap.min.css\">\n\n\n<ul class=\"pagination\">\n\t    \n\t\n\n<li >\n\t<a href='?page_no=499'>Previous<\/a>\n\t<\/li>\n\n\n       \n    \n\n<li><a href='?page_no=1'>1<\/a><\/li>\n\n\n\n<li><a href='?page_no=2'>2<\/a><\/li>\n\n\n\n<li><a>...<\/a><\/li>\n\n\n\n<li><a href='?page_no=498'>498<\/a><\/li>\n\n\n\n<li><a href='?page_no=499'>499<\/a><\/li>\n\n\n\n<li class='active'><a>500<\/a><\/li>\n\n\n\n<li><a href='?page_no=501'>501<\/a><\/li>\n\n\n\n<li><a href='?page_no=502'>502<\/a><\/li>\n\n\n\n<li><a>...<\/a><\/li>\n\n\n\n<li><a href='?page_no=22911'>22911<\/a><\/li>\n\n\n\n<li><a href='?page_no=22912'>22912<\/a><\/li>\n\n    \n\t\n\n<li >\n\t<a href='?page_no=501'>Next<\/a>\n\t<\/li>\n\n\n    \n\n<li><a href='?page_no=22912'>Last &rsaquo;&rsaquo;<\/a><\/li>\n\n<\/ul>\n\n\n--><br \/>\n<\/body><\/p>\n","protected":false},"excerpt":{"rendered":"<p>diariodominicano.com Madrid, 18 jun (Prensa Latina) La escritora canadiense Anne Carson fue distinguida hoy en Espa\u00f1a con el Premio Princesa de Asturias de las Letras 2020, anunci\u00f3 el jurado encargado de conceder el galard\u00f3n. Autora de la novela en verso Autobiography of Red, Carson (Toronto, Canad\u00e1, 1950) &#8216;ha alcanzado unas cotas de intensidad y solvencia [&hellip;]<\/p>\n","protected":false},"author":3,"featured_media":0,"comment_status":"open","ping_status":"open","sticky":false,"template":"","format":"standard","meta":{"footnotes":""},"categories":[21],"tags":[],"class_list":["post-52685","post","type-post","status-publish","format-standard","hentry","category-cultura"],"_links":{"self":[{"href":"https:\/\/diariodominicano.com\/index.php?rest_route=\/wp\/v2\/posts\/52685","targetHints":{"allow":["GET"]}}],"collection":[{"href":"https:\/\/diariodominicano.com\/index.php?rest_route=\/wp\/v2\/posts"}],"about":[{"href":"https:\/\/diariodominicano.com\/index.php?rest_route=\/wp\/v2\/types\/post"}],"author":[{"embeddable":true,"href":"https:\/\/diariodominicano.com\/index.php?rest_route=\/wp\/v2\/users\/3"}],"replies":[{"embeddable":true,"href":"https:\/\/diariodominicano.com\/index.php?rest_route=%2Fwp%2Fv2%2Fcomments&post=52685"}],"version-history":[{"count":0,"href":"https:\/\/diariodominicano.com\/index.php?rest_route=\/wp\/v2\/posts\/52685\/revisions"}],"wp:attachment":[{"href":"https:\/\/diariodominicano.com\/index.php?rest_route=%2Fwp%2Fv2%2Fmedia&parent=52685"}],"wp:term":[{"taxonomy":"category","embeddable":true,"href":"https:\/\/diariodominicano.com\/index.php?rest_route=%2Fwp%2Fv2%2Fcategories&post=52685"},{"taxonomy":"post_tag","embeddable":true,"href":"https:\/\/diariodominicano.com\/index.php?rest_route=%2Fwp%2Fv2%2Ftags&post=52685"}],"curies":[{"name":"wp","href":"https:\/\/api.w.org\/{rel}","templated":true}]}}