{"id":52672,"date":"2020-06-18T13:58:43","date_gmt":"2020-06-18T13:58:43","guid":{"rendered":"http:\/\/diariodominicano.ddns.net\/?p=52672"},"modified":"2020-06-18T13:58:43","modified_gmt":"2020-06-18T13:58:43","slug":"ministro-de-educacion-niega-haya-intencion-de-eliminar-jornada-escolar-extendida","status":"publish","type":"post","link":"https:\/\/diariodominicano.com\/?p=52672","title":{"rendered":"Ministro de Educaci\u00f3n niega haya intenci\u00f3n de eliminar Jornada Escolar Extendida"},"content":{"rendered":"<p><body><\/p>\n<p><img decoding=\"async\" src=\"img3\/AntPenaM18-6-20.jpg\" \/>  <\/p>\n<p><span class=\"text1noticias\">diariodominicano.com  <\/span><\/p>\n<p><span class=\"text1noticias\"> <\/span><\/p>\n<p><span class=\"text1noticias\"> Santo Domingo, R. D., 18 de junio, 2020.- El ministro de Educaci\u00f3n, Antonio Pe\u00f1a Mirabal, neg\u00f3 de manera categ\u00f3rica que exista la posibilidad de eliminar la Jornada Escolar Extendida (JEE) en las escuelas, ya que ha sido el principal logro de la actual gesti\u00f3n del presidente Danilo Medina, donde se puso en marcha la Revoluci\u00f3n Educativa.<\/span><\/p>\n<p><span class=\"text1noticias\"> <\/span><\/p>\n<p><span class=\"text1noticias\">El titular del Ministerio de Educaci\u00f3n (MINERD) dijo que una decisi\u00f3n de eliminar la JEE no es facultad del ministro, sino del Consejo Nacional de Educaci\u00f3n (CNE), organismo que la aprob\u00f3 para garantizar mejoras significativas en el proceso de ense\u00f1anza-aprendizaje de la comunidad educativa, puntualmente en los estudiantes.<\/span><\/p>\n<p><span class=\"text1noticias\"> <\/span><\/p>\n<p><span class=\"text1noticias\">Aclar\u00f3 que se trata de un borrador lo que ha salido a la luz p\u00fablica que  est\u00e1 siendo discutido  actualmente por una comisi\u00f3n seleccionada por el CNE para elaborar un protocolo que garantice la seguridad de la comunidad educativa en la reapertura del a\u00f1o escolar y \u00abninguna de las propuestas conocidas hasta el momento, plantean la eliminaci\u00f3n de la tanda extendida, sino que se est\u00e1n buscando mecanismos para que la salud de los estudiantes, docentes y personal administrativo dentro y fuera de las escuelas no se vea amenazada\u00bb.<\/span><\/p>\n<p><span class=\"text1noticias\"> <\/span><\/p>\n<p><span class=\"text1noticias\">Pe\u00f1a Mirabal precis\u00f3 que el principal logro de la Revoluci\u00f3n Educativa no puede ser eliminado porque m\u00e1s de 1.4 millones de estudiantes son impactados directamente por esa modalidad, adem\u00e1s de los beneficios que conlleva todo este sistema educativo.<\/span><\/p>\n<p><span class=\"text1noticias\"> <\/span><\/p>\n<p><span class=\"text1noticias\">Adem\u00e1s, asegur\u00f3 que ya el 75 % de los centros educativos del pa\u00eds est\u00e1n en Jornada Escolar Extendida (JEE), pasando de unos 25 que eran en el 2012 a m\u00e1s de 5 mil en la actualidad, lo que evidencia una verdadera Revoluci\u00f3n Educativa en el pa\u00eds.<\/span><\/p>\n<p><span class=\"text1noticias\"> <\/span><\/p>\n<p><span class=\"text1noticias\"> <\/span><\/p>\n<\/p>\n<p><span class=\"text1noticias\"> <\/span><\/p>\n<p><span class=\"text1noticias\">Alrededor de 5,300 escuelas y liceos tienen tandas desde las 8:00 de la ma\u00f1ana hasta las 4:00 de la tarde con desayuno, dos meriendas y almuerzo, adem\u00e1s de uniformes para los estudiantes, \u00fatiles escolares, escuelas nuevas y una computadora de \u00faltima generaci\u00f3n a trav\u00e9s del programa Rep\u00fablica Digital Educaci\u00f3n.<\/span><\/p>\n<p><span class=\"text1noticias\"> <\/span><\/p>\n<p><span class=\"text1noticias\">Destac\u00f3 que la tanda extendida es parte de los cinco pilares que sustentan la pol\u00edtica educativa del presidente Danilo Medina S\u00e1nchez, junto a la atenci\u00f3n a la primera infancia, el redise\u00f1o curricular, el programa de alfabetizaci\u00f3n y carrera. Agreg\u00f3 que a estos logros se suma el desarrollo profesional de los docentes, y la construcci\u00f3n de miles de aulas.<\/span><\/p>\n<p><span class=\"text1noticias\"> <\/span><\/p>\n<p><span class=\"text1noticias\"> <\/span><\/p>\n<p><span class=\"text1noticias\"> <\/span><\/p>\n<p><span class=\"text1noticias\"> Direcci\u00f3n de Comunicaci\u00f3n y Relaciones P\u00fablicas<\/span><\/p>\n<p><span class=\"text1noticias\"> <\/span><\/p>\n<p><span class=\"text1noticias\">18 de junio del 2020<\/span><\/p>\n<p><span class=\"text1noticias\"> <\/span><\/p>\n<p><span class=\"text1noticias\"> <\/span><\/p>\n<p><span class=\"text1noticias\">Licda. Magdalena Nu\u00f1ez<\/span><\/p>\n<p><span class=\"text1noticias\">Enc. Relaciones P\u00fablicas<\/span><\/p>\n<p><span class=\"text1noticias\">Cel.(829) 421-2264<\/span><\/p>\n<p><span class=\"text1noticias\">Tel. (809) 688-9700 Ex<\/span>t.3569<\/p>\n<p>Prensa MINERD<\/p>\n<h6> 2020-06-18 13:58:43 <\/h6>\n<p><!--\n<link rel=\"stylesheet\" href=\"css\/bootstrap.min.css\">\n\n\n<ul class=\"pagination\">\n\t    \n\t\n\n<li >\n\t<a href='?page_no=498'>Previous<\/a>\n\t<\/li>\n\n\n       \n    \n\n<li><a href='?page_no=1'>1<\/a><\/li>\n\n\n\n<li><a href='?page_no=2'>2<\/a><\/li>\n\n\n\n<li><a>...<\/a><\/li>\n\n\n\n<li><a href='?page_no=497'>497<\/a><\/li>\n\n\n\n<li><a href='?page_no=498'>498<\/a><\/li>\n\n\n\n<li class='active'><a>499<\/a><\/li>\n\n\n\n<li><a href='?page_no=500'>500<\/a><\/li>\n\n\n\n<li><a href='?page_no=501'>501<\/a><\/li>\n\n\n\n<li><a>...<\/a><\/li>\n\n\n\n<li><a href='?page_no=22911'>22911<\/a><\/li>\n\n\n\n<li><a href='?page_no=22912'>22912<\/a><\/li>\n\n    \n\t\n\n<li >\n\t<a href='?page_no=500'>Next<\/a>\n\t<\/li>\n\n\n    \n\n<li><a href='?page_no=22912'>Last &rsaquo;&rsaquo;<\/a><\/li>\n\n<\/ul>\n\n\n--><br \/>\n<\/body><\/p>\n","protected":false},"excerpt":{"rendered":"<p>diariodominicano.com Santo Domingo, R. D., 18 de junio, 2020.- El ministro de Educaci\u00f3n, Antonio Pe\u00f1a Mirabal, neg\u00f3 de manera categ\u00f3rica que exista la posibilidad de eliminar la Jornada Escolar Extendida (JEE) en las escuelas, ya que ha sido el principal logro de la actual gesti\u00f3n del presidente Danilo Medina, donde se puso en marcha la [&hellip;]<\/p>\n","protected":false},"author":3,"featured_media":0,"comment_status":"open","ping_status":"open","sticky":false,"template":"","format":"standard","meta":{"footnotes":""},"categories":[21],"tags":[],"class_list":["post-52672","post","type-post","status-publish","format-standard","hentry","category-cultura"],"_links":{"self":[{"href":"https:\/\/diariodominicano.com\/index.php?rest_route=\/wp\/v2\/posts\/52672","targetHints":{"allow":["GET"]}}],"collection":[{"href":"https:\/\/diariodominicano.com\/index.php?rest_route=\/wp\/v2\/posts"}],"about":[{"href":"https:\/\/diariodominicano.com\/index.php?rest_route=\/wp\/v2\/types\/post"}],"author":[{"embeddable":true,"href":"https:\/\/diariodominicano.com\/index.php?rest_route=\/wp\/v2\/users\/3"}],"replies":[{"embeddable":true,"href":"https:\/\/diariodominicano.com\/index.php?rest_route=%2Fwp%2Fv2%2Fcomments&post=52672"}],"version-history":[{"count":0,"href":"https:\/\/diariodominicano.com\/index.php?rest_route=\/wp\/v2\/posts\/52672\/revisions"}],"wp:attachment":[{"href":"https:\/\/diariodominicano.com\/index.php?rest_route=%2Fwp%2Fv2%2Fmedia&parent=52672"}],"wp:term":[{"taxonomy":"category","embeddable":true,"href":"https:\/\/diariodominicano.com\/index.php?rest_route=%2Fwp%2Fv2%2Fcategories&post=52672"},{"taxonomy":"post_tag","embeddable":true,"href":"https:\/\/diariodominicano.com\/index.php?rest_route=%2Fwp%2Fv2%2Ftags&post=52672"}],"curies":[{"name":"wp","href":"https:\/\/api.w.org\/{rel}","templated":true}]}}