{"id":526693,"date":"2024-04-26T10:54:21","date_gmt":"2024-04-26T14:54:21","guid":{"rendered":"https:\/\/diariodominicano.com\/?p=526693"},"modified":"2024-04-26T10:54:29","modified_gmt":"2024-04-26T14:54:29","slug":"caricom-confiada-en-que-el-consejo-presidencial-de-transicion-en-haiti-solucione-crisis-en-haiti","status":"publish","type":"post","link":"https:\/\/diariodominicano.com\/?p=526693","title":{"rendered":"Caricom confiada en que el Consejo Presidencial de Transici\u00f3n en Hait\u00ed solucione crisis en Hait\u00ed"},"content":{"rendered":"\n<p>diariodominicano.com<\/p>\n\n\n\n<p>Georgetown, 26 abr (Prensa Latina) La Comunidad del Caribe (Caricom) conf\u00eda hoy en que la instalaci\u00f3n del Consejo Presidencial de Transici\u00f3n en Hait\u00ed fructifique en consensos y conduzca hacia una salida al caos, agravado por las acciones de las pandillas.<\/p>\n\n\n\n<p>Para el bloque integracionista la formalizaci\u00f3n de dicho \u00f3rgano es un logro significativo en un proceso liderado por los propios haitianos, y al mismo tiempo constituye una oportunidad para trazar la hoja de ruta que conlleve al retorno de un gobierno constitucional, la estabilidad y el desarrollo sostenible del Estado franc\u00f3fono.<\/p>\n\n\n\n<p>Si bien remarc\u00f3 los desaf\u00edos por delante para el trabajo del Consejo, Caricom se refiri\u00f3 a los compromisos del mismo y recalc\u00f3 su voluntad de acompa\u00f1arlo en los esfuerzos por restablecer el orden y el funcionamiento apropiado de las instituciones p\u00fablicas en aquel pa\u00eds. \u201cLa naturaleza inclusive y representativa del Consejo, que no tiene precendentes en Hait\u00ed, por s\u00ed es significativa. La Comunidad desea al Consejo gran \u00e9xito mientras se embarca en una tarea hist\u00f3rica por el bien del pueblo\u201d, concluy\u00f3 el grupo caribe\u00f1o en un comunicado.<\/p>\n\n\n\n<p>El organismo haitiano es el encargado de elegir al pr\u00f3ximo primer ministro y al gabinete, y ayer qued\u00f3 formalmente instalado, pocos d\u00edas despu\u00e9s que cerraron las negociaciones sobre la definici\u00f3n de sus nueve miembros.<\/p>\n\n\n\n<p>El mecanismo lo integran, entre otros, integrantes del Petit Desalin, un partido encabezado por el exsenador y candidato presidencial Jean-Charles Mo\u00efse; EDE\/RED, que dirige el ex primer ministro Claude Joseph; y Montana Accord, un grupo de l\u00edderes de la sociedad civil y de otras formaciones pol\u00edticas.<\/p>\n\n\n\n<p>mem\/ymr<\/p>\n\n\n\n<ul class=\"wp-block-list\"><\/ul>\n","protected":false},"excerpt":{"rendered":"<p>diariodominicano.com Georgetown, 26 abr (Prensa Latina) La Comunidad del Caribe (Caricom) conf\u00eda hoy en que la instalaci\u00f3n del Consejo Presidencial de Transici\u00f3n en Hait\u00ed fructifique en consensos y conduzca hacia una salida al caos, agravado por las acciones de las pandillas. Para el bloque integracionista la formalizaci\u00f3n de dicho \u00f3rgano es un logro significativo en [&hellip;]<\/p>\n","protected":false},"author":5,"featured_media":526694,"comment_status":"closed","ping_status":"closed","sticky":true,"template":"","format":"standard","meta":{"footnotes":""},"categories":[112,23,27],"tags":[],"class_list":["post-526693","post","type-post","status-publish","format-standard","has-post-thumbnail","hentry","category-haiti","category-internacional","category-portada"],"_links":{"self":[{"href":"https:\/\/diariodominicano.com\/index.php?rest_route=\/wp\/v2\/posts\/526693","targetHints":{"allow":["GET"]}}],"collection":[{"href":"https:\/\/diariodominicano.com\/index.php?rest_route=\/wp\/v2\/posts"}],"about":[{"href":"https:\/\/diariodominicano.com\/index.php?rest_route=\/wp\/v2\/types\/post"}],"author":[{"embeddable":true,"href":"https:\/\/diariodominicano.com\/index.php?rest_route=\/wp\/v2\/users\/5"}],"replies":[{"embeddable":true,"href":"https:\/\/diariodominicano.com\/index.php?rest_route=%2Fwp%2Fv2%2Fcomments&post=526693"}],"version-history":[{"count":1,"href":"https:\/\/diariodominicano.com\/index.php?rest_route=\/wp\/v2\/posts\/526693\/revisions"}],"predecessor-version":[{"id":526695,"href":"https:\/\/diariodominicano.com\/index.php?rest_route=\/wp\/v2\/posts\/526693\/revisions\/526695"}],"wp:featuredmedia":[{"embeddable":true,"href":"https:\/\/diariodominicano.com\/index.php?rest_route=\/wp\/v2\/media\/526694"}],"wp:attachment":[{"href":"https:\/\/diariodominicano.com\/index.php?rest_route=%2Fwp%2Fv2%2Fmedia&parent=526693"}],"wp:term":[{"taxonomy":"category","embeddable":true,"href":"https:\/\/diariodominicano.com\/index.php?rest_route=%2Fwp%2Fv2%2Fcategories&post=526693"},{"taxonomy":"post_tag","embeddable":true,"href":"https:\/\/diariodominicano.com\/index.php?rest_route=%2Fwp%2Fv2%2Ftags&post=526693"}],"curies":[{"name":"wp","href":"https:\/\/api.w.org\/{rel}","templated":true}]}}