{"id":526690,"date":"2024-04-26T10:42:33","date_gmt":"2024-04-26T14:42:33","guid":{"rendered":"https:\/\/diariodominicano.com\/?p=526690"},"modified":"2024-04-26T12:02:25","modified_gmt":"2024-04-26T16:02:25","slug":"conani-inaugura-nuevo-hogar-de-paso-en-boca-chica","status":"publish","type":"post","link":"https:\/\/diariodominicano.com\/?p=526690","title":{"rendered":"Conani inaugura nuevo hogar de paso en Boca Chica"},"content":{"rendered":"\n<p>diariodominicano.com<\/p>\n\n\n\n<p>Santo Domingo, R. D.,\u200226 de abril, 2024.-\u2002El Consejo Nacional para la Ni\u00f1ez y la Adolescencia (Conani) inaugur\u00f3 el jueves un nuevo hogar de paso en Boca Chica, donde tendr\u00e1 disponibilidad para 12 ni\u00f1os de sexo masculino, en situaci\u00f3n de vulnerabilidad, cuyas edades oscilen entre 6 y 11 a\u00f1os.<\/p>\n\n\n\n<p>El inmueble fue cedido a modo de pr\u00e9stamo por la se\u00f1ora Avis Soto, su propietaria, v\u00eda el Ayuntamiento Municipal de Boca Chica, con el objetivo de dar respuesta oportuna a ni\u00f1os en situaci\u00f3n de vulnerabilidad y riesgo.<\/p>\n\n\n\n<p>La infraestructura cuenta con dos \u00e1reas de oficinas, una sala\/comedor, una enfermer\u00eda, dos dormitorios, dos ba\u00f1os internos y medio ba\u00f1o de servicio en el \u00e1rea exterior, cocina, terraza, un \u00e1rea de almacenamiento de alimentos, un almac\u00e9n exterior para otros insumos y un balc\u00f3n.<\/p>\n\n\n\n<p>Adem\u00e1s, dispone de un patio y un sistema de reservorio de agua.<\/p>\n\n\n\n<p>Durante el acto de inauguraci\u00f3n, la presidenta ejecutiva del Conani, la doctora Luisa Ovando, explic\u00f3 que en cada hogar de paso se cuenta con un equipo multidisciplinario (trabajo social, psicolog\u00eda, educaci\u00f3n y salud) para favorecer la atenci\u00f3n integral a cada ni\u00f1o, ni\u00f1a y adolescente, con la participaci\u00f3n de gu\u00edas que les acompa\u00f1an. Desde el enfoque de protecci\u00f3n y restituci\u00f3n de derechos se avanza hacia la atenci\u00f3n individualizada, con grupos m\u00e1s peque\u00f1os y organizados de acuerdo con el tipo de perfil y motivo de ingreso, lo que favorece un abordaje m\u00e1s focalizado.<\/p>\n\n\n\n<p>Ovando indic\u00f3 adem\u00e1s, que la apertura de este hogar en Boca Chica significa un paso m\u00e1s hacia un modelo de atenci\u00f3n integral.<\/p>\n\n\n\n<p>Rosa Morillo, directora de Hogares de Paso del Conani, se\u00f1al\u00f3 que todo el quehacer de los hogares de paso tributa a la restituci\u00f3n de derechos y a la reintegraci\u00f3n familiar. \u201cCon la apertura de este hogar continuaremos en esa ardua pero hermosa labor\u201d, concluy\u00f3.<\/p>\n\n\n\n<p>De su lado, Nelly N\u00fa\u00f1ez, vicealcaldesa de Boca Chica, tom\u00f3 la palabra en representaci\u00f3n del alcalde del municipio, Ram\u00f3n Candelaria, y reiter\u00f3 el compromiso con la causa de la alcald\u00eda y destac\u00f3 la relevancia que le ha dado el gobierno que encabeza el presidente de la Rep\u00fablica, Luis Abinader, al sector ni\u00f1ez desde el inicio de su gesti\u00f3n.<\/p>\n\n\n\n<p>Un momento emotivo tuvo lugar cuando la se\u00f1ora Avis Soto, propietaria de la vivienda que hoy acoge este hogar de paso, confes\u00f3 lo importante que resulta para ella y su familia aportar a la comunidad de Boca Chica y, en especial, a los ni\u00f1os, las ni\u00f1as y adolescentes en situaci\u00f3n de vulnerabilidad.<\/p>\n\n\n\n<p>Luc\u00eda Florentino, directora de la Mesa de Seguridad, Ciudadan\u00eda y G\u00e9nero, indic\u00f3 que en Boca Chica se produce un antes y un despu\u00e9s con este hogar de paso, porque va a garantizar los derechos fundamentales de los ni\u00f1os de una manera oportuna y efectiva.<\/p>\n\n\n\n<p>El ingreso de ni\u00f1os, ni\u00f1as y adolescentes a hogares de paso es por definici\u00f3n una medida provisional a solicitud del Ministerio P\u00fablico mediante una solicitud de remisi\u00f3n de un fiscal o una orden de protecci\u00f3n emitida por un juez y estos espacios se conciben como espacios amigables en los que los menores de edad se sienten seguros, protegidos y cuidados, y en contacto seguro con sus familiares.<\/p>\n\n\n\n<p>Este local cuenta con mobiliario y equipos adquiridos por Conani y otros que fueron donados por AES Dominicana, el Ayuntamiento de Boca Chica, el Cl\u00faster de Turismo de Boca Chica y la Alcald\u00eda de La Caleta.<\/p>\n\n\n\n<p>En la actividad tambi\u00e9n estuvieron presentes, entre otras personalidades, Alexandra Santelises, directora ejecutiva del Conani; Olga Din\u00e1, titular de la Direcci\u00f3n Nacional de Ni\u00f1os, Ni\u00f1as, Adolescentes y Familia; Julia Drullard, gobernadora de la provincia Santo Domingo; Josefa Castillo, superintendente de Seguros; \u00c1ngela J\u00e1quez, viceministra de Seguridad Preventiva de los Gobiernos Provinciales, del Ministerio de Interior y Polic\u00eda (MIP); y representantes de la C\u00e1mara de Diputados, AES Dominicana, Cl\u00faster Tur\u00edstico de Boca Chica y Politur.<\/p>\n\n\n\n<p>Departamento de Comunicaciones<\/p>\n\n\n\n<p><strong>Consejo Nacional para la Ni\u00f1ez y la Adolescencia.<\/strong><\/p>\n","protected":false},"excerpt":{"rendered":"<p>diariodominicano.com Santo Domingo, R. D.,\u200226 de abril, 2024.-\u2002El Consejo Nacional para la Ni\u00f1ez y la Adolescencia (Conani) inaugur\u00f3 el jueves un nuevo hogar de paso en Boca Chica, donde tendr\u00e1 disponibilidad para 12 ni\u00f1os de sexo masculino, en situaci\u00f3n de vulnerabilidad, cuyas edades oscilen entre 6 y 11 a\u00f1os. El inmueble fue cedido a modo [&hellip;]<\/p>\n","protected":false},"author":5,"featured_media":526691,"comment_status":"closed","ping_status":"closed","sticky":true,"template":"","format":"standard","meta":{"footnotes":""},"categories":[20,27],"tags":[],"class_list":["post-526690","post","type-post","status-publish","format-standard","has-post-thumbnail","hentry","category-dominicana-hoy","category-portada"],"_links":{"self":[{"href":"https:\/\/diariodominicano.com\/index.php?rest_route=\/wp\/v2\/posts\/526690","targetHints":{"allow":["GET"]}}],"collection":[{"href":"https:\/\/diariodominicano.com\/index.php?rest_route=\/wp\/v2\/posts"}],"about":[{"href":"https:\/\/diariodominicano.com\/index.php?rest_route=\/wp\/v2\/types\/post"}],"author":[{"embeddable":true,"href":"https:\/\/diariodominicano.com\/index.php?rest_route=\/wp\/v2\/users\/5"}],"replies":[{"embeddable":true,"href":"https:\/\/diariodominicano.com\/index.php?rest_route=%2Fwp%2Fv2%2Fcomments&post=526690"}],"version-history":[{"count":2,"href":"https:\/\/diariodominicano.com\/index.php?rest_route=\/wp\/v2\/posts\/526690\/revisions"}],"predecessor-version":[{"id":526704,"href":"https:\/\/diariodominicano.com\/index.php?rest_route=\/wp\/v2\/posts\/526690\/revisions\/526704"}],"wp:featuredmedia":[{"embeddable":true,"href":"https:\/\/diariodominicano.com\/index.php?rest_route=\/wp\/v2\/media\/526691"}],"wp:attachment":[{"href":"https:\/\/diariodominicano.com\/index.php?rest_route=%2Fwp%2Fv2%2Fmedia&parent=526690"}],"wp:term":[{"taxonomy":"category","embeddable":true,"href":"https:\/\/diariodominicano.com\/index.php?rest_route=%2Fwp%2Fv2%2Fcategories&post=526690"},{"taxonomy":"post_tag","embeddable":true,"href":"https:\/\/diariodominicano.com\/index.php?rest_route=%2Fwp%2Fv2%2Ftags&post=526690"}],"curies":[{"name":"wp","href":"https:\/\/api.w.org\/{rel}","templated":true}]}}