{"id":526618,"date":"2024-04-25T23:49:55","date_gmt":"2024-04-26T03:49:55","guid":{"rendered":"https:\/\/diariodominicano.com\/?p=526618"},"modified":"2024-04-26T03:19:47","modified_gmt":"2024-04-26T07:19:47","slug":"puerto-rico-rinde-tributo-a-heroe-nacionalista-heriberto-marin","status":"publish","type":"post","link":"https:\/\/diariodominicano.com\/?p=526618","title":{"rendered":"Puerto Rico rinde tributo a h\u00e9roe nacionalista Heriberto Mar\u00edn"},"content":{"rendered":"\n<p>San Juan, 25 abr (Prensa Latina) El exprisionero pol\u00edtico Heriberto Mar\u00edn, sobreviviente de la Revoluci\u00f3n Nacionalista de 1950, fue exaltado hoy en Puerto Rico al inaugurarse el 49 Festival de Apoyo a Claridad, semanario independentista fundado en 1959 <\/p>\n\n\n\n<p>Mar\u00edn, de 95 a\u00f1os de edad, expres\u00f3 que hay que marchar unidos para solucionar la tragedia de nuestra patria frente a los dos partidos colonialistas: el anexionista Nuevo Progresista (PNP) y el Popular Democr\u00e1tico (PPD).<\/p>\n\n\n\n<p>El escritor puertorrique\u00f1o combati\u00f3 en la Revoluci\u00f3n Nacionalista de 1950, promovida por el patricio Pedro Albizu Campos, que antes de que fuera sofocada por las fuerzas militares y la aviaci\u00f3n de Estados Unidos, proclam\u00f3 en Jayuya (centro) la segunda Rep\u00fablica de Puerto Rico, ya que en 1868 se declar\u00f3 en Lares, entonces bajo la dominaci\u00f3n de Espa\u00f1a.<\/p>\n\n\n\n<p>Flanqueado por el candidato a la gobernaci\u00f3n Juan Dalmau Ram\u00edrez, del Partido Independentista Puertorrique\u00f1o (PIP), y el aspirante a la alcald\u00eda de San Juan Manuel Natal Albelo, del Movimiento Victoria Ciudadana (MVC), el h\u00e9roe nacionalista expres\u00f3 su deseo de \u201cdisfrutar el amanecer de una patria nueva\u201d, tras 125 a\u00f1os de dominaci\u00f3n colonial.<\/p>\n\n\n\n<p>Refiri\u00f3 que la lucha del pueblo puertorrique\u00f1o ha estado \u201cabonada con sangre\u201d, al tiempo que aplaudi\u00f3 que el PIP y el MVC persigan dar un giro a la pol\u00edtica isle\u00f1a al unir fuerzas con miras a los comicios de noviembre pr\u00f3ximo.<\/p>\n\n\n\n<p>Mar\u00edn destac\u00f3 la figura hist\u00f3rica del l\u00edder del PIP, Rub\u00e9n Berrios Mart\u00ednez, y la de Juan Mari Br\u00e1s (1927-2010), quien fuera fundador de Claridad junto al periodista y escritor comunista C\u00e9sar Andreu Iglesias (1915-1976), adem\u00e1s de principal dirigente del Movimiento Pro Independencia (MPI), que despu\u00e9s devino en el Partido Socialista Puertorrique\u00f1o.<\/p>\n\n\n\n<p>Durante el acto en la tarima principal del 49 Festival, tras la presentaci\u00f3n de la periodista Millie Gil, y las palabras de agradecimiento, a Mar\u00edn se unieron entre otros los exprisioneros pol\u00edticos.<\/p>\n\n\n\n<p>Estos fueron los casos de Ida Luz y Alicia Rodr\u00edguez, hermanas en las que el poeta revolucionario Juan Antonio Corretjer se inspir\u00f3 para escribir Boricua en la Luna, y Oscar L\u00f3pez Rivera, que pas\u00f3 35 a\u00f1os encarcelado imputado de sedici\u00f3n por el gobierno de Estados Unidos.<\/p>\n\n\n\n<p>rgh\/nrm<\/p>\n","protected":false},"excerpt":{"rendered":"<p>San Juan, 25 abr (Prensa Latina) El exprisionero pol\u00edtico Heriberto Mar\u00edn, sobreviviente de la Revoluci\u00f3n Nacionalista de 1950, fue exaltado hoy en Puerto Rico al inaugurarse el 49 Festival de Apoyo a Claridad, semanario independentista fundado en 1959 Mar\u00edn, de 95 a\u00f1os de edad, expres\u00f3 que hay que marchar unidos para solucionar la tragedia de [&hellip;]<\/p>\n","protected":false},"author":28,"featured_media":526678,"comment_status":"closed","ping_status":"closed","sticky":false,"template":"","format":"standard","meta":{"footnotes":""},"categories":[26,23],"tags":[],"class_list":["post-526618","post","type-post","status-publish","format-standard","has-post-thumbnail","hentry","category-efemerides","category-internacional"],"_links":{"self":[{"href":"https:\/\/diariodominicano.com\/index.php?rest_route=\/wp\/v2\/posts\/526618","targetHints":{"allow":["GET"]}}],"collection":[{"href":"https:\/\/diariodominicano.com\/index.php?rest_route=\/wp\/v2\/posts"}],"about":[{"href":"https:\/\/diariodominicano.com\/index.php?rest_route=\/wp\/v2\/types\/post"}],"author":[{"embeddable":true,"href":"https:\/\/diariodominicano.com\/index.php?rest_route=\/wp\/v2\/users\/28"}],"replies":[{"embeddable":true,"href":"https:\/\/diariodominicano.com\/index.php?rest_route=%2Fwp%2Fv2%2Fcomments&post=526618"}],"version-history":[{"count":2,"href":"https:\/\/diariodominicano.com\/index.php?rest_route=\/wp\/v2\/posts\/526618\/revisions"}],"predecessor-version":[{"id":526680,"href":"https:\/\/diariodominicano.com\/index.php?rest_route=\/wp\/v2\/posts\/526618\/revisions\/526680"}],"wp:featuredmedia":[{"embeddable":true,"href":"https:\/\/diariodominicano.com\/index.php?rest_route=\/wp\/v2\/media\/526678"}],"wp:attachment":[{"href":"https:\/\/diariodominicano.com\/index.php?rest_route=%2Fwp%2Fv2%2Fmedia&parent=526618"}],"wp:term":[{"taxonomy":"category","embeddable":true,"href":"https:\/\/diariodominicano.com\/index.php?rest_route=%2Fwp%2Fv2%2Fcategories&post=526618"},{"taxonomy":"post_tag","embeddable":true,"href":"https:\/\/diariodominicano.com\/index.php?rest_route=%2Fwp%2Fv2%2Ftags&post=526618"}],"curies":[{"name":"wp","href":"https:\/\/api.w.org\/{rel}","templated":true}]}}