{"id":526544,"date":"2024-04-25T20:30:58","date_gmt":"2024-04-26T00:30:58","guid":{"rendered":"https:\/\/diariodominicano.com\/?p=526544"},"modified":"2024-04-25T20:31:06","modified_gmt":"2024-04-26T00:31:06","slug":"gobierno-dominicano-informa-ee-uu-saco-a-rd-de-informe-especial-301-sobre-propiedad-intelectual","status":"publish","type":"post","link":"https:\/\/diariodominicano.com\/?p=526544","title":{"rendered":"Gobierno dominicano informa  EE. UU.\u00a0 sac\u00f3 a RD de Informe Especial 301 sobre Propiedad Intelectual"},"content":{"rendered":"\n<p> El ministro V\u00edctor Bison\u00f3<\/p>\n\n\n\n<ul class=\"wp-block-list\">\n<li>Reporta\u2002el \u00ab<strong><em>MICM lidera acciones que permitieron esta conquista<\/em><\/strong>\u00ab<\/li>\n<\/ul>\n\n\n\n<p><strong>Santo\u00a0 Domingo, D. N.- <\/strong>\u00a0El MICM se\u00f1al\u00f3 en un comunicado de prensa  que \u00abGracias a las medidas\u00a0 adoptadas por el Gobierno que encabeza el presidente Luis Abinader en contra de la pirater\u00eda, por primera vez desde 1996, Estados Unidos (EE. UU.) \u00a0sac\u00f3 a Rep\u00fablica Dominicana de la lista de observaci\u00f3n del Informe Especial 301 sobre Propiedad Intelectual\u00bb.<\/p>\n\n\n\n<p>Inform\u00f3 que la  Oficina del Representante Comercial de EE. UU. (USTR, sigla en ingl\u00e9s) excluy\u00f3 a Rep\u00fablica Dominicana de este <em>ranking <\/em>negativo por las mejoras alcanzadas en la protecci\u00f3n al derecho de propiedad intelectual durante la presente gesti\u00f3n.<\/p>\n\n\n\n<p>\u00abEsta conquista se produjo gracias al liderazgo\u00a0 del Ministerio de Industria, Comercio y Mipymes (MICM), bajo las directrices de su titular V\u00edctor Bison\u00f3, a trav\u00e9s del \u00a0Consejo Interministerial de Propiedad Intelectual (CIPI)\u00bb.<\/p>\n\n\n\n<p>El ministro del MICM  salud\u00f3 la decisi\u00f3n de la USTR, la cual dijo reconoce el compromiso del Gobierno dominicano en esta materia.<\/p>\n\n\n\n<p>\u201cDesde el MICM trabajamos sin pausas en la coordinaci\u00f3n de pol\u00edticas p\u00fablicas tendentes a preservar la propiedad intelectual como forma de promover el conocimiento, la innovaci\u00f3n y el desarrollo econ\u00f3mico y social de la Rep\u00fablica Dominicana\u201d, indic\u00f3 el ministro<\/p>\n\n\n\n<p>Agreg\u00f3 que \u201cel conjunto de acciones implementadas por todas las instancias del Estado vinculadas a difundir, preservar y perseguir las violaciones a los derechos de propiedad intelectual ha dado resultados excelentes para nuestro pa\u00eds. Desde la lucha contra los il\u00edcitos, la pirater\u00eda de se\u00f1al, afectaci\u00f3n a los derechos de autor, as\u00ed como el fortalecimiento de las instituciones del Estado, a trav\u00e9s del CIPI\u201d<\/p>\n\n\n\n<p><strong>\u00bfQu\u00e9 es el Informe 301<\/strong><\/p>\n\n\n\n<p>El Informe 301 sobre Propiedad Intelectual es publicado por el USTR, producto &nbsp;de una revisi\u00f3n anual, por mandato del Congreso de EE. UU., &nbsp;del estado mundial de la protecci\u00f3n y aplicaci\u00f3n de los derechos de propiedad intelectual.<\/p>\n\n\n\n<p><strong>Sobre el CIPI<\/strong><\/p>\n\n\n\n<p>El Consejo Interministerial de Propiedad Intelectual (CIPI), fue creado mediante el decreto 776-22 del 30 de diciembre de 2022, impulsado por el MICM junto a la Procuradur\u00eda General de la Rep\u00fablica (PGR). Su misi\u00f3n es dise\u00f1ar y coordinar los criterios de actuaci\u00f3n de instituciones claves en materia de promoci\u00f3n, protecci\u00f3n y observancia de los derechos de propiedad intelectual.<\/p>\n\n\n\n<p>Este \u00f3rgano est\u00e1 compuesto por diversas entidades gubernamentales, y trabaja en el fortalecimiento de capacidades y el desarrollo de procedimientos de coordinaci\u00f3n interinstitucional.<\/p>\n\n\n\n<p>Viviano De Leon<\/p>\n\n\n\n<p><a target=\"_blank\" href=\"mailto:vivianodeleon@gmail.com\" rel=\"noreferrer noopener\">vivianodeleon@gmail.com<\/a><\/p>\n\n\n\n<p><strong>Departamento de Medios y Publicaciones<\/strong><\/p>\n\n\n\n<p><strong>25 de abril, 2024<\/strong><\/p>\n","protected":false},"excerpt":{"rendered":"<p>El ministro V\u00edctor Bison\u00f3 Santo\u00a0 Domingo, D. N.- \u00a0El MICM se\u00f1al\u00f3 en un comunicado de prensa que \u00abGracias a las medidas\u00a0 adoptadas por el Gobierno que encabeza el presidente Luis Abinader en contra de la pirater\u00eda, por primera vez desde 1996, Estados Unidos (EE. UU.) \u00a0sac\u00f3 a Rep\u00fablica Dominicana de la lista de observaci\u00f3n del [&hellip;]<\/p>\n","protected":false},"author":28,"featured_media":479134,"comment_status":"closed","ping_status":"closed","sticky":true,"template":"","format":"standard","meta":{"footnotes":""},"categories":[36,20,27],"tags":[],"class_list":["post-526544","post","type-post","status-publish","format-standard","has-post-thumbnail","hentry","category-hombresmujeresycosas","category-dominicana-hoy","category-portada"],"_links":{"self":[{"href":"https:\/\/diariodominicano.com\/index.php?rest_route=\/wp\/v2\/posts\/526544","targetHints":{"allow":["GET"]}}],"collection":[{"href":"https:\/\/diariodominicano.com\/index.php?rest_route=\/wp\/v2\/posts"}],"about":[{"href":"https:\/\/diariodominicano.com\/index.php?rest_route=\/wp\/v2\/types\/post"}],"author":[{"embeddable":true,"href":"https:\/\/diariodominicano.com\/index.php?rest_route=\/wp\/v2\/users\/28"}],"replies":[{"embeddable":true,"href":"https:\/\/diariodominicano.com\/index.php?rest_route=%2Fwp%2Fv2%2Fcomments&post=526544"}],"version-history":[{"count":1,"href":"https:\/\/diariodominicano.com\/index.php?rest_route=\/wp\/v2\/posts\/526544\/revisions"}],"predecessor-version":[{"id":526545,"href":"https:\/\/diariodominicano.com\/index.php?rest_route=\/wp\/v2\/posts\/526544\/revisions\/526545"}],"wp:featuredmedia":[{"embeddable":true,"href":"https:\/\/diariodominicano.com\/index.php?rest_route=\/wp\/v2\/media\/479134"}],"wp:attachment":[{"href":"https:\/\/diariodominicano.com\/index.php?rest_route=%2Fwp%2Fv2%2Fmedia&parent=526544"}],"wp:term":[{"taxonomy":"category","embeddable":true,"href":"https:\/\/diariodominicano.com\/index.php?rest_route=%2Fwp%2Fv2%2Fcategories&post=526544"},{"taxonomy":"post_tag","embeddable":true,"href":"https:\/\/diariodominicano.com\/index.php?rest_route=%2Fwp%2Fv2%2Ftags&post=526544"}],"curies":[{"name":"wp","href":"https:\/\/api.w.org\/{rel}","templated":true}]}}