{"id":526493,"date":"2024-04-25T19:44:36","date_gmt":"2024-04-25T23:44:36","guid":{"rendered":"https:\/\/diariodominicano.com\/?p=526493"},"modified":"2024-04-25T19:44:39","modified_gmt":"2024-04-25T23:44:39","slug":"los-egresados-del-piloto-comunidades-de-cuidados-de-superate-recibiran-remuneracion-de-21-mil-pesos","status":"publish","type":"post","link":"https:\/\/diariodominicano.com\/?p=526493","title":{"rendered":"Los egresados del piloto Comunidades de Cuidados de Sup\u00e9rate recibir\u00e1n remuneraci\u00f3n de 21 mil pesos"},"content":{"rendered":"\n<p><em>La cohorte est\u00e1 integrada por 52 cuidadoras y cuidadores de Azua, y 48 de Santo Domingo Este; tres hombres recibieron certificaci\u00f3n<\/em> <\/p>\n\n\n\n<p>El\u00a0programa gubernamental de protecci\u00f3n social Sup\u00e9rate inform\u00f3 este jueves que las 100 personas que conforman la primera cohorte de cuidadoras y cuidadores contratados para el piloto de \u201cComunidades de Cuidados\u201d recibir\u00e1n una remuneraci\u00f3n econ\u00f3mica de 21,500 pesos mensuales de manera individual.<\/p>\n\n\n\n<figure class=\"wp-block-image\"><img decoding=\"async\" src=\"https:\/\/diariodominicano.com\/wp-content\/uploads\/2024\/04\/Jose-Garcia-director-del-Conape-y-Gloria-Reyes-directora-de-Superate-junto-a-dos-cuidadores-que-recibieron-certificacion-1024x682.jpg\" alt=\"\"\/><\/figure>\n\n\n\n<p>Los participantes que durante seis meses har\u00e1n pasant\u00eda en centros del Consejo Nacional de la Persona Envejeciente (Conape) obtendr\u00e1n adem\u00e1s seguro de salud y de riesgos laborales.&nbsp;<\/p>\n\n\n\n<p>Anabel Rivas, directora de Comunidades de Cuidados de Sup\u00e9rate, indic\u00f3, asimismo, que el proyecto viene a saldar una deuda hist\u00f3rica de reconocer el cuidado como un trabajo digno, remunerado y como un derecho al que se han dedicado por a\u00f1os, pero que no se reconoc\u00eda como un trabajo en s\u00ed.<\/p>\n\n\n\n<figure class=\"wp-block-image\"><img decoding=\"async\" src=\"https:\/\/diariodominicano.com\/wp-content\/uploads\/2024\/04\/Funcionarios-gubernamentales-y-cohorte-de-cuidadoras-y-cuidadores-1024x682.jpg\" alt=\"\"\/><\/figure>\n\n\n\n<p>\u201cEl tema de cuidados no se le reconoc\u00eda como un trabajo y hoy a ra\u00edz de la conformaci\u00f3n de la Mesa Intersectorial de Cuidados de la Rep\u00fablica Dominicana constituida en el a\u00f1o 2022, en la que estamos involucradas 10 instituciones estatales se est\u00e1 dando a conocer este grupo, esta primera cohorte de cuidadoras y cuidadores que van a poder ir a los hogares Sup\u00e9rate a ofrecer servicios de cuidados, pero servicios de cuidados de calidad y remunerado\u201d, expres\u00f3.<\/p>\n\n\n\n<p>Rivas destac\u00f3 que esta primera promoci\u00f3n de 100 participantes est\u00e1 integrada por&nbsp;52 cuidadoras y cuidadores de Azua, y 48 de Santo Domingo Este, que son las zonas que fueron priorizadas para implementar la estrategia de cuidados. Adelant\u00f3 que la meta es que el proyecto abarque todo el territorio nacional.<\/p>\n\n\n\n<p>De este centenar de cuidadores, tres son hombres que desde temprana edad ejercieron los roles de cuidados por imposici\u00f3n o por necesidad.<\/p>\n\n\n\n<p><strong>&nbsp;<\/strong><strong>Una ruta clara<\/strong><\/p>\n\n\n\n<p>La directora general de Sup\u00e9rate, Gloria Reyes, resalt\u00f3 la importancia de las \u201cComunidades de Cuidados\u201d y asegur\u00f3 que esta primera cohorte marca un hito&nbsp; para el desarrollo y ejecuci\u00f3n del Sistema Nacional de Cuidados.<\/p>\n\n\n\n<p>\u201cHoy podemos decir que hay una ruta muy clara de hacia d\u00f3nde va el Estado en materia de Cuidados, con pol\u00edticas p\u00fablicas establecidas. Hemos avanzado mucho desde que iniciamos en el dise\u00f1o, hace dos a\u00f1os y medio, de esta pol\u00edtica, hasta su implementaci\u00f3n\u201d, sostuvo.<\/p>\n\n\n\n<p>Resalt\u00f3 que el proyecto cuenta con una cooperativa que es un incentivo para que otras personas organicen sus empresas. &nbsp;<\/p>\n\n\n\n<p>Durante la jornada, las cuidadoras y los cuidadores participaron en ejercicios que reforzaron los conocimientos adquiridos, con el fin de adecuar sus habilidades y conocimientos para facilitar la eficacia en el desarrollo de sus funciones.<\/p>\n\n\n\n<p>El acto de presentaci\u00f3n e inducci\u00f3n de la primera cohorte de cuidadores contratados para el servicio domiciliario de cuidados cont\u00f3 con la participaci\u00f3n de Jos\u00e9 Garc\u00eda, director del Conape; &nbsp;Jefrey Lizardo, director del Sistema \u00danico de Beneficiarios (Siuben), y Pedro de la Cruz, director de los Centros Operativos del Sistema (COS) del Instituto Nacional de&nbsp; Formaci\u00f3n T\u00e9cnico&nbsp; Profesional (Infotep).<\/p>\n\n\n\n<p>De igual modo, Santa Mateo, directora de la unidad de &nbsp;G\u00e9nero y Cuidados de Sup\u00e9rate; Albania Reyes, directora de Capacitaci\u00f3n y Desarrollo Familiar, del organismo estatal. Asimismo, representantes del Plan International y del &nbsp;Banco Interamericano de Desarrollo (BID).&#8211;<br><strong>Prensa Sup\u00e9rate<\/strong>Tel:. 829-450-9246<\/p>\n\n\n\n<p><a href=\"http:\/\/www.superate.gob.do\/\" target=\"_blank\" rel=\"noreferrer noopener\">www.superate.gob.do<\/a><\/p>\n","protected":false},"excerpt":{"rendered":"<p>La cohorte est\u00e1 integrada por 52 cuidadoras y cuidadores de Azua, y 48 de Santo Domingo Este; tres hombres recibieron certificaci\u00f3n El\u00a0programa gubernamental de protecci\u00f3n social Sup\u00e9rate inform\u00f3 este jueves que las 100 personas que conforman la primera cohorte de cuidadoras y cuidadores contratados para el piloto de \u201cComunidades de Cuidados\u201d recibir\u00e1n una remuneraci\u00f3n econ\u00f3mica [&hellip;]<\/p>\n","protected":false},"author":7,"featured_media":526519,"comment_status":"closed","ping_status":"closed","sticky":false,"template":"","format":"standard","meta":{"footnotes":""},"categories":[20],"tags":[],"class_list":["post-526493","post","type-post","status-publish","format-standard","has-post-thumbnail","hentry","category-dominicana-hoy"],"_links":{"self":[{"href":"https:\/\/diariodominicano.com\/index.php?rest_route=\/wp\/v2\/posts\/526493","targetHints":{"allow":["GET"]}}],"collection":[{"href":"https:\/\/diariodominicano.com\/index.php?rest_route=\/wp\/v2\/posts"}],"about":[{"href":"https:\/\/diariodominicano.com\/index.php?rest_route=\/wp\/v2\/types\/post"}],"author":[{"embeddable":true,"href":"https:\/\/diariodominicano.com\/index.php?rest_route=\/wp\/v2\/users\/7"}],"replies":[{"embeddable":true,"href":"https:\/\/diariodominicano.com\/index.php?rest_route=%2Fwp%2Fv2%2Fcomments&post=526493"}],"version-history":[{"count":1,"href":"https:\/\/diariodominicano.com\/index.php?rest_route=\/wp\/v2\/posts\/526493\/revisions"}],"predecessor-version":[{"id":526522,"href":"https:\/\/diariodominicano.com\/index.php?rest_route=\/wp\/v2\/posts\/526493\/revisions\/526522"}],"wp:featuredmedia":[{"embeddable":true,"href":"https:\/\/diariodominicano.com\/index.php?rest_route=\/wp\/v2\/media\/526519"}],"wp:attachment":[{"href":"https:\/\/diariodominicano.com\/index.php?rest_route=%2Fwp%2Fv2%2Fmedia&parent=526493"}],"wp:term":[{"taxonomy":"category","embeddable":true,"href":"https:\/\/diariodominicano.com\/index.php?rest_route=%2Fwp%2Fv2%2Fcategories&post=526493"},{"taxonomy":"post_tag","embeddable":true,"href":"https:\/\/diariodominicano.com\/index.php?rest_route=%2Fwp%2Fv2%2Ftags&post=526493"}],"curies":[{"name":"wp","href":"https:\/\/api.w.org\/{rel}","templated":true}]}}