{"id":526427,"date":"2024-04-25T13:43:07","date_gmt":"2024-04-25T17:43:07","guid":{"rendered":"https:\/\/diariodominicano.com\/?p=526427"},"modified":"2024-04-25T13:43:14","modified_gmt":"2024-04-25T17:43:14","slug":"debate-de-candidatos-presidenciales-ocupa-titulares-en-dominicana","status":"publish","type":"post","link":"https:\/\/diariodominicano.com\/?p=526427","title":{"rendered":"Debate de candidatos presidenciales ocupa titulares en Dominicana"},"content":{"rendered":"\n<p>diariodominicano.com<\/p>\n\n\n\n<p>Santo Domingo, 25 abr (Prensa Latina) El debate sostenido anoche por los candidatos presidenciales de partidos mayoritarios en Rep\u00fablica Dominicana ocupa hoy titulares, sobre todo porque se trata de un hecho sin precedentes en el pa\u00eds, calificado por analistas de hist\u00f3rico.<\/p>\n\n\n\n<p>La idea de que los aspirantes a la Presidencia hasta 2028 se vieran frente a frente en un mismo escenario y que defendieran sus logros o \u00abatacaran\u00bb a su adversario en una transmisi\u00f3n en vivo caus\u00f3 expectativas en la poblaci\u00f3n.<\/p>\n\n\n\n<p>A juzgar por los miles de comentarios que circularon en las redes sociales durante y despu\u00e9s del debate, anoche varios miles de dominicanos prefirieron dejar a un lado sus programas favoritos para ver en tiempo real el careo, en el que se trataron temas que preocupan a la poblaci\u00f3n como econom\u00eda, seguridad y migraci\u00f3n.<\/p>\n\n\n\n<p>\u00ab\u00bfCree usted que los debates pueden cambiar el panorama electoral?\u00bb, \u00bfQui\u00e9n cree que gan\u00f3 el debate?\u00bb, son algunas de las muchas interrogantes que pusieron a circular en sus redes sociales algunos medios de informaci\u00f3n como una forma de calcular el impacto de esta iniciativa de la Asociaci\u00f3n Nacional de J\u00f3venes Empresarios, que convoc\u00f3 al encuentro.<\/p>\n\n\n\n<p>Los candidatos Luis Abinader, del oficialista Partido Revolucionario Moderno (PRM), Leonel Fern\u00e1ndez, de la Fuerza del Pueblo (FP), y Abel Mart\u00ednez, de la Liberaci\u00f3n Dominicana (PLD), mantuvieron un cara a cara durante dos horas sin enfrentamientos significativos, en un escenario en el que mantener la compostura tambi\u00e9n suma puntos.<\/p>\n\n\n\n<p>Los candidatos de la oposici\u00f3n \u2013 como es habitual en estos topes \u2013 no perdieron la oportunidad de criticar la gesti\u00f3n del gobierno en la gran mayor\u00eda de los t\u00f3picos como inflaci\u00f3n, salud y educaci\u00f3n, y el mandatario, por supuesto, aprovech\u00f3 para destacar sus logros aunque sin realizar demasiadas promesas.<\/p>\n\n\n\n<p>Fern\u00e1ndez inici\u00f3 el debate prometiendo un mayor crecimiento econ\u00f3mico, seguridad alimentaria, salud, generaci\u00f3n de empleos y calidad en la educaci\u00f3n, y critic\u00f3 el manejo presupuestario por el Ejecutivo.<\/p>\n\n\n\n<p>La menci\u00f3n de estad\u00edsticas fue constante sobre todo en las intervenciones de Fern\u00e1ndez y Abinader, quien dej\u00f3 claro que pretende poner un \u00abcandado\u00bb a la Constituci\u00f3n para que ning\u00fan presidente pueda modificar los t\u00e9rminos de la reelecci\u00f3n m\u00e1s all\u00e1 de dos per\u00edodos, y para garantizar la independencia del poder judicial.<\/p>\n\n\n\n<p>El mandatario defendi\u00f3 la reforma policial impulsada por el Gobierno, pero Fern\u00e1ndez asegur\u00f3 que hay miedo colectivo por el alto \u00edndice de delincuencia y criminalidad, en tanto Mart\u00ednez consider\u00f3 que se deben crear anillos de seguridad para de forma inteligente atrapar a los antisociales.<\/p>\n\n\n\n<p>Tal vez uno de los pocos momentos en que el gobernante luci\u00f3 inc\u00f3modo fue cuando de manera insistente Fern\u00e1ndez dijo que las cifras manejadas por el presidente sobre la expansi\u00f3n econ\u00f3mica en el cuatrienio no son reales, y en segundos sum\u00f3, dividi\u00f3 y dio sus n\u00fameros, por debajo de los presentados por Abinader.<\/p>\n\n\n\n<p>Tambi\u00e9n, en otro momento, Mart\u00ednez cuestion\u00f3 la cantidad de pensiones otorgadas por la actual administraci\u00f3n, y Abinader lo invit\u00f3 a que mencionara los nombres de las personas que deb\u00edan tacharse de los listados.<\/p>\n\n\n\n<p>En sus conclusiones, Abinader manifest\u00f3 que hoy estamos mejor que hace cuatro a\u00f1os, algo que intent\u00f3 demostrar a lo largo del debate con estad\u00edsticas y ejemplos concretos; Fern\u00e1ndez dijo que \u2013 al igual que en la gesti\u00f3n de Abinader con una pandemia y conflictos b\u00e9licos- \u00e9l tambi\u00e9n enfrent\u00f3 diversas crisis \u00aby que todas las sorte\u00f3 de manera exitosa\u00bb.<\/p>\n\n\n\n<p>En un final que algunos analistas consideraron un tanto \u00abpoco generoso\u00bb, el tres veces presidente de la Rep\u00fablica Dominicana dijo que el actual gobierno luce \u00abdesorientado\u00bb y que \u00bb en crecimiento econ\u00f3mico, salud, educaci\u00f3n, seguridad ciudadana y migraci\u00f3n esta administraci\u00f3n se ponch\u00f3\u00bb, por lo que el pueblo requiere \u00abde un nuevo bateador\u00bb.<\/p>\n\n\n\n<p>Mart\u00ednez, quien a diferencia de sus adversarios no utiliz\u00f3 tantas cifras para apoyar sus planteamientos, abog\u00f3 por resultados y no por promesas.<\/p>\n\n\n\n<p>Ha sido esta una semana de debates en Rep\u00fablica Dominicana; primero toc\u00f3 el turno a los candidatos al Senado del Distrito Nacional y la provincia Santiago de los Caballeros, la segunda en importancia en el pa\u00eds; el martes \u00faltimo se vieron frente a frente las candidatas a la vicepresidencia del PMR, el PLD y la Fuerza del Pueblo.<\/p>\n\n\n\n<p>M\u00e1s de ocho millones de dominicanos est\u00e1n convocados a las urnas el 19 de mayo pr\u00f3ximo. En sus manos est\u00e1 elegir al hombre que dirigir\u00e1 los destinos de esta naci\u00f3n caribe\u00f1a hasta 2028.<\/p>\n\n\n\n<p>mem\/mpv<\/p>\n","protected":false},"excerpt":{"rendered":"<p>diariodominicano.com Santo Domingo, 25 abr (Prensa Latina) El debate sostenido anoche por los candidatos presidenciales de partidos mayoritarios en Rep\u00fablica Dominicana ocupa hoy titulares, sobre todo porque se trata de un hecho sin precedentes en el pa\u00eds, calificado por analistas de hist\u00f3rico. La idea de que los aspirantes a la Presidencia hasta 2028 se vieran [&hellip;]<\/p>\n","protected":false},"author":5,"featured_media":526428,"comment_status":"closed","ping_status":"closed","sticky":true,"template":"","format":"standard","meta":{"footnotes":""},"categories":[20,27],"tags":[],"class_list":["post-526427","post","type-post","status-publish","format-standard","has-post-thumbnail","hentry","category-dominicana-hoy","category-portada"],"_links":{"self":[{"href":"https:\/\/diariodominicano.com\/index.php?rest_route=\/wp\/v2\/posts\/526427","targetHints":{"allow":["GET"]}}],"collection":[{"href":"https:\/\/diariodominicano.com\/index.php?rest_route=\/wp\/v2\/posts"}],"about":[{"href":"https:\/\/diariodominicano.com\/index.php?rest_route=\/wp\/v2\/types\/post"}],"author":[{"embeddable":true,"href":"https:\/\/diariodominicano.com\/index.php?rest_route=\/wp\/v2\/users\/5"}],"replies":[{"embeddable":true,"href":"https:\/\/diariodominicano.com\/index.php?rest_route=%2Fwp%2Fv2%2Fcomments&post=526427"}],"version-history":[{"count":1,"href":"https:\/\/diariodominicano.com\/index.php?rest_route=\/wp\/v2\/posts\/526427\/revisions"}],"predecessor-version":[{"id":526429,"href":"https:\/\/diariodominicano.com\/index.php?rest_route=\/wp\/v2\/posts\/526427\/revisions\/526429"}],"wp:featuredmedia":[{"embeddable":true,"href":"https:\/\/diariodominicano.com\/index.php?rest_route=\/wp\/v2\/media\/526428"}],"wp:attachment":[{"href":"https:\/\/diariodominicano.com\/index.php?rest_route=%2Fwp%2Fv2%2Fmedia&parent=526427"}],"wp:term":[{"taxonomy":"category","embeddable":true,"href":"https:\/\/diariodominicano.com\/index.php?rest_route=%2Fwp%2Fv2%2Fcategories&post=526427"},{"taxonomy":"post_tag","embeddable":true,"href":"https:\/\/diariodominicano.com\/index.php?rest_route=%2Fwp%2Fv2%2Ftags&post=526427"}],"curies":[{"name":"wp","href":"https:\/\/api.w.org\/{rel}","templated":true}]}}