{"id":526418,"date":"2024-04-25T13:06:07","date_gmt":"2024-04-25T17:06:07","guid":{"rendered":"https:\/\/diariodominicano.com\/?p=526418"},"modified":"2024-04-25T13:06:13","modified_gmt":"2024-04-25T17:06:13","slug":"uasd-organiza-conferencia-legado-de-la-guerra-de-abril-1965-narrado-por-una-combatiente","status":"publish","type":"post","link":"https:\/\/diariodominicano.com\/?p=526418","title":{"rendered":"UASD organiza conferencia \u201cLegado de la Guerra de Abril 1965 narrado por una combatiente\u201d"},"content":{"rendered":"\n<p>diariodominicano.com<\/p>\n\n\n\n<p>Santo Domingo, R. D.,\u200225 de abril, 2024.-\u2002La Universidad Aut\u00f3noma de Santo Domingo (UASD), a trav\u00e9s de la Vicerrector\u00eda de Extensi\u00f3n, organiz\u00f3 la conferencia \u201cLegado de la Guerra de Abril 1965 narrado por una combatiente\u201d, la cual estuvo a cargo de la excombatiente, la maestra Teresa Espaillat.<\/p>\n\n\n\n<p>La actividad realizada en el auditorio doctor Guarocuya del Villar del edificio de la Facultad de Ciencias de la Salud (FCS), estuvo encabezada por la vicerrectora de Extensi\u00f3n, maestra Rosal\u00eda Sosa, en representaci\u00f3n del rector de la UASD, maestro Editrudis Beltr\u00e1n Cris\u00f3stomo, por el exrector doctor Iv\u00e1n Grull\u00f3n Fern\u00e1ndez, y el maestro H\u00e9ctor Mart\u00ednez.<\/p>\n\n\n\n<p>La maestra Sosa, en sus palabras de bienvenida, resalt\u00f3 la importancia de esta gesta patri\u00f3tica en el proceso de construcci\u00f3n democr\u00e1tica, y que fue la plataforma para exigir el respeto a &nbsp;la voluntad popular de la poblaci\u00f3n de tener un gobierno constitucional.<\/p>\n\n\n\n<p>De su lado, la maestra Espaillat precis\u00f3 &nbsp;\u201cel legado de abril para la UASD fue el Movimiento Renovador Universitario, &nbsp;impulsado por profesores, estudiantes y empleados que fueron combatientes constitucionalistas y decidieron reformar la academia; estableci\u00e9ndose el cogobierno, los concursos de ingreso y la libertad de c\u00e1tedra como cuestiones fundamentales\u201d.<\/p>\n\n\n\n<p>Manifest\u00f3 que la Revoluci\u00f3n de abril y la guerra de resistencia significaron un pelda\u00f1o muy decisivo en el desarrollo de la conciencia social y pol\u00edtica de amplios sectores de la poblaci\u00f3n de los grandes centros urbanos.<\/p>\n\n\n\n<p>En la actividad celebrada para conmemorar el 59 aniversario de la gesta patri\u00f3tica, la excombatiente destac\u00f3 la participaci\u00f3n en igualdad de condiciones tanto de mujeres y hombres, inici\u00e1ndose el cambio de las concepciones segregacionistas acerca de las mujeres.<\/p>\n\n\n\n<p>En la actividad estuvieron presentes adem\u00e1s, la coordinadora de la c\u00e1tedra de Historia Dominicana, maestra Petronila Dotel; los docentes H\u00e9ctor D\u00edaz, Ana Victoria Pe\u00f1a, Juan de la Cruz; las excombatientes Edith Ram\u00edrez ,Somnia Vargas \u00a0y \u00a0estudiantes de diferentes carreras.<\/p>\n\n\n\n<p>Relaciones P\u00fablicas<\/p>\n\n\n\n<p><a target=\"_blank\" href=\"mailto:relacionespublicas@uasd.edu.do\" rel=\"noreferrer noopener\">relacionespublicas@uasd.edu.do<\/a><\/p>\n\n\n\n<p>\u00a0<\/p>\n","protected":false},"excerpt":{"rendered":"<p>diariodominicano.com Santo Domingo, R. D.,\u200225 de abril, 2024.-\u2002La Universidad Aut\u00f3noma de Santo Domingo (UASD), a trav\u00e9s de la Vicerrector\u00eda de Extensi\u00f3n, organiz\u00f3 la conferencia \u201cLegado de la Guerra de Abril 1965 narrado por una combatiente\u201d, la cual estuvo a cargo de la excombatiente, la maestra Teresa Espaillat. La actividad realizada en el auditorio doctor Guarocuya [&hellip;]<\/p>\n","protected":false},"author":5,"featured_media":526419,"comment_status":"closed","ping_status":"closed","sticky":true,"template":"","format":"standard","meta":{"footnotes":""},"categories":[20,26,27],"tags":[],"class_list":["post-526418","post","type-post","status-publish","format-standard","has-post-thumbnail","hentry","category-dominicana-hoy","category-efemerides","category-portada"],"_links":{"self":[{"href":"https:\/\/diariodominicano.com\/index.php?rest_route=\/wp\/v2\/posts\/526418","targetHints":{"allow":["GET"]}}],"collection":[{"href":"https:\/\/diariodominicano.com\/index.php?rest_route=\/wp\/v2\/posts"}],"about":[{"href":"https:\/\/diariodominicano.com\/index.php?rest_route=\/wp\/v2\/types\/post"}],"author":[{"embeddable":true,"href":"https:\/\/diariodominicano.com\/index.php?rest_route=\/wp\/v2\/users\/5"}],"replies":[{"embeddable":true,"href":"https:\/\/diariodominicano.com\/index.php?rest_route=%2Fwp%2Fv2%2Fcomments&post=526418"}],"version-history":[{"count":1,"href":"https:\/\/diariodominicano.com\/index.php?rest_route=\/wp\/v2\/posts\/526418\/revisions"}],"predecessor-version":[{"id":526420,"href":"https:\/\/diariodominicano.com\/index.php?rest_route=\/wp\/v2\/posts\/526418\/revisions\/526420"}],"wp:featuredmedia":[{"embeddable":true,"href":"https:\/\/diariodominicano.com\/index.php?rest_route=\/wp\/v2\/media\/526419"}],"wp:attachment":[{"href":"https:\/\/diariodominicano.com\/index.php?rest_route=%2Fwp%2Fv2%2Fmedia&parent=526418"}],"wp:term":[{"taxonomy":"category","embeddable":true,"href":"https:\/\/diariodominicano.com\/index.php?rest_route=%2Fwp%2Fv2%2Fcategories&post=526418"},{"taxonomy":"post_tag","embeddable":true,"href":"https:\/\/diariodominicano.com\/index.php?rest_route=%2Fwp%2Fv2%2Ftags&post=526418"}],"curies":[{"name":"wp","href":"https:\/\/api.w.org\/{rel}","templated":true}]}}