{"id":526409,"date":"2024-04-25T12:50:01","date_gmt":"2024-04-25T16:50:01","guid":{"rendered":"https:\/\/diariodominicano.com\/?p=526409"},"modified":"2024-04-25T12:50:08","modified_gmt":"2024-04-25T16:50:08","slug":"ernst-pierre-de-iniciativa-de-la-sociedad-civil-pide-medidas-mas-energicas-contra-pandillas-en-haiti","status":"publish","type":"post","link":"https:\/\/diariodominicano.com\/?p=526409","title":{"rendered":"Ernst Pierre de Iniciativa de la Sociedad Civil,\u00a0pide medidas m\u00e1s en\u00e9rgicas contra  pandillas en Hait\u00ed\u00a0"},"content":{"rendered":"\n<p>diariodominicano.com<\/p>\n\n\n\n<p>Puerto Pr\u00edncipe, 25 abr (Prensa Latina) La Iniciativa de la Sociedad Civil (ISC) pidi\u00f3 adoptar medidas m\u00e1s en\u00e9rgicas contra las pandillas que mantienen hoy aterrorizados a los pobladores de esta capital.<\/p>\n\n\n\n<p>Es vital buscar v\u00edas que conduzcan a eliminar el bandidaje en el pa\u00eds caribe\u00f1o, y los miembros del Consejo Presidencial de Transici\u00f3n deben crear un clima de convivencia, solidaridad y eficiencia ciudadana.<\/p>\n\n\n\n<p>El clamor de la ISC es conocido al mismo tiempo que el Consejo Superior de la Judicatura inform\u00f3 el asesinato del magistrado Questel Maxim\u00e9 perpetrado por los pandilleros.<\/p>\n\n\n\n<p>La muerte de Maxim\u00e9 es una gran p\u00e9rdida para el sistema judicial, subraya el comunicado de esa instancia jur\u00eddica.<\/p>\n\n\n\n<p>En ese contexto, la Conferencia de Pastores Haitianos rechaz\u00f3 cualquier propuesta de negociaciones pol\u00edticas con las pandillas.<\/p>\n\n\n\n<p>\u00abNo tienen ning\u00fan motivo ideol\u00f3gico\u00bb subray\u00f3 el asesor especial de la entidad, Ernst Pierre, quien recomend\u00f3 utilizar medios m\u00e1s fuertes para obligar a los bandidos a deponer las armas, si no quieren hacerlo voluntariamente.<\/p>\n\n\n\n<p>Los pandilleros ya atacaron el aeropuerto, el puerto, escuelas, universidades, comisar\u00edas, prisiones, ministerios, sucursales bancarias, almacenes comunitarios, la Imprenta Nacional, que hizo su primera publicaci\u00f3n en 1804 y le prendieron fuego a un dep\u00f3sito de 96 mil metros cuadrados en la zona franca.<\/p>\n\n\n\n<p>Tambi\u00e9n arremetieron contra autom\u00f3viles particulares, un seminario religioso, la primera Iglesia Bautista de Hait\u00ed con m\u00e1s de 180 a\u00f1os de fundada, y a m\u00e1s de una docena de farmacias, y en demostraci\u00f3n de que van en serio le quemaron la casa al comandante en jefe de la Polic\u00eda Nacional de Hait\u00ed.<\/p>\n\n\n\n<p>mem\/joe<\/p>\n","protected":false},"excerpt":{"rendered":"<p>diariodominicano.com Puerto Pr\u00edncipe, 25 abr (Prensa Latina) La Iniciativa de la Sociedad Civil (ISC) pidi\u00f3 adoptar medidas m\u00e1s en\u00e9rgicas contra las pandillas que mantienen hoy aterrorizados a los pobladores de esta capital. Es vital buscar v\u00edas que conduzcan a eliminar el bandidaje en el pa\u00eds caribe\u00f1o, y los miembros del Consejo Presidencial de Transici\u00f3n deben [&hellip;]<\/p>\n","protected":false},"author":5,"featured_media":526416,"comment_status":"closed","ping_status":"closed","sticky":true,"template":"","format":"standard","meta":{"footnotes":""},"categories":[112,23,27],"tags":[],"class_list":["post-526409","post","type-post","status-publish","format-standard","has-post-thumbnail","hentry","category-haiti","category-internacional","category-portada"],"_links":{"self":[{"href":"https:\/\/diariodominicano.com\/index.php?rest_route=\/wp\/v2\/posts\/526409","targetHints":{"allow":["GET"]}}],"collection":[{"href":"https:\/\/diariodominicano.com\/index.php?rest_route=\/wp\/v2\/posts"}],"about":[{"href":"https:\/\/diariodominicano.com\/index.php?rest_route=\/wp\/v2\/types\/post"}],"author":[{"embeddable":true,"href":"https:\/\/diariodominicano.com\/index.php?rest_route=\/wp\/v2\/users\/5"}],"replies":[{"embeddable":true,"href":"https:\/\/diariodominicano.com\/index.php?rest_route=%2Fwp%2Fv2%2Fcomments&post=526409"}],"version-history":[{"count":1,"href":"https:\/\/diariodominicano.com\/index.php?rest_route=\/wp\/v2\/posts\/526409\/revisions"}],"predecessor-version":[{"id":526417,"href":"https:\/\/diariodominicano.com\/index.php?rest_route=\/wp\/v2\/posts\/526409\/revisions\/526417"}],"wp:featuredmedia":[{"embeddable":true,"href":"https:\/\/diariodominicano.com\/index.php?rest_route=\/wp\/v2\/media\/526416"}],"wp:attachment":[{"href":"https:\/\/diariodominicano.com\/index.php?rest_route=%2Fwp%2Fv2%2Fmedia&parent=526409"}],"wp:term":[{"taxonomy":"category","embeddable":true,"href":"https:\/\/diariodominicano.com\/index.php?rest_route=%2Fwp%2Fv2%2Fcategories&post=526409"},{"taxonomy":"post_tag","embeddable":true,"href":"https:\/\/diariodominicano.com\/index.php?rest_route=%2Fwp%2Fv2%2Ftags&post=526409"}],"curies":[{"name":"wp","href":"https:\/\/api.w.org\/{rel}","templated":true}]}}