{"id":526402,"date":"2024-04-25T12:13:27","date_gmt":"2024-04-25T16:13:27","guid":{"rendered":"https:\/\/diariodominicano.com\/?p=526402"},"modified":"2024-04-25T12:13:33","modified_gmt":"2024-04-25T16:13:33","slug":"rd-en-la-lista-de-observacion-del-reporte-301-sobre-propiedad-intelectual-que-evalua-los-eeuu","status":"publish","type":"post","link":"https:\/\/diariodominicano.com\/?p=526402","title":{"rendered":"RD en la lista de observaci\u00f3n del Reporte 301 sobre propiedad intelectual, que eval\u00faa los EEUU"},"content":{"rendered":"\n<p>diariodominicano.com<\/p>\n\n\n\n<p>Es un logro del Gobierno del presidente Abinader<\/p>\n\n\n\n<p>Santo\u00a0 Domingo, R. D.,\u200225 de abril, 2024.-\u00a0 Por primera vez en casi tres d\u00e9cadas, la Rep\u00fablica Dominicana sale de la lista de observaci\u00f3n del Informe 301 de los EEUU, sobre Propiedad Intelectual.<\/p>\n\n\n\n<p>Este es un logro del presidente Luis Abinader, cuyas ejecutorias han sido llevadas por el MICM y su titular V\u00edctor Ito Bison\u00f3.<\/p>\n\n\n\n<p>El conjunto de acciones implementadas por todas las instancias del Estado vinculadas a difundir, preservar y perseguir las violaciones a los derechos de propiedad intelectual y el combate a los il\u00edcitos han dado resultados excelentes para nuestro pa\u00eds. Desde la lucha contra los il\u00edcitos, la pirater\u00eda de se\u00f1al, afectaci\u00f3n a los derechos de autor, as\u00ed como el fortalecimiento de las instituciones del Estado, a trav\u00e9s del CIPI, iniciativa del MICM y la Procuradur\u00eda General de la Rep\u00fablica, para coordinar las pol\u00edticas p\u00fablicas en esta materia son las razones por las que despu\u00e9s de 30 a\u00f1os hemos salido de esta lista de observaci\u00f3n. Un gran logro de este gobierno de Luis Abinader.<\/p>\n\n\n\n<p>La exclusi\u00f3n de la Rep\u00fablica Dominicana del listado de observaci\u00f3n del referido reporte fue tomada en reconocimiento de los grandes avances de la administraci\u00f3n del Presidente Luis Abinader en estas \u00e1reas.<\/p>\n\n\n\n<p>Departamento de Medios y Publicaciones<\/p>\n\n\n\n<p>25 de abril, 2024<\/p>\n","protected":false},"excerpt":{"rendered":"<p>diariodominicano.com Es un logro del Gobierno del presidente Abinader Santo\u00a0 Domingo, R. D.,\u200225 de abril, 2024.-\u00a0 Por primera vez en casi tres d\u00e9cadas, la Rep\u00fablica Dominicana sale de la lista de observaci\u00f3n del Informe 301 de los EEUU, sobre Propiedad Intelectual. Este es un logro del presidente Luis Abinader, cuyas ejecutorias han sido llevadas por [&hellip;]<\/p>\n","protected":false},"author":5,"featured_media":286726,"comment_status":"closed","ping_status":"closed","sticky":true,"template":"","format":"standard","meta":{"footnotes":""},"categories":[20,27],"tags":[],"class_list":["post-526402","post","type-post","status-publish","format-standard","has-post-thumbnail","hentry","category-dominicana-hoy","category-portada"],"_links":{"self":[{"href":"https:\/\/diariodominicano.com\/index.php?rest_route=\/wp\/v2\/posts\/526402","targetHints":{"allow":["GET"]}}],"collection":[{"href":"https:\/\/diariodominicano.com\/index.php?rest_route=\/wp\/v2\/posts"}],"about":[{"href":"https:\/\/diariodominicano.com\/index.php?rest_route=\/wp\/v2\/types\/post"}],"author":[{"embeddable":true,"href":"https:\/\/diariodominicano.com\/index.php?rest_route=\/wp\/v2\/users\/5"}],"replies":[{"embeddable":true,"href":"https:\/\/diariodominicano.com\/index.php?rest_route=%2Fwp%2Fv2%2Fcomments&post=526402"}],"version-history":[{"count":1,"href":"https:\/\/diariodominicano.com\/index.php?rest_route=\/wp\/v2\/posts\/526402\/revisions"}],"predecessor-version":[{"id":526405,"href":"https:\/\/diariodominicano.com\/index.php?rest_route=\/wp\/v2\/posts\/526402\/revisions\/526405"}],"wp:featuredmedia":[{"embeddable":true,"href":"https:\/\/diariodominicano.com\/index.php?rest_route=\/wp\/v2\/media\/286726"}],"wp:attachment":[{"href":"https:\/\/diariodominicano.com\/index.php?rest_route=%2Fwp%2Fv2%2Fmedia&parent=526402"}],"wp:term":[{"taxonomy":"category","embeddable":true,"href":"https:\/\/diariodominicano.com\/index.php?rest_route=%2Fwp%2Fv2%2Fcategories&post=526402"},{"taxonomy":"post_tag","embeddable":true,"href":"https:\/\/diariodominicano.com\/index.php?rest_route=%2Fwp%2Fv2%2Ftags&post=526402"}],"curies":[{"name":"wp","href":"https:\/\/api.w.org\/{rel}","templated":true}]}}