{"id":526346,"date":"2024-04-25T06:43:56","date_gmt":"2024-04-25T10:43:56","guid":{"rendered":"https:\/\/diariodominicano.com\/?p=526346"},"modified":"2024-05-07T09:51:49","modified_gmt":"2024-05-07T13:51:49","slug":"ministro-del-mescyt-llama-a-los-jovenes-a-innovar-para-contribuir-al-desarrollo-educativo-de-rd","status":"publish","type":"post","link":"https:\/\/diariodominicano.com\/?p=526346","title":{"rendered":"Ministro del MESCyT llama a los j\u00f3venes a innovar para contribuir al desarrollo educativo de RD"},"content":{"rendered":"\n<p><strong>Santo Domingo.<\/strong>-En el marco de la Segunda Feria de Innovaci\u00f3n&nbsp; \u201cDominicana Innova 2024\u201d, el ministerio de Educaci\u00f3n Superior, Ciencia y Tecnolog\u00eda (MESCyT), doctor Franklin Garc\u00eda Ferm\u00edn, destac\u00f3 la importancia de la innovaci\u00f3n para contribuir con el desarrollo educativo, econ\u00f3mico y social de la Rep\u00fablica Dominicana.<\/p>\n\n\n\n<p>\u201cEstamos comprometidos con seguir apoyando a los j\u00f3venes talentosos de diferentes universidades para que puedan seguir desarrollando su talento y creatividad, a trav\u00e9s de actividades como esta, as\u00ed como con nuestros programas de becas nacionales e internacionales\u201d, asegur\u00f3 Garc\u00eda Ferm\u00edn.\u00a0<\/p>\n\n\n\n<figure class=\"wp-block-gallery has-nested-images columns-default is-cropped wp-block-gallery-1 is-layout-flex wp-block-gallery-is-layout-flex\">\n<figure class=\"wp-block-image size-large\"><img loading=\"lazy\" decoding=\"async\" width=\"1024\" height=\"573\" data-id=\"526368\" src=\"https:\/\/diariodominicano.com\/wp-content\/uploads\/2024\/04\/Ministro-del-MESCyT-llama-a-los-jovenes--1024x573.jpeg\" alt=\"\" class=\"wp-image-526368\" srcset=\"https:\/\/diariodominicano.com\/wp-content\/uploads\/2024\/04\/Ministro-del-MESCyT-llama-a-los-jovenes--1024x573.jpeg 1024w, https:\/\/diariodominicano.com\/wp-content\/uploads\/2024\/04\/Ministro-del-MESCyT-llama-a-los-jovenes--300x168.jpeg 300w, https:\/\/diariodominicano.com\/wp-content\/uploads\/2024\/04\/Ministro-del-MESCyT-llama-a-los-jovenes--768x430.jpeg 768w, https:\/\/diariodominicano.com\/wp-content\/uploads\/2024\/04\/Ministro-del-MESCyT-llama-a-los-jovenes--816x456.jpeg 816w, https:\/\/diariodominicano.com\/wp-content\/uploads\/2024\/04\/Ministro-del-MESCyT-llama-a-los-jovenes-.jpeg 1280w\" sizes=\"auto, (max-width: 1024px) 100vw, 1024px\" \/><\/figure>\n\n\n\n<figure class=\"wp-block-image size-large\"><img loading=\"lazy\" decoding=\"async\" width=\"1024\" height=\"768\" data-id=\"526371\" src=\"https:\/\/diariodominicano.com\/wp-content\/uploads\/2024\/04\/Ministro-del-MESCyT-llama-a-los-jovenes-1024x768.jpeg\" alt=\"\" class=\"wp-image-526371\" srcset=\"https:\/\/diariodominicano.com\/wp-content\/uploads\/2024\/04\/Ministro-del-MESCyT-llama-a-los-jovenes-1024x768.jpeg 1024w, https:\/\/diariodominicano.com\/wp-content\/uploads\/2024\/04\/Ministro-del-MESCyT-llama-a-los-jovenes-300x225.jpeg 300w, https:\/\/diariodominicano.com\/wp-content\/uploads\/2024\/04\/Ministro-del-MESCyT-llama-a-los-jovenes-768x576.jpeg 768w, https:\/\/diariodominicano.com\/wp-content\/uploads\/2024\/04\/Ministro-del-MESCyT-llama-a-los-jovenes-816x612.jpeg 816w, https:\/\/diariodominicano.com\/wp-content\/uploads\/2024\/04\/Ministro-del-MESCyT-llama-a-los-jovenes.jpeg 1280w\" sizes=\"auto, (max-width: 1024px) 100vw, 1024px\" \/><\/figure>\n\n\n\n<figure class=\"wp-block-image size-large\"><img loading=\"lazy\" decoding=\"async\" width=\"1024\" height=\"768\" data-id=\"526367\" src=\"https:\/\/diariodominicano.com\/wp-content\/uploads\/2024\/04\/PMMinistro-del-MESCyT-llama-a-los-jovenes-a-innov-1024x768.jpeg\" alt=\"\" class=\"wp-image-526367\" srcset=\"https:\/\/diariodominicano.com\/wp-content\/uploads\/2024\/04\/PMMinistro-del-MESCyT-llama-a-los-jovenes-a-innov-1024x768.jpeg 1024w, https:\/\/diariodominicano.com\/wp-content\/uploads\/2024\/04\/PMMinistro-del-MESCyT-llama-a-los-jovenes-a-innov-300x225.jpeg 300w, https:\/\/diariodominicano.com\/wp-content\/uploads\/2024\/04\/PMMinistro-del-MESCyT-llama-a-los-jovenes-a-innov-768x576.jpeg 768w, https:\/\/diariodominicano.com\/wp-content\/uploads\/2024\/04\/PMMinistro-del-MESCyT-llama-a-los-jovenes-a-innov-816x612.jpeg 816w, https:\/\/diariodominicano.com\/wp-content\/uploads\/2024\/04\/PMMinistro-del-MESCyT-llama-a-los-jovenes-a-innov.jpeg 1280w\" sizes=\"auto, (max-width: 1024px) 100vw, 1024px\" \/><\/figure>\n\n\n\n<figure class=\"wp-block-image size-large\"><img loading=\"lazy\" decoding=\"async\" width=\"1024\" height=\"768\" data-id=\"526369\" src=\"https:\/\/diariodominicano.com\/wp-content\/uploads\/2024\/04\/Ministro-del-MESCyT-1024x768.jpeg\" alt=\"\" class=\"wp-image-526369\" srcset=\"https:\/\/diariodominicano.com\/wp-content\/uploads\/2024\/04\/Ministro-del-MESCyT-1024x768.jpeg 1024w, https:\/\/diariodominicano.com\/wp-content\/uploads\/2024\/04\/Ministro-del-MESCyT-300x225.jpeg 300w, https:\/\/diariodominicano.com\/wp-content\/uploads\/2024\/04\/Ministro-del-MESCyT-768x576.jpeg 768w, https:\/\/diariodominicano.com\/wp-content\/uploads\/2024\/04\/Ministro-del-MESCyT-816x612.jpeg 816w, https:\/\/diariodominicano.com\/wp-content\/uploads\/2024\/04\/Ministro-del-MESCyT.jpeg 1280w\" sizes=\"auto, (max-width: 1024px) 100vw, 1024px\" \/><\/figure>\n\n\n\n<figure class=\"wp-block-image size-large\"><img loading=\"lazy\" decoding=\"async\" width=\"1024\" height=\"768\" data-id=\"526370\" src=\"https:\/\/diariodominicano.com\/wp-content\/uploads\/2024\/04\/MesyMinistro-del-MESCyT--1024x768.jpeg\" alt=\"\" class=\"wp-image-526370\" srcset=\"https:\/\/diariodominicano.com\/wp-content\/uploads\/2024\/04\/MesyMinistro-del-MESCyT--1024x768.jpeg 1024w, https:\/\/diariodominicano.com\/wp-content\/uploads\/2024\/04\/MesyMinistro-del-MESCyT--300x225.jpeg 300w, https:\/\/diariodominicano.com\/wp-content\/uploads\/2024\/04\/MesyMinistro-del-MESCyT--768x576.jpeg 768w, https:\/\/diariodominicano.com\/wp-content\/uploads\/2024\/04\/MesyMinistro-del-MESCyT--816x612.jpeg 816w, https:\/\/diariodominicano.com\/wp-content\/uploads\/2024\/04\/MesyMinistro-del-MESCyT-.jpeg 1280w\" sizes=\"auto, (max-width: 1024px) 100vw, 1024px\" \/><\/figure>\n<\/figure>\n\n\n\n<p><\/p>\n\n\n\n<p>Asimismo, inst\u00f3 a los estudiantes de secundaria a motivarse para ser parte de programas como APOLO 27, desarrollado por estudiantes del Instituto Tecnol\u00f3gico de Santo Domingo (INTEC), quienes han participado en la divisi\u00f3n universitaria del concurso&nbsp; Stem Engagement Award de la NASA Human Exploration, realizado por la Administraci\u00f3n Nacional de Aeron\u00e1utica y el Espacio, m\u00e1s conocida como NASA, obteniendo el primer lugar.&nbsp;<\/p>\n\n\n\n<p>\u201cEstudien y prep\u00e1rense, porque la&nbsp; \u00fanica manera de progresar social y econ\u00f3micamente, es a trav\u00e9s del conocimiento, ustedes son estudiantes que nos llenan cada d\u00eda de orgullo,&nbsp; le deseamos el mejor de los \u00e9xitos\u201d, subrayo el titular del MESCyT al conversar con alumnos del Programa APOLO 27.<\/p>\n\n\n\n<p>Asimismo, el coordinador de Becas Nacionales del MESCyT, Rafel Mart\u00ednez, ofreci\u00f3 un taller para orientar a los asistentes sobre como aplicar al los programas de becas a trav\u00e9s de la plataforma Beca Tu Futuro.<\/p>\n\n\n\n<p>En ese mismo orden, los estudiantes&nbsp; del Equipo Apolo 27, \u00c1ngelo Ortiz, Ingrid L\u00f3pez, Jorge Mart\u00ednez, Anne&nbsp; Joaqu\u00edn, Hamlet Leonardo e Ismael Mart\u00ednez, destacaron como su proyecto de innovaci\u00f3n cambi\u00f3 sus vidas para siempre. N<\/p>\n\n\n\n<p><strong>Dominicana Innova 2024<\/strong><\/p>\n\n\n\n<p>Dominicana Innova 2024, es un evento organizado por el MESCyT, la Oficina Gubernamental de Tecnolog\u00edas de la Informaci\u00f3n y la Comunicaci\u00f3n (OGTIC) y&nbsp; el Gabinete de Innovaci\u00f3n, con la finalidad de incluir todas las Instituciones de Educaci\u00f3n Superior (IES) del pa\u00eds, en actividades que impulsen a los alumnos a estudiar carreras orientadas a las ciencias.&nbsp;<\/p>\n\n\n\n<p>Este a\u00f1o cuenta con la participaci\u00f3n de 14 IES, que a trav\u00e9s de la presentaci\u00f3n de proyectos, talleres y actividades, muestran a los alumnos las bondades de las carreras orientadas a las Ciencias, Tecnolog\u00edas, Ingenier\u00edas y Matem\u00e1ticas (STEM), por sus siglas en ingl\u00e9s.&nbsp;<\/p>\n\n\n\n<p>La Feria de Innovaci\u00f3n est\u00e1 abierta a todo el p\u00fablico en las instalaciones de \u00c1gora Mall.<\/p>\n\n\n\n<p>Estuvieron presentes, los directores de gabinete del MESCyT, Juan Medina, del departamento de innovaci\u00f3n , vinculaci\u00f3n&nbsp; y&nbsp; Transferencia Tecnol\u00f3gica, Domingo Mendoza&nbsp; y el encargado de innovaci\u00f3n, Stalin Cordero, as\u00ed como alumnos y maestros.&nbsp; <\/p>\n\n\n\n<p>dircommescyt@gmail.com <\/p>\n\n\n\n<p><strong>Direcci\u00f3n de Comunicaciones<\/strong><\/p>\n\n\n\n<p><strong>Departamento de Prensa&nbsp;<\/strong><\/p>\n","protected":false},"excerpt":{"rendered":"<p>Santo Domingo.-En el marco de la Segunda Feria de Innovaci\u00f3n&nbsp; \u201cDominicana Innova 2024\u201d, el ministerio de Educaci\u00f3n Superior, Ciencia y Tecnolog\u00eda (MESCyT), doctor Franklin Garc\u00eda Ferm\u00edn, destac\u00f3 la importancia de la innovaci\u00f3n para contribuir con el desarrollo educativo, econ\u00f3mico y social de la Rep\u00fablica Dominicana. \u201cEstamos comprometidos con seguir apoyando a los j\u00f3venes talentosos de [&hellip;]<\/p>\n","protected":false},"author":7,"featured_media":526368,"comment_status":"closed","ping_status":"closed","sticky":true,"template":"","format":"standard","meta":{"footnotes":""},"categories":[20,27],"tags":[],"class_list":["post-526346","post","type-post","status-publish","format-standard","has-post-thumbnail","hentry","category-dominicana-hoy","category-portada"],"_links":{"self":[{"href":"https:\/\/diariodominicano.com\/index.php?rest_route=\/wp\/v2\/posts\/526346","targetHints":{"allow":["GET"]}}],"collection":[{"href":"https:\/\/diariodominicano.com\/index.php?rest_route=\/wp\/v2\/posts"}],"about":[{"href":"https:\/\/diariodominicano.com\/index.php?rest_route=\/wp\/v2\/types\/post"}],"author":[{"embeddable":true,"href":"https:\/\/diariodominicano.com\/index.php?rest_route=\/wp\/v2\/users\/7"}],"replies":[{"embeddable":true,"href":"https:\/\/diariodominicano.com\/index.php?rest_route=%2Fwp%2Fv2%2Fcomments&post=526346"}],"version-history":[{"count":1,"href":"https:\/\/diariodominicano.com\/index.php?rest_route=\/wp\/v2\/posts\/526346\/revisions"}],"predecessor-version":[{"id":526374,"href":"https:\/\/diariodominicano.com\/index.php?rest_route=\/wp\/v2\/posts\/526346\/revisions\/526374"}],"wp:featuredmedia":[{"embeddable":true,"href":"https:\/\/diariodominicano.com\/index.php?rest_route=\/wp\/v2\/media\/526368"}],"wp:attachment":[{"href":"https:\/\/diariodominicano.com\/index.php?rest_route=%2Fwp%2Fv2%2Fmedia&parent=526346"}],"wp:term":[{"taxonomy":"category","embeddable":true,"href":"https:\/\/diariodominicano.com\/index.php?rest_route=%2Fwp%2Fv2%2Fcategories&post=526346"},{"taxonomy":"post_tag","embeddable":true,"href":"https:\/\/diariodominicano.com\/index.php?rest_route=%2Fwp%2Fv2%2Ftags&post=526346"}],"curies":[{"name":"wp","href":"https:\/\/api.w.org\/{rel}","templated":true}]}}