{"id":526340,"date":"2024-04-25T06:39:58","date_gmt":"2024-04-25T10:39:58","guid":{"rendered":"https:\/\/diariodominicano.com\/?p=526340"},"modified":"2024-04-25T12:44:11","modified_gmt":"2024-04-25T16:44:11","slug":"iad-invita-a-celebracion-misa-y-ofrenda-floral-por-62-aniversario-de-la-institucion","status":"publish","type":"post","link":"https:\/\/diariodominicano.com\/?p=526340","title":{"rendered":"IAD invita a celebraci\u00f3n Misa y Ofrenda Floral por 62 Aniversario de la instituci\u00f3n"},"content":{"rendered":"\n<p><strong>SANTO DOMINGO:<\/strong>&nbsp;El director general del Instituto Agrario Dominicano (IAD), Francisco Guillermo Garc\u00eda, encabezar\u00e1 este viernes, junto a una comisi\u00f3n de funcionarios de la entidad e invitados especiales, un programa de actividades que incluye una misa de Acci\u00f3n de Gracias en la Catedral Primada de Am\u00e9rica, al conmemorarse este s\u00e1bado 27 de abril, el 62 aniversario de la creaci\u00f3n de la entidad rectora de la Reforma Agraria.<\/p>\n\n\n\n<p>Esas actividades para conmemorar tan importante fecha se completar\u00e1n con el dep\u00f3sito de una Ofrenda Floral en el Altar de la Patria, as\u00ed como la presentaci\u00f3n de la Memoria Institucional en el Sal\u00f3n Rojo de la sede central del organismo.<\/p>\n\n\n\n<p><a><\/a>Una Nota informativa del departamento de Comunicaciones del IAD, dirigido por el veterano periodista Frank N\u00fa\u00f1ez, destaca que estos 62 a\u00f1os de existencia encuentra a la instituci\u00f3n inmersa en un cambio trascendental, con una visi\u00f3n de transformaci\u00f3n a todos los niveles para convertirla en un Instituto de Desarrollo Rural, aplicando el modelo de negocios a trav\u00e9s de la cooperativizaci\u00f3n de los asentamientos agrarios.<\/p>\n\n\n\n<p>Para las actividades conmemorativas del 62 aniversario del IAD est\u00e1n invitados los subdirectores, encargados departamentales, regionales y provinciales, junto a las unidades y secciones, as\u00ed como personalidades especiales de otras instituciones, dirigentes de asociaciones y organismos estatales. <\/p>\n\n\n\n<p>relacionespublicasiad@gmail.com <\/p>\n\n\n\n<p>Departamento de Comunicaciones<\/p>\n\n\n\n<p><strong>Instituto Agrario Dominicano (IAD)<\/strong><\/p>\n\n\n\n<p>Tel.: 809-620-6585, ext. 122 \/113<\/p>\n\n\n\n<p><strong><a href=\"http:\/\/www.iad.gob.do\/\" target=\"_blank\" rel=\"noreferrer noopener\">www.iad.gob.do<\/a><\/strong><\/p>\n\n\n\n<p>Twitter: @IADRD<\/p>\n\n\n\n<p>Instagram:&nbsp;@IADRD<\/p>\n\n\n\n<p>Facebook.com\/IADRD&nbsp; &nbsp; &nbsp; &nbsp; &nbsp;&nbsp;<\/p>\n\n\n\n<p>Flickr.com\/photos\/iadrd<\/p>\n","protected":false},"excerpt":{"rendered":"<p>SANTO DOMINGO:&nbsp;El director general del Instituto Agrario Dominicano (IAD), Francisco Guillermo Garc\u00eda, encabezar\u00e1 este viernes, junto a una comisi\u00f3n de funcionarios de la entidad e invitados especiales, un programa de actividades que incluye una misa de Acci\u00f3n de Gracias en la Catedral Primada de Am\u00e9rica, al conmemorarse este s\u00e1bado 27 de abril, el 62 aniversario [&hellip;]<\/p>\n","protected":false},"author":7,"featured_media":526360,"comment_status":"closed","ping_status":"closed","sticky":false,"template":"","format":"standard","meta":{"footnotes":""},"categories":[20],"tags":[],"class_list":["post-526340","post","type-post","status-publish","format-standard","has-post-thumbnail","hentry","category-dominicana-hoy"],"_links":{"self":[{"href":"https:\/\/diariodominicano.com\/index.php?rest_route=\/wp\/v2\/posts\/526340","targetHints":{"allow":["GET"]}}],"collection":[{"href":"https:\/\/diariodominicano.com\/index.php?rest_route=\/wp\/v2\/posts"}],"about":[{"href":"https:\/\/diariodominicano.com\/index.php?rest_route=\/wp\/v2\/types\/post"}],"author":[{"embeddable":true,"href":"https:\/\/diariodominicano.com\/index.php?rest_route=\/wp\/v2\/users\/7"}],"replies":[{"embeddable":true,"href":"https:\/\/diariodominicano.com\/index.php?rest_route=%2Fwp%2Fv2%2Fcomments&post=526340"}],"version-history":[{"count":1,"href":"https:\/\/diariodominicano.com\/index.php?rest_route=\/wp\/v2\/posts\/526340\/revisions"}],"predecessor-version":[{"id":526373,"href":"https:\/\/diariodominicano.com\/index.php?rest_route=\/wp\/v2\/posts\/526340\/revisions\/526373"}],"wp:featuredmedia":[{"embeddable":true,"href":"https:\/\/diariodominicano.com\/index.php?rest_route=\/wp\/v2\/media\/526360"}],"wp:attachment":[{"href":"https:\/\/diariodominicano.com\/index.php?rest_route=%2Fwp%2Fv2%2Fmedia&parent=526340"}],"wp:term":[{"taxonomy":"category","embeddable":true,"href":"https:\/\/diariodominicano.com\/index.php?rest_route=%2Fwp%2Fv2%2Fcategories&post=526340"},{"taxonomy":"post_tag","embeddable":true,"href":"https:\/\/diariodominicano.com\/index.php?rest_route=%2Fwp%2Fv2%2Ftags&post=526340"}],"curies":[{"name":"wp","href":"https:\/\/api.w.org\/{rel}","templated":true}]}}