{"id":526330,"date":"2024-04-25T01:48:36","date_gmt":"2024-04-25T05:48:36","guid":{"rendered":"https:\/\/diariodominicano.com\/?p=526330"},"modified":"2024-04-25T01:48:39","modified_gmt":"2024-04-25T05:48:39","slug":"el-legado-colonial-en-haiti-deudas-impagas-y-lucha-por-la-autonomia","status":"publish","type":"post","link":"https:\/\/diariodominicano.com\/?p=526330","title":{"rendered":"El legado colonial en Hait\u00ed: deudas impagas y lucha por la autonom\u00eda"},"content":{"rendered":"\n<p>Dos mujeres miran el busto del l\u00edder de la Revoluci\u00f3n haitiana, el general Toussaint Louverture, el 5 de mayo de 2018 en Burdeos, Francia, durante una visita guiada sobre la historia de la esclavitud.<\/p>\n\n\n\n<p>abril 24, 2024<\/p>\n\n\n\n<ul class=\"wp-block-list\">\n<li><a href=\"https:\/\/www.vozdeamerica.com\/author\/sandrine-exil\/qyit_\">Sandrine Exil<\/a><\/li>\n<\/ul>\n\n\n\n<ul class=\"wp-block-list\">\n<li><a href=\"https:\/\/facebook.com\/sharer.php?u=https%3a%2f%2fwww.vozdeamerica.com%2fa%2flegado-colonial-hait-deudas-impagas-%2f7583894.html\" target=\"_blank\" rel=\"noreferrer noopener\"><\/a><\/li>\n\n\n\n<li><a href=\"https:\/\/twitter.com\/share?url=https%3a%2f%2fwww.vozdeamerica.com%2fa%2flegado-colonial-hait-deudas-impagas-%2f7583894.html&amp;text=El+legado+colonial+en+Hait%c3%ad%3a+deudas+impagas+y+lucha+por+la+autonom%c3%ada\" target=\"_blank\" rel=\"noreferrer noopener\"><\/a><\/li>\n\n\n\n<li><\/li>\n\n\n\n<li><a href=\"mailto:?body=https%3a%2f%2fwww.vozdeamerica.com%2fa%2flegado-colonial-hait-deudas-impagas-%2f7583894.html&amp;subject=El%20legado%20colonial%20en%20Hait%C3%AD:%20deudas%20impagas%20y%20lucha%20por%20la%20autonom%C3%ADa\"><\/a><\/li>\n<\/ul>\n\n\n\n<p><a href=\"https:\/\/www.vozdeamerica.com\/a\/legado-colonial-hait-deudas-impagas-\/7583894.html#comments\">&nbsp;Vea comentarios<\/a><\/p>\n\n\n\n<p>Un conjunto de organizaciones de la sociedad civil haitiana insisti\u00f3 en que Francia devolviera la deuda de la independencia de Hait\u00ed.<\/p>\n\n\n\n<p>Grupos de la sociedad civil en Hait\u00ed contin\u00faan luchando hacer valer la devoluci\u00f3n de la deuda impuesta por Francia despu\u00e9s de la Revoluci\u00f3n haitiana en 1804.<\/p>\n\n\n\n<p>Son 20 organizaciones no gubernamentales que buscan una nueva comisi\u00f3n independiente para supervisar el proceso de&nbsp;<strong><em><a href=\"https:\/\/www.vozdeamerica.com\/a\/grupos-haitianos-buscan-francia-pague-miles-millones-\/7575683.html\" target=\"_blank\" rel=\"noreferrer noopener\">devoluci\u00f3n de la deuda<\/a><\/em><\/strong>, que consideran un rescate. Argumentan que el dinero deber\u00eda destinarse a proyectos p\u00fablicos en Hait\u00ed.<\/p>\n\n\n\n<p>Monique Clesca, una activista de la sociedad civil local y coordinadora del movimiento, afirm\u00f3 que era crucial que Francia reconociera esto y avanzara con la reparaci\u00f3n.<\/p>\n\n\n\n<p>Recordando la historia, despu\u00e9s de obtener su independencia en 1804, tras una revuelta de esclavos, el Bar\u00f3n de Mackau, enviado del rey de Francia, entreg\u00f3 al presidente de Hait\u00ed en ese momento, Jean-Pierre Boyer, la Ordenanza de Carlos X el 17 de abril de 1825.<\/p>\n\n\n\n<p>Seg\u00fan esta ordenanza, Hait\u00ed tuvo que pagar grandes compensaciones a la potencia colonial de la que se hab\u00eda liberado. El acuerdo ofrec\u00eda a Hait\u00ed el reconocimiento diplom\u00e1tico franc\u00e9s a cambio de una reducci\u00f3n del 50 % en los aranceles de importaci\u00f3n franceses y una compensaci\u00f3n de 150 millones de francos (aproximadamente 21.000 millones de d\u00f3lares hoy en d\u00eda), pagaderos en cinco cuotas.<\/p>\n\n\n\n<p>El pa\u00eds tard\u00f3 122 a\u00f1os en saldar su deuda relacionada con la independencia.<\/p>\n\n\n\n<h3 class=\"wp-block-heading\">El precio de la libertad haitiana<\/h3>\n\n\n\n<p>Hait\u00ed alcanz\u00f3 un hito en 1804 al convertirse en el primer pa\u00eds independiente de Am\u00e9rica Latina y el Caribe gracias a la Revoluci\u00f3n Haitiana, la rebeli\u00f3n de esclavos m\u00e1s exitosa de la historia.<\/p>\n\n\n\n<p>Sin embargo, en 1825, Francia condicion\u00f3 el reconocimiento de la independencia haitiana a cambio de 150 millones de francos, que equival\u00edan aproximadamente a tres veces el PIB de Hait\u00ed en aquel momento. Tambi\u00e9n exigieron que se redujeran a la mitad los aranceles de importaci\u00f3n de productos franceses.<\/p>\n\n\n\n<p>Jean-Claude Bruffaerts, escritor haitiano, se\u00f1al\u00f3 que los vencedores de la revoluci\u00f3n pagaron reparaciones a los vencidos, debido al temor a otra invasi\u00f3n militar. Hait\u00ed tuvo que solicitar pr\u00e9stamos a bancos franceses, con tasas de inter\u00e9s elevadas, para poder saldar sus deudas. Los economistas denominaron a esto como una \u00abdoble deuda\u00bb, y no fue hasta 1947 que Hait\u00ed logr\u00f3 saldar la cuenta.<\/p>\n\n\n\n<p><a href=\"https:\/\/www.vozdeamerica.com\/a\/mujeres-embarazadas-haiti-atrapadas-violencia-\/7580678.html\"><\/a><\/p>\n\n\n\n<p><a href=\"https:\/\/www.vozdeamerica.com\/a\/mujeres-embarazadas-haiti-atrapadas-violencia-\/7580678.html\">TAMBI\u00c9N LEA<\/a><\/p>\n\n\n\n<h4 class=\"wp-block-heading\"><a href=\"https:\/\/www.vozdeamerica.com\/a\/mujeres-embarazadas-haiti-atrapadas-violencia-\/7580678.html\">Mujeres embarazadas en Hait\u00ed atrapadas en medio de la violencia<\/a><\/h4>\n\n\n\n<p>\u201cEste dinero no pudo destinarse a infraestructuras esenciales como carreteras, escuelas y hospitales, as\u00ed como a la protecci\u00f3n militar, lo que fren\u00f3 el desarrollo econ\u00f3mico del pa\u00eds\u201d, explic\u00f3 Bruffaerts. Esto se evidencia a\u00fan hoy en d\u00eda con la falta de carreteras en algunas zonas, servicios de salud inadecuados y escuelas sin electricidad.<\/p>\n\n\n\n<p>Myriam Cottias, historiadora y directora del Centro Internacional de Investigaci\u00f3n sobre la Esclavitud y la Post-Esclavitud, mencion\u00f3 que los pa\u00edses que se liberaron de la esclavitud lucharon por crear sociedades homog\u00e9neas.<\/p>\n\n\n\n<p>Destac\u00f3 que la esclavitud genera inestabilidad pol\u00edtica y que las divisiones sociales causadas por ella persisten a lo largo del tiempo, como se observa en Hait\u00ed hoy en d\u00eda, con una \u00e9lite corrupta y una poblaci\u00f3n mayoritariamente empobrecida.<\/p>\n\n\n\n<h3 class=\"wp-block-heading\">Los principios de libertad, igualdad y fraternidad<\/h3>\n\n\n\n<p>La Revoluci\u00f3n Francesa dej\u00f3 una huella en Hait\u00ed, seg\u00fan afirm\u00f3 el historiador haitiano Jean Fritzner Etienne. Los haitianos se inspiraron en los principios de libertad, igualdad, fraternidad y derechos humanos de la Revoluci\u00f3n Francesa. Sin embargo, Etienne mencion\u00f3 que los franceses no extendieron estos principios m\u00e1s all\u00e1 de sus propias fronteras.<\/p>\n\n\n\n<p>Etienne tambi\u00e9n destac\u00f3 el papel de Estados Unidos en la percepci\u00f3n de inferioridad de Hait\u00ed. Durante su ocupaci\u00f3n de 1915 a 1934, Estados Unidos reforz\u00f3 esta percepci\u00f3n. Adem\u00e1s, Etienne mencion\u00f3 el apoyo estadounidense a las dictaduras brutales de Fran\u00e7ois y Jean-Claude Duvalier, conocidos como&nbsp;<em>Papa Doc<\/em>&nbsp;y&nbsp;<em>Baby Doc<\/em>, respectivamente.<\/p>\n\n\n\n<figure class=\"wp-block-image\"><img decoding=\"async\" src=\"https:\/\/gdb.voanews.com\/01000000-0aff-0242-7e98-08dc64b3f9d5_w650_r1_s.jpg\" alt=\"Los partidarios del ex presidente haitiano Jean-Claude &quot;Baby Doc&quot; Duvalier se manifiestan frente al tribunal el 18 de enero de 2011 en Puerto Pr\u00edncipe.\"\/><figcaption class=\"wp-element-caption\">Los partidarios del ex presidente haitiano Jean-Claude \u00abBaby Doc\u00bb Duvalier se manifiestan frente al tribunal el 18 de enero de 2011 en Puerto Pr\u00edncipe.<\/figcaption><\/figure>\n\n\n\n<p>En 2003, el presidente Jean-Bertrand Aristide exigi\u00f3 a Francia que devolviera la deuda impuesta a Hait\u00ed, que ascend\u00eda a casi 22 mil millones de d\u00f3lares en ese momento. Sin embargo, un a\u00f1o despu\u00e9s, Aristide fue derrocado en un golpe orquestado por Francia y Estados Unidos.<\/p>\n\n\n\n<p>Cuando se le pregunt\u00f3 al Ministerio de Relaciones Exteriores franc\u00e9s sobre la posibilidad de devolver la deuda en una conferencia de prensa reciente, la respuesta fue que esto \u00abno est\u00e1 actualmente en discusi\u00f3n\u00bb.<\/p>\n\n\n\n<p>Los observadores no creen que Francia devuelva el dinero. Laurent Giacobbi, del Instituto Franc\u00e9s de Asuntos Internacionales y Estrat\u00e9gicos (IRIS), dijo que ninguna potencia colonial anterior lo har\u00eda, ya que esto podr\u00eda provocar reclamaciones de todas las excolonias.<\/p>\n\n\n\n<h3 class=\"wp-block-heading\">Persiste la intervenci\u00f3n internacional en el pa\u00eds desde su fundaci\u00f3n<\/h3>\n\n\n\n<p>La comunidad internacional respald\u00f3 a Ariel Henry, ex primer ministro interino a pesar de su impopularidad desde el principio, tras el&nbsp;<strong><em><a href=\"https:\/\/www.vozdeamerica.com\/a\/america-latina_asesinan-tiros-en-su-casa-presidente-haitiano-comunicado\/6075050.html\" target=\"_blank\" rel=\"noreferrer noopener\">asesinato del presidente Jovenel Mo\u00efse<\/a><\/em><\/strong>&nbsp;en julio de 2021.<\/p>\n\n\n\n<p>Frederic Thomas, del Centro Tricontinental en Louvain-la-Neuve, B\u00e9lgica, expres\u00f3 a&nbsp;<em>DW&nbsp;<\/em>que las antiguas potencias coloniales todav\u00eda mantienen una perspectiva colonial de Hait\u00ed. Seg\u00fan \u00e9l, consideran que el pa\u00eds es dif\u00edcil de gobernar, lo que justifica la intervenci\u00f3n internacional.<\/p>\n\n\n\n<p>\u00abPara romper el ciclo de violencia y caos, la poblaci\u00f3n haitiana debe decidir su pr\u00f3ximo paso\u00bb, dijo Thomas. Propuso la formaci\u00f3n de un gobierno de transici\u00f3n con la ayuda del Grupo Montana, que incluye representantes de la sociedad civil, la iglesia y los sindicatos. Este gobierno tendr\u00eda que decidir si se despliegan tropas internacionales en el pa\u00eds y c\u00f3mo se llevar\u00eda a cabo este proceso.<\/p>\n\n\n\n<p>Bruffaerts espera que la comunidad internacional permita a los haitianos determinar su futuro. Sugiri\u00f3 que Francia invierta parte del dinero que recibi\u00f3 de Hait\u00ed en infraestructura para ayudar al desarrollo econ\u00f3mico de la isla.<\/p>\n","protected":false},"excerpt":{"rendered":"<p>Dos mujeres miran el busto del l\u00edder de la Revoluci\u00f3n haitiana, el general Toussaint Louverture, el 5 de mayo de 2018 en Burdeos, Francia, durante una visita guiada sobre la historia de la esclavitud. abril 24, 2024 &nbsp;Vea comentarios Un conjunto de organizaciones de la sociedad civil haitiana insisti\u00f3 en que Francia devolviera la deuda [&hellip;]<\/p>\n","protected":false},"author":28,"featured_media":0,"comment_status":"closed","ping_status":"closed","sticky":false,"template":"","format":"standard","meta":{"footnotes":""},"categories":[21,36,26],"tags":[],"class_list":["post-526330","post","type-post","status-publish","format-standard","hentry","category-cultura","category-hombresmujeresycosas","category-efemerides"],"_links":{"self":[{"href":"https:\/\/diariodominicano.com\/index.php?rest_route=\/wp\/v2\/posts\/526330","targetHints":{"allow":["GET"]}}],"collection":[{"href":"https:\/\/diariodominicano.com\/index.php?rest_route=\/wp\/v2\/posts"}],"about":[{"href":"https:\/\/diariodominicano.com\/index.php?rest_route=\/wp\/v2\/types\/post"}],"author":[{"embeddable":true,"href":"https:\/\/diariodominicano.com\/index.php?rest_route=\/wp\/v2\/users\/28"}],"replies":[{"embeddable":true,"href":"https:\/\/diariodominicano.com\/index.php?rest_route=%2Fwp%2Fv2%2Fcomments&post=526330"}],"version-history":[{"count":1,"href":"https:\/\/diariodominicano.com\/index.php?rest_route=\/wp\/v2\/posts\/526330\/revisions"}],"predecessor-version":[{"id":526331,"href":"https:\/\/diariodominicano.com\/index.php?rest_route=\/wp\/v2\/posts\/526330\/revisions\/526331"}],"wp:attachment":[{"href":"https:\/\/diariodominicano.com\/index.php?rest_route=%2Fwp%2Fv2%2Fmedia&parent=526330"}],"wp:term":[{"taxonomy":"category","embeddable":true,"href":"https:\/\/diariodominicano.com\/index.php?rest_route=%2Fwp%2Fv2%2Fcategories&post=526330"},{"taxonomy":"post_tag","embeddable":true,"href":"https:\/\/diariodominicano.com\/index.php?rest_route=%2Fwp%2Fv2%2Ftags&post=526330"}],"curies":[{"name":"wp","href":"https:\/\/api.w.org\/{rel}","templated":true}]}}