{"id":526294,"date":"2024-04-25T01:05:31","date_gmt":"2024-04-25T05:05:31","guid":{"rendered":"https:\/\/diariodominicano.com\/?p=526294"},"modified":"2024-04-25T01:09:59","modified_gmt":"2024-04-25T05:09:59","slug":"uasd-conmemora-gesta-patriotica-abril-1965","status":"publish","type":"post","link":"https:\/\/diariodominicano.com\/?p=526294","title":{"rendered":"UASD conmemora gesta patri\u00f3tica Abril 1965"},"content":{"rendered":"\n<p>Los exrectores de la UASD Porfirio Garc\u00eda e Iv\u00e1n Grull\u00f3n durante el izamiento de las banderas nacional y universitaria en conmemoraci\u00f3n de la gesta de abril del 65.<\/p>\n\n\n\n<figure class=\"wp-block-image size-large\"><img loading=\"lazy\" decoding=\"async\" width=\"1024\" height=\"871\" src=\"https:\/\/diariodominicano.com\/wp-content\/uploads\/2024\/04\/IVAN-GRULON-1024x871.jpg\" alt=\"\" class=\"wp-image-526298\" srcset=\"https:\/\/diariodominicano.com\/wp-content\/uploads\/2024\/04\/IVAN-GRULON-1024x871.jpg 1024w, https:\/\/diariodominicano.com\/wp-content\/uploads\/2024\/04\/IVAN-GRULON-300x255.jpg 300w, https:\/\/diariodominicano.com\/wp-content\/uploads\/2024\/04\/IVAN-GRULON-768x653.jpg 768w, https:\/\/diariodominicano.com\/wp-content\/uploads\/2024\/04\/IVAN-GRULON-816x694.jpg 816w, https:\/\/diariodominicano.com\/wp-content\/uploads\/2024\/04\/IVAN-GRULON.jpg 1348w\" sizes=\"auto, (max-width: 1024px) 100vw, 1024px\" \/><\/figure>\n\n\n\n<p>La Universidad Aut\u00f3noma de Santo Domingo UASD conmemor\u00f3 este mi\u00e9rcoles&nbsp; el 59 aniversario de la gesta patri\u00f3tica del 24 abril de 1965.<\/p>\n\n\n\n<p>Durante la actividad encabezada por la vicerrectora de Extensi\u00f3n, maestra Rosal\u00eda Sosa, los pasados rectores de esa academia Porfirio Garc\u00eda, Franklin Garc\u00eda Ferm\u00edn e Iv\u00e1n Grull\u00f3n Fern\u00e1ndez, acompa\u00f1ado de otras autoridades acad\u00e9micas, se realiz\u00f3 el izamiento de las banderas nacional, universitaria y el dep\u00f3sito de una ofrenda floral.<\/p>\n\n\n\n<p>Sosa al hablar durante una ofrenda floral depositada en la Puerta Monumental Gesta de Abril, Movimiento Renovador, destac\u00f3 el compromiso de la Primada de Am\u00e9rica de mantener viva tan significativa efem\u00e9ride patria como lo fue el levantamiento popular&nbsp; del abril de 1965.<\/p>\n\n\n\n<p>\u201cSomos de las pocas instituciones que conmemora un d\u00eda como hoy 24 de abril, recordando el suceso en donde los partidarios del presidente derrocado Juan Bosch y los constitucionalistas lanzaron un contraataque a las fuerzas leales al gobierno provisional \u00ab, dijo Sosa.<\/p>\n\n\n\n<p>Subray\u00f3 que en sus inicios el levantamiento fue un intento por restaurar el gobierno democr\u00e1tico del presidente Bosch.<\/p>\n\n\n\n<p>\u201cEl curso de los acontecimientos de aquel abril hist\u00f3rico cambi\u00f3, cuando se produce el 28 de abril, la segunda intervenci\u00f3n norteamericana al pa\u00eds, donde varios profesores y empleados de nuestra academia participaron activamente en contra de esa intervenci\u00f3n y exigiendo la vuelta a la constitucionalidad\u00bb, expres\u00f3 la funcionaria.<\/p>\n\n\n\n<p>Manifest\u00f3 que \u00bb este acto que realizamos cada a\u00f1o es una oportunidad para honrar la memoria de todos aquellos que perdieron la vida y para celebrar los valores de la libertad, democracia, soberan\u00eda nacional\u00bb.<\/p>\n\n\n\n<p>En la actividad conmemorativa por la gesta patri\u00f3tica de abril de 1965, los pasados rectores de esa academia, Iv\u00e1n Grull\u00f3n Fern\u00e1ndez y Porfirio Garc\u00eda, realizaron el izamiento de las\u00a0banderas nacional y universitaria, respectivamente.<\/p>\n\n\n\n<p>Relaciones P\u00fablicas<\/p>\n\n\n\n<p><a target=\"_blank\" href=\"mailto:relacionespublicas@uasd.edu.do\" rel=\"noreferrer noopener\">relacionespublicas@uasd.edu.do<\/a><\/p>\n\n\n\n<p><\/p>\n\n\n\n<figure class=\"wp-block-table\"><table><tbody><tr><td><\/td><td><\/td><\/tr><\/tbody><\/table><\/figure>\n","protected":false},"excerpt":{"rendered":"<p>Los exrectores de la UASD Porfirio Garc\u00eda e Iv\u00e1n Grull\u00f3n durante el izamiento de las banderas nacional y universitaria en conmemoraci\u00f3n de la gesta de abril del 65. La Universidad Aut\u00f3noma de Santo Domingo UASD conmemor\u00f3 este mi\u00e9rcoles&nbsp; el 59 aniversario de la gesta patri\u00f3tica del 24 abril de 1965. Durante la actividad encabezada por [&hellip;]<\/p>\n","protected":false},"author":28,"featured_media":526295,"comment_status":"closed","ping_status":"closed","sticky":true,"template":"","format":"standard","meta":{"footnotes":""},"categories":[26,27],"tags":[],"class_list":["post-526294","post","type-post","status-publish","format-standard","has-post-thumbnail","hentry","category-efemerides","category-portada"],"_links":{"self":[{"href":"https:\/\/diariodominicano.com\/index.php?rest_route=\/wp\/v2\/posts\/526294","targetHints":{"allow":["GET"]}}],"collection":[{"href":"https:\/\/diariodominicano.com\/index.php?rest_route=\/wp\/v2\/posts"}],"about":[{"href":"https:\/\/diariodominicano.com\/index.php?rest_route=\/wp\/v2\/types\/post"}],"author":[{"embeddable":true,"href":"https:\/\/diariodominicano.com\/index.php?rest_route=\/wp\/v2\/users\/28"}],"replies":[{"embeddable":true,"href":"https:\/\/diariodominicano.com\/index.php?rest_route=%2Fwp%2Fv2%2Fcomments&post=526294"}],"version-history":[{"count":3,"href":"https:\/\/diariodominicano.com\/index.php?rest_route=\/wp\/v2\/posts\/526294\/revisions"}],"predecessor-version":[{"id":526301,"href":"https:\/\/diariodominicano.com\/index.php?rest_route=\/wp\/v2\/posts\/526294\/revisions\/526301"}],"wp:featuredmedia":[{"embeddable":true,"href":"https:\/\/diariodominicano.com\/index.php?rest_route=\/wp\/v2\/media\/526295"}],"wp:attachment":[{"href":"https:\/\/diariodominicano.com\/index.php?rest_route=%2Fwp%2Fv2%2Fmedia&parent=526294"}],"wp:term":[{"taxonomy":"category","embeddable":true,"href":"https:\/\/diariodominicano.com\/index.php?rest_route=%2Fwp%2Fv2%2Fcategories&post=526294"},{"taxonomy":"post_tag","embeddable":true,"href":"https:\/\/diariodominicano.com\/index.php?rest_route=%2Fwp%2Fv2%2Ftags&post=526294"}],"curies":[{"name":"wp","href":"https:\/\/api.w.org\/{rel}","templated":true}]}}