{"id":52628,"date":"2020-06-19T22:59:23","date_gmt":"2020-06-19T22:59:23","guid":{"rendered":"http:\/\/diariodominicano.ddns.net\/?p=52628"},"modified":"2020-06-19T22:59:23","modified_gmt":"2020-06-19T22:59:23","slug":"fuerza-del-pueblo-realizara-el-21-de-junio-el-primer-festival-cultural-europeo","status":"publish","type":"post","link":"https:\/\/diariodominicano.com\/?p=52628","title":{"rendered":"Fuerza del Pueblo realizar\u00e1 el 21 de junio el primer \u00abFestival Cultural Europeo\u00bb &#13;"},"content":{"rendered":"<p><body><\/p>\n<p><img decoding=\"async\" src=\"img3\/Primer Festival Cultural Europeo.jpg\" \/>  <\/p>\n<p><strong>diariodominicano.com<\/strong><\/p>\n<p><strong>Santo Domingo, R. D., 19 de junio, 2020.- El pr\u00f3ximo 21 de junio se presenta por primera vez el primer Festival Cultural Europeo en horario abierto por la plataforma Youtube, comenzando a las 20:00 horas para Europa y simult\u00e1neamente para toda Am\u00e9rica a las 2 de la tarde.<\/strong><\/p>\n<\/p>\n<p><strong>La informaci\u00f3n la da a conocer el equipo de Comunicaci\u00f3n de Fuerza del Pueblo en Madrid, quienes resaltan que el evento art\u00edstico contar\u00e1 con la participaci\u00f3n de un grupo de artistas dominicanos radicados en Alemania, B\u00e9lgica, Italia, Holanda, Reino Unido y Suiza, siendo Espa\u00f1a el pa\u00eds anfitri\u00f3n con representaci\u00f3n de todas las comunidades aut\u00f3nomas.<\/strong><\/p>\n<\/p>\n<p><strong>Se presentar\u00e1n artistas de la talla de Sislena Caparrosa, J. Rodr\u00edguez (El Cha Rubirosa), Anyelina Blanco, Horacio \u00abel Lim\u00f3n\u00bb, Blesh, Danna Ruiz, Elvis Rodr\u00edguez (el Swing), Bigband, Blaka01 &amp; Taver, Jay Dc, Jdelacruz, Micha Freestyle, Uribe, Grupo de Danza de Bristol, el Teatro Quisqueya, Performance del artista Roque Ferm\u00edn, Nono Flow, Janibel Benitez, Ballet Folkl\u00f3rico Dominicano de Albacete, dirigido por Euclides de Le\u00f3n, Grupo Danza Moderna, coordinado por David G\u00f3mez, Danny Valdez, J Iral, Dehlis Quezada, entre otros.<\/strong><\/p>\n<\/p>\n<p><strong>El encuentro art\u00edstico cultural tendr\u00e1 como objetivo promover el talento dominicano de la Di\u00e1spora en Europa, fomentar la identidad cultural dominicana y dar a conocer la propuesta para los dominicanos del candidato presidencial de Fuerza del Pueblo y aliados, Leonel Fern\u00e1ndez, as\u00ed como del candidato a diputado de Ultramar Marcos Cross S\u00e1nchez, de la candadita a diputada por el Partido Reformista Social Cristiano (PRSC), Maribel Guante.<\/strong><\/p>\n<\/p>\n<p><strong>Este evento est\u00e1 coordinado por Dolquisa Olivarez, subsecretaria de Cultura de Europa de la \u00abFuerza Cultural con Leonel\u00bb, en coordinaci\u00f3n con la Secretaria de Cultura de La Fuerza del Pueblo, que dirige Jos\u00e9 Rafael Lantigua y la Secretar\u00eda de Comunicaci\u00f3n en Espa\u00f1a bajo la direcci\u00f3n de Oscar Jim\u00e9nez.<\/strong><\/p>\n<\/p>\n<p><strong>http:\/\/www.leonelpatupais.com\/secretaria-de-cultura-espana-presentara-primer-festival-cultural-europeo\/ <\/strong><\/p>\n<p><strong>REDES SOCIALES DEL EVENTO:<\/strong><\/p>\n<p><strong>Twitter: @Leonelpatupais1  <\/strong><\/p>\n<p><strong>https:\/\/twitter.com\/Leonelpatupais1 <\/strong><\/p>\n<p><strong>Canal en YouTube: Leonel Pa Tu Pa\u00eds<\/strong><\/p>\n<p><strong>o https:\/\/www.youtube.com\/channel\/UC8uoCdKiLvvZMDvc8N_50fA\/featured?view_as=subscriber<\/strong><\/p>\n<p><strong>P\u00e1gina Web: www.Leonelpatupais.com<\/strong><\/p>\n<p><strong>Instagram: @leonelpatupais2020 <\/strong><\/p>\n<p><strong>Facebook Page: Leonelpatupa\u00eds @LeonelpatuPaisES<\/strong><\/p>\n<p><strong>https:\/\/www.facebook.com\/LeonelpatuPaisES\/ <\/strong><\/p>\n<p><strong>Secretar\u00eda de Comunicaci\u00f3n                           <\/strong><\/p>\n<p><strong>Fuerza del Pueblo<\/strong><\/p>\n<h6> 2020-06-19 22:59:23 <\/h6>\n<p><!--\n<link rel=\"stylesheet\" href=\"css\/bootstrap.min.css\">\n\n\n<ul class=\"pagination\">\n\t    \n\t\n\n<li >\n\t<a href='?page_no=494'>Previous<\/a>\n\t<\/li>\n\n\n       \n    \n\n<li><a href='?page_no=1'>1<\/a><\/li>\n\n\n\n<li><a href='?page_no=2'>2<\/a><\/li>\n\n\n\n<li><a>...<\/a><\/li>\n\n\n\n<li><a href='?page_no=493'>493<\/a><\/li>\n\n\n\n<li><a href='?page_no=494'>494<\/a><\/li>\n\n\n\n<li class='active'><a>495<\/a><\/li>\n\n\n\n<li><a href='?page_no=496'>496<\/a><\/li>\n\n\n\n<li><a href='?page_no=497'>497<\/a><\/li>\n\n\n\n<li><a>...<\/a><\/li>\n\n\n\n<li><a href='?page_no=22911'>22911<\/a><\/li>\n\n\n\n<li><a href='?page_no=22912'>22912<\/a><\/li>\n\n    \n\t\n\n<li >\n\t<a href='?page_no=496'>Next<\/a>\n\t<\/li>\n\n\n    \n\n<li><a href='?page_no=22912'>Last &rsaquo;&rsaquo;<\/a><\/li>\n\n<\/ul>\n\n\n--><br \/>\n<\/body><\/p>\n","protected":false},"excerpt":{"rendered":"<p>diariodominicano.com Santo Domingo, R. D., 19 de junio, 2020.- El pr\u00f3ximo 21 de junio se presenta por primera vez el primer Festival Cultural Europeo en horario abierto por la plataforma Youtube, comenzando a las 20:00 horas para Europa y simult\u00e1neamente para toda Am\u00e9rica a las 2 de la tarde. La informaci\u00f3n la da a conocer [&hellip;]<\/p>\n","protected":false},"author":3,"featured_media":0,"comment_status":"open","ping_status":"open","sticky":false,"template":"","format":"standard","meta":{"footnotes":""},"categories":[21],"tags":[],"class_list":["post-52628","post","type-post","status-publish","format-standard","hentry","category-cultura"],"_links":{"self":[{"href":"https:\/\/diariodominicano.com\/index.php?rest_route=\/wp\/v2\/posts\/52628","targetHints":{"allow":["GET"]}}],"collection":[{"href":"https:\/\/diariodominicano.com\/index.php?rest_route=\/wp\/v2\/posts"}],"about":[{"href":"https:\/\/diariodominicano.com\/index.php?rest_route=\/wp\/v2\/types\/post"}],"author":[{"embeddable":true,"href":"https:\/\/diariodominicano.com\/index.php?rest_route=\/wp\/v2\/users\/3"}],"replies":[{"embeddable":true,"href":"https:\/\/diariodominicano.com\/index.php?rest_route=%2Fwp%2Fv2%2Fcomments&post=52628"}],"version-history":[{"count":0,"href":"https:\/\/diariodominicano.com\/index.php?rest_route=\/wp\/v2\/posts\/52628\/revisions"}],"wp:attachment":[{"href":"https:\/\/diariodominicano.com\/index.php?rest_route=%2Fwp%2Fv2%2Fmedia&parent=52628"}],"wp:term":[{"taxonomy":"category","embeddable":true,"href":"https:\/\/diariodominicano.com\/index.php?rest_route=%2Fwp%2Fv2%2Fcategories&post=52628"},{"taxonomy":"post_tag","embeddable":true,"href":"https:\/\/diariodominicano.com\/index.php?rest_route=%2Fwp%2Fv2%2Ftags&post=52628"}],"curies":[{"name":"wp","href":"https:\/\/api.w.org\/{rel}","templated":true}]}}