{"id":526275,"date":"2024-04-25T00:47:59","date_gmt":"2024-04-25T04:47:59","guid":{"rendered":"https:\/\/diariodominicano.com\/?p=526275"},"modified":"2024-04-25T00:49:44","modified_gmt":"2024-04-25T04:49:44","slug":"fundacion-altice-habilita-sala-de-telepresencialidad-pedagogica-en-el-instituto-politecnico-loyola","status":"publish","type":"post","link":"https:\/\/diariodominicano.com\/?p=526275","title":{"rendered":"Fundaci\u00f3n Altice habilita sala de telepresencialidad pedag\u00f3gica en el Instituto Polit\u00e9cnico Loyola"},"content":{"rendered":"\n<p>Danilo Ginebra, CEO de Altice y presidente de la Fundaci\u00f3n Altice y el rector del\u2002 Instituto Polit\u00e9cnico Loyola (IPL) el  Padre Jos\u00e9 Victoriano, S.J<\/p>\n\n\n\n<p><em>Para el funcionamiento de esta sala, la empresa de telecomunicaciones aporta todo el equipamiento tecnol\u00f3gico e internet de fibra de alta velocidad, complementado adem\u00e1s por mentor\u00edas y oportunidades de inserci\u00f3n laboral a j\u00f3venes.<\/em><strong><\/strong><\/p>\n\n\n\n<p><strong>Santo Domingo, RD.-<\/strong>\u00a0 Unos 13,398 estudiantes del Instituto Polit\u00e9cnico Loyola (IPL), distribuidos en todos los niveles acad\u00e9micos, podr\u00e1n aprovechar las facilidades de la nueva sala de telepresencialidad pedag\u00f3gica reci\u00e9n habilitada por Fundaci\u00f3n Altice.<\/p>\n\n\n\n<p>La sala est\u00e1 orientada a la creaci\u00f3n de material did\u00e1ctico, as\u00ed como a la transmisi\u00f3n en directo de clases magistrales, v\u00eda las plataformas oficiales del IPL. Tambi\u00e9n ser\u00e1 empleada para conferencias, eventos acad\u00e9micos, institucionales, y programas educativos orientados a reforzar las capacidades de los estudiantes.<\/p>\n\n\n\n<p>El acuerdo establecido con el Instituto Polit\u00e9cnico Loyola incluye mentor\u00edas ofrecidas por t\u00e9cnicos voluntarios de Altice, quienes tambi\u00e9n dar\u00e1n acompa\u00f1amiento al aprendizaje de los j\u00f3venes en la materia.<\/p>\n\n\n\n<p>La colaboraci\u00f3n con la empresa de telecomunicaciones incluye, adem\u00e1s, la oportunidad de que los estudiantes puedan optar por pasant\u00edas o convertirse en candidatos elegibles para diferentes vacantes de la compa\u00f1\u00eda.<\/p>\n\n\n\n<p>Esta inversi\u00f3n se enfoca en el equipamiento tecnol\u00f3gico necesario para la sala tele presencial, la cual cuenta con una robusta red de internet de 50 MBPS de velocidad&nbsp;y 8 direcciones IP que permitir\u00e1n una conectividad flexible, as\u00ed como la implementaci\u00f3n de diversas herramientas y servicios digitales. La iniciativa represent\u00f3 una inversi\u00f3n de 3.6 millones de pesos dominicanos,&nbsp;en adici\u00f3n al beneficio de que el plan de internet mensual representa un costo cero para la Instituci\u00f3n por un periodo de dos a\u00f1os. &nbsp;<\/p>\n\n\n\n<p>El acuerdo responde al compromiso con el desarrollo del pa\u00eds asumido por la empresa de telecomunicaciones a trav\u00e9s de su Fundaci\u00f3n Altice, espec\u00edficamente a trav\u00e9s del pilar que ofrece conectividad a instituciones de alto valor, con el fin de elevar la calidad de la educaci\u00f3n digital en la Rep\u00fablica Dominicana.<\/p>\n\n\n\n<p>La sala digital del IPL es la treceava plataforma que, desde el a\u00f1o 2018, Fundaci\u00f3n Altice abre en el pa\u00eds para hacer seguir aportando con la preparaci\u00f3n acad\u00e9mica de ni\u00f1os y j\u00f3venes.<\/p>\n\n\n\n<p>El acuerdo fue firmado por el Sr. Danilo Ginebra, CEO de Altice y presidente de la Fundaci\u00f3n Altice; por el IPL fue firmado por su rector, el Padre Jos\u00e9 Victoriano, S.J. La r\u00fabrica cont\u00f3 adem\u00e1s con la presencia de los principales docentes y representantes ejecutivos de ambas instituciones.<\/p>\n\n\n\n<p>La Fundaci\u00f3n Altice busca promover la educaci\u00f3n y capacitaci\u00f3n en materia digital como v\u00eda de inclusi\u00f3n social hacia la misi\u00f3n de colaborar con la disminuci\u00f3n de la brecha digital en Rep\u00fablica Dominicana, a trav\u00e9s de su pilar estrat\u00e9gico \u201cEducaci\u00f3n Digital para el Desarrollo\u201d.<\/p>\n\n\n\n<p>Saludos,<\/p>\n\n\n\n<figure class=\"wp-block-table\"><table><tbody><tr><td><strong>Katherine Paulino Disla<\/strong><\/td><\/tr><\/tbody><\/table><\/figure>\n","protected":false},"excerpt":{"rendered":"<p>Danilo Ginebra, CEO de Altice y presidente de la Fundaci\u00f3n Altice y el rector del\u2002 Instituto Polit\u00e9cnico Loyola (IPL) el Padre Jos\u00e9 Victoriano, S.J Para el funcionamiento de esta sala, la empresa de telecomunicaciones aporta todo el equipamiento tecnol\u00f3gico e internet de fibra de alta velocidad, complementado adem\u00e1s por mentor\u00edas y oportunidades de inserci\u00f3n laboral [&hellip;]<\/p>\n","protected":false},"author":28,"featured_media":526276,"comment_status":"closed","ping_status":"closed","sticky":true,"template":"","format":"standard","meta":{"footnotes":""},"categories":[36,20,27],"tags":[],"class_list":["post-526275","post","type-post","status-publish","format-standard","has-post-thumbnail","hentry","category-hombresmujeresycosas","category-dominicana-hoy","category-portada"],"_links":{"self":[{"href":"https:\/\/diariodominicano.com\/index.php?rest_route=\/wp\/v2\/posts\/526275","targetHints":{"allow":["GET"]}}],"collection":[{"href":"https:\/\/diariodominicano.com\/index.php?rest_route=\/wp\/v2\/posts"}],"about":[{"href":"https:\/\/diariodominicano.com\/index.php?rest_route=\/wp\/v2\/types\/post"}],"author":[{"embeddable":true,"href":"https:\/\/diariodominicano.com\/index.php?rest_route=\/wp\/v2\/users\/28"}],"replies":[{"embeddable":true,"href":"https:\/\/diariodominicano.com\/index.php?rest_route=%2Fwp%2Fv2%2Fcomments&post=526275"}],"version-history":[{"count":3,"href":"https:\/\/diariodominicano.com\/index.php?rest_route=\/wp\/v2\/posts\/526275\/revisions"}],"predecessor-version":[{"id":526279,"href":"https:\/\/diariodominicano.com\/index.php?rest_route=\/wp\/v2\/posts\/526275\/revisions\/526279"}],"wp:featuredmedia":[{"embeddable":true,"href":"https:\/\/diariodominicano.com\/index.php?rest_route=\/wp\/v2\/media\/526276"}],"wp:attachment":[{"href":"https:\/\/diariodominicano.com\/index.php?rest_route=%2Fwp%2Fv2%2Fmedia&parent=526275"}],"wp:term":[{"taxonomy":"category","embeddable":true,"href":"https:\/\/diariodominicano.com\/index.php?rest_route=%2Fwp%2Fv2%2Fcategories&post=526275"},{"taxonomy":"post_tag","embeddable":true,"href":"https:\/\/diariodominicano.com\/index.php?rest_route=%2Fwp%2Fv2%2Ftags&post=526275"}],"curies":[{"name":"wp","href":"https:\/\/api.w.org\/{rel}","templated":true}]}}