{"id":526199,"date":"2024-04-24T18:44:19","date_gmt":"2024-04-24T22:44:19","guid":{"rendered":"https:\/\/diariodominicano.com\/?p=526199"},"modified":"2024-04-24T18:44:26","modified_gmt":"2024-04-24T22:44:26","slug":"superate-presenta-avances-en-plan-piloto-comunidades-de-cuidados","status":"publish","type":"post","link":"https:\/\/diariodominicano.com\/?p=526199","title":{"rendered":"Sup\u00e9rate presenta avances en plan piloto \u201cComunidades de Cuidados\u201d"},"content":{"rendered":"\n<p><a><\/a><em>Este jueves 25, anunci\u00f3 Gloria Reyes, ser\u00e1 presentada la primera cohorte de cuidadoras y cuidadores para pasant\u00edas en centros de Conape.<\/em><em><\/em><\/p>\n\n\n\n<p>El programa gubernamental de protecci\u00f3n social Sup\u00e9rate present\u00f3 los avances del plan piloto \u201cComunidades de Cuidados\u201d, en el que, desde el a\u00f1o 2022, trabajan 10 instituciones del Estado en la construcci\u00f3n de un Sistema Nacional de Cuidados que por primera vez permitir\u00e1 al pa\u00eds contar con un programa formativo integral de asistencia individual, dirigido a adultos mayores y primera infancia, con discapacidad y\u00a0 demanda de apoyo.<\/p>\n\n\n\n<figure class=\"wp-block-image size-large\"><img loading=\"lazy\" decoding=\"async\" width=\"1024\" height=\"682\" src=\"https:\/\/diariodominicano.com\/wp-content\/uploads\/2024\/04\/Panelistas-y-participantes-en-seminario-sobre-el-Sistema-Nacional-de-Cuidados-1024x682.jpg\" alt=\"\" class=\"wp-image-526228\" srcset=\"https:\/\/diariodominicano.com\/wp-content\/uploads\/2024\/04\/Panelistas-y-participantes-en-seminario-sobre-el-Sistema-Nacional-de-Cuidados-1024x682.jpg 1024w, https:\/\/diariodominicano.com\/wp-content\/uploads\/2024\/04\/Panelistas-y-participantes-en-seminario-sobre-el-Sistema-Nacional-de-Cuidados-300x200.jpg 300w, https:\/\/diariodominicano.com\/wp-content\/uploads\/2024\/04\/Panelistas-y-participantes-en-seminario-sobre-el-Sistema-Nacional-de-Cuidados-768x512.jpg 768w, https:\/\/diariodominicano.com\/wp-content\/uploads\/2024\/04\/Panelistas-y-participantes-en-seminario-sobre-el-Sistema-Nacional-de-Cuidados-816x544.jpg 816w, https:\/\/diariodominicano.com\/wp-content\/uploads\/2024\/04\/Panelistas-y-participantes-en-seminario-sobre-el-Sistema-Nacional-de-Cuidados.jpg 1280w\" sizes=\"auto, (max-width: 1024px) 100vw, 1024px\" \/><\/figure>\n\n\n\n<p>Los avances del proyecto fueron expuestos en el seminario \u201cCaminando hacia el bienestar social de una Pol\u00edtica de Cuidados desde un enfoque de derechos: retos y desaf\u00edos desde el Estado y la sociedad civil\u201d, en el que Gloria Reyes, directora de Sup\u00e9rate, indic\u00f3 que hasta la fecha se han formado mil personas en cuidados y corresponsabilidad, con la certificaci\u00f3n del Instituto de Formaci\u00f3n T\u00e9cnico Profesional (Infotep).<\/p>\n\n\n\n<p>\u201cEl Gobierno apuesta a que las micro, peque\u00f1as y medianas empresas (Mipymes) puedan ser parte de este proceso de creaci\u00f3n de empresas para la garant\u00eda del servicio de cuidados y la generaci\u00f3n de empleos\u201d, indic\u00f3 Reyes.<\/p>\n\n\n\n<p>Reyes record\u00f3 que la Mesa Intersectorial de Cuidados de la Rep\u00fablica Dominicana fue constituida en el a\u00f1o 2022, con el prop\u00f3sito de generar una visi\u00f3n com\u00fan y favorecer la sinergia institucional para la construcci\u00f3n participativa de un Sistema Nacional de Cuidados. El decreto 377-21 establece la implementaci\u00f3n de los servicios de cuidado a ni\u00f1os y adultos mayores con dependencia y discapacidad.<\/p>\n\n\n\n<p>Asimismo, explic\u00f3 que este c\u00f3nclave est\u00e1 integrado por los ministerios de Econom\u00eda, Planificaci\u00f3n y Desarrollo, de la Mujer y de Trabajo. Tambi\u00e9n por Sup\u00e9rate, Siuben, Inaipi, Conani, Conape, Conadis e Infotep.<\/p>\n\n\n\n<p>Para este jueves 25, anunci\u00f3 la directora general de Sup\u00e9rate, est\u00e1 pautada la presentaci\u00f3n de la primera cohorte de cuidadoras y cuidadores para pasant\u00edas en centros del Consejo Nacional de la Persona Envejeciente (Conape).<\/p>\n\n\n\n<p><strong>Del Seminario<\/strong><strong><\/strong><\/p>\n\n\n\n<p>Durante el seminario&nbsp;\u201cCaminando hacia el bienestar social de una Pol\u00edtica de Cuidados desde un enfoque de derechos: retos y desaf\u00edos desde el Estado y la sociedad civil\u201d, realizado en el sal\u00f3n Carlos Ascuasiati del Mepyd, Raissa Crespo, oficial de g\u00e9nero del Programa de las Naciones Unidas para el Desarrollo (PNUD), afirm\u00f3 que para ser m\u00e1s efectivos en la reducci\u00f3n de la pobreza y lograr que las personas generen ingresos \u201ces imprescindible invertir en los cuidados, atender a quienes m\u00e1s lo necesitan y garantizar que m\u00e1s gente tenga una vida digna y saludable ejerciendo su potencial a lo largo de su ciclo de vida\u201d.<\/p>\n\n\n\n<p>En tanto, Rosa Ca\u00f1ete, directora de pobreza, desigualdad y cultura democr\u00e1tica del (Mepyd) explic\u00f3 que \u201cinvertir en cuidados, significa crear empleos que garantizan derechos a otros\u201d. Adelant\u00f3 que ya existen servicios de cuidado de jornadas de hasta 8 horas para las poblaciones priorizadas.<\/p>\n\n\n\n<p>En el panel tambi\u00e9n participaron Paula Rodr\u00edguez, directora ejecutiva de la Fundaci\u00f3n Friedrich Ebert (FES); Eulogia Familia, vicepresidenta de la Confederaci\u00f3n Nacional de la Unidad Sindical (CNUS); Elena P\u00e9rez, secretaria general adjunta de Confederaci\u00f3n Latinoamericana y del Caribe de Trabajadoras del Hogar (Conlachtraho) y el activista y periodista Ram\u00f3n Stalin Montero.<\/p>\n\n\n\n<p>El evento fue coordinado por la direcci\u00f3n de G\u00e9nero y Cuidados de Sup\u00e9rate, con el objetivo de crear un espacio de di\u00e1logo interdisciplinario sobre los desaf\u00edos y oportunidades relacionados al cuidado, distribuci\u00f3n del trabajo y la equidad de g\u00e9nero. <\/p>\n\n\n\n<p><strong>Sup\u00e9rate Prensa<\/strong>\u00a0&lt;superateprensa@gmail.com><\/p>\n\n\n\n<p><strong>Pie de fotos:<\/strong><strong><\/strong><\/p>\n\n\n\n<p>1.&nbsp;&nbsp;&nbsp;&nbsp;&nbsp;&nbsp;Panelistas y participantes en seminario sobre Sistema Nacional de Cuidados.<\/p>\n\n\n\n<p>2.&nbsp;&nbsp;&nbsp;&nbsp;&nbsp;&nbsp;Gloria Reyes, directora general de Sup\u00e9rate, expone en el seminario sobre Sistema Nacional de Cuidados.&#8211;<br><strong>Prensa Sup\u00e9rate<\/strong>Tel:. 829-450-9246<\/p>\n\n\n\n<p><a href=\"http:\/\/www.superate.gob.do\/\" target=\"_blank\" rel=\"noreferrer noopener\">www.superate.gob.do<\/a> <\/p>\n","protected":false},"excerpt":{"rendered":"<p>Este jueves 25, anunci\u00f3 Gloria Reyes, ser\u00e1 presentada la primera cohorte de cuidadoras y cuidadores para pasant\u00edas en centros de Conape. El programa gubernamental de protecci\u00f3n social Sup\u00e9rate present\u00f3 los avances del plan piloto \u201cComunidades de Cuidados\u201d, en el que, desde el a\u00f1o 2022, trabajan 10 instituciones del Estado en la construcci\u00f3n de un Sistema [&hellip;]<\/p>\n","protected":false},"author":7,"featured_media":526227,"comment_status":"closed","ping_status":"closed","sticky":true,"template":"","format":"standard","meta":{"footnotes":""},"categories":[20,27],"tags":[],"class_list":["post-526199","post","type-post","status-publish","format-standard","has-post-thumbnail","hentry","category-dominicana-hoy","category-portada"],"_links":{"self":[{"href":"https:\/\/diariodominicano.com\/index.php?rest_route=\/wp\/v2\/posts\/526199","targetHints":{"allow":["GET"]}}],"collection":[{"href":"https:\/\/diariodominicano.com\/index.php?rest_route=\/wp\/v2\/posts"}],"about":[{"href":"https:\/\/diariodominicano.com\/index.php?rest_route=\/wp\/v2\/types\/post"}],"author":[{"embeddable":true,"href":"https:\/\/diariodominicano.com\/index.php?rest_route=\/wp\/v2\/users\/7"}],"replies":[{"embeddable":true,"href":"https:\/\/diariodominicano.com\/index.php?rest_route=%2Fwp%2Fv2%2Fcomments&post=526199"}],"version-history":[{"count":1,"href":"https:\/\/diariodominicano.com\/index.php?rest_route=\/wp\/v2\/posts\/526199\/revisions"}],"predecessor-version":[{"id":526229,"href":"https:\/\/diariodominicano.com\/index.php?rest_route=\/wp\/v2\/posts\/526199\/revisions\/526229"}],"wp:featuredmedia":[{"embeddable":true,"href":"https:\/\/diariodominicano.com\/index.php?rest_route=\/wp\/v2\/media\/526227"}],"wp:attachment":[{"href":"https:\/\/diariodominicano.com\/index.php?rest_route=%2Fwp%2Fv2%2Fmedia&parent=526199"}],"wp:term":[{"taxonomy":"category","embeddable":true,"href":"https:\/\/diariodominicano.com\/index.php?rest_route=%2Fwp%2Fv2%2Fcategories&post=526199"},{"taxonomy":"post_tag","embeddable":true,"href":"https:\/\/diariodominicano.com\/index.php?rest_route=%2Fwp%2Fv2%2Ftags&post=526199"}],"curies":[{"name":"wp","href":"https:\/\/api.w.org\/{rel}","templated":true}]}}