{"id":526175,"date":"2024-04-24T10:31:58","date_gmt":"2024-04-24T14:31:58","guid":{"rendered":"https:\/\/diariodominicano.com\/?p=526175"},"modified":"2024-04-24T10:32:08","modified_gmt":"2024-04-24T14:32:08","slug":"hoy-puede-ser-un-gran-dia-joan-manuel-serrat","status":"publish","type":"post","link":"https:\/\/diariodominicano.com\/?p=526175","title":{"rendered":"Hoy puede ser un gran d\u00eda: Joan Manuel Serrat"},"content":{"rendered":"\n<p>diariodominicano.com<\/p>\n\n\n\n<p>Por Fausto Triana<\/p>\n\n\n\n<p>Madrid, 24 abr (Prensa Latina) Joan Manuel Serrat trajo de vuelta a una de sus tantas canciones populares, Hoy puede ser un gran d\u00eda, al convertirse en el Premio Princesa de Asturias de las Artes 2024.<\/p>\n\n\n\n<p>\u00abPor el alcance de una trayectoria art\u00edstica que trasciende la m\u00fasica\u00bb, anunci\u00f3 este mi\u00e9rcoles el jurado que reconoce a uno de los cantautores m\u00e1s queridos y admirados en Espa\u00f1a y Latinoam\u00e9rica.<\/p>\n\n\n\n<p>Alejado definitivamente de los escenarios en diciembre de 2022, pero no retirado del todo como repite con insistencia, el verbo de Serrat, discreto en su personalidad y apasionado con las causas justas, es un referente indiscutible.<\/p>\n\n\n\n<p>De alguna manera, as\u00ed lo resume el jurado convocado por la Fundaci\u00f3n Princesa de Asturias, que representa a la heredera al trono espa\u00f1ol.<\/p>\n\n\n\n<p>\u00abPor aunar el arte de la poes\u00eda y la m\u00fasica al servicio de la tolerancia, los valores compartidos, la riqueza de la diversidad de lenguas y culturas, as\u00ed como un necesario af\u00e1n de libertad\u00bb, argument\u00f3 el jurado.<\/p>\n\n\n\n<p>Nacido el 27 de diciembre de 1943 en Barcelona, Serrat recibi\u00f3 recientemente la Medalla de Honor de la Sociedad General de Autores y Editores (SGAE). Y para no dejar de ser genio y figura, respondi\u00f3 al gesto de la siguiente forma: \u201cMe dan esto porque soy viejo, eso es as\u00ed, pero yo estoy contento por haber llegado hasta aqu\u00ed\u2019.<\/p>\n\n\n\n<p>La respuesta al modesto creador del disco Mediterr\u00e1neo no se hizo esperar por parte de Antonio Onetti, presidente de la SGAE.<\/p>\n\n\n\n<p>\u201cLa trascendencia de esta medalla la otorga quien la recibe: durante mucho tiempo has sido un cl\u00e1sico t\u00fa y tus canciones, y son los cl\u00e1sicos los que definen a su tiempo\u201d.<\/p>\n\n\n\n<p>Serrat llen\u00f3 durante m\u00e1s de 50 a\u00f1os de carrera el universo de melod\u00edas como pocos en Hispanoam\u00e9rica.<\/p>\n\n\n\n<p>Algunas de sus melod\u00edas m\u00e1s famosas incluyen \u00abMediterr\u00e1neo\u00bb, \u00abAquellas peque\u00f1as cosas\u00bb, \u00abLuc\u00eda\u00bb, \u00abPen\u00e9lope\u00bb, \u00abCantares\u00bb, \u00abHoy puede ser un gran d\u00eda\u00bb, \u201cLa mujer que yo quiero\u201d, \u201cPueblo blanco\u201d, \u201cTu nombre me sabe a yerba\u201d, entre muchas.<\/p>\n\n\n\n<p>Mediterr\u00e1neo, editado en 1971, parec\u00eda imposible de superar y lo fue, en cierta medida. Pero supo reinventarse, interpret\u00f3 m\u00e1s de 500 canciones, dejando un cofre inolvidable de su obra.<\/p>\n\n\n\n<p>Versiones de cl\u00e1sicos de Violeta Parra y V\u00edctor Jara, y melod\u00edas a partir de poemas de Miguel Hern\u00e1ndez, Antonio Machado, Mario Benedetti, Pablo Neruda, Federico Garc\u00eda Lorca (..), a\u00f1aden m\u00e1s altura a su enorme legado.<\/p>\n\n\n\n<p>\u201cMe he retirado de los escenarios, no de vivir. Vivo m\u00e1s ajetreado que nunca, espero que esto afloje un poco, porque vivo m\u00e1s acelerado que en mi \u00e9poca de giras\u201d, dijo hace poco a periodistas.<\/p>\n\n\n\n<p>Desde M\u00e9xico en 1975 conden\u00f3 p\u00fablicamente los fusilamientos de cinco militantes antifranquistas, que le cost\u00f3 el exilio y la prohibici\u00f3n de difundir sus discos. Regres\u00f3 a Espa\u00f1a en agosto de 1976 tras la muerte del dictador Francisco Franco y con la amnist\u00eda concedida.<\/p>\n\n\n\n<p>Se neg\u00f3 a cantar en Chile durante la dictadura de Augusto Pinochet, quien lo proscribi\u00f3 del pa\u00eds austral.<\/p>\n\n\n\n<p>De sus 50 a\u00f1os de carrera naci\u00f3 un cu\u00e1druple CD titulado \u2018Antolog\u00eda Desordenada\u2019 (2014), con la colaboraci\u00f3n de artistas como Rub\u00e9n Blades, Alejandro Sanz, Joaquin Sabina, Silvio Rodr\u00edguez, Pablo Milan\u00e9s, Estopa, Miguel Poveda, Lolita, Ana Bel\u00e9n y Miguel R\u00edos.<\/p>\n\n\n\n<p>Se trata de un referente c\u00edvico, defensor del di\u00e1logo frente a la crispaci\u00f3n y un exponente de su irrenunciable vocaci\u00f3n de tender puentes entre pa\u00edses y generaciones, a\u00f1adi\u00f3 el jurado sobre la concesi\u00f3n del Premio Princesa de Asturias de las Artes.<\/p>\n\n\n\n<p>mem\/ft<\/p>\n","protected":false},"excerpt":{"rendered":"<p>diariodominicano.com Por Fausto Triana Madrid, 24 abr (Prensa Latina) Joan Manuel Serrat trajo de vuelta a una de sus tantas canciones populares, Hoy puede ser un gran d\u00eda, al convertirse en el Premio Princesa de Asturias de las Artes 2024. \u00abPor el alcance de una trayectoria art\u00edstica que trasciende la m\u00fasica\u00bb, anunci\u00f3 este mi\u00e9rcoles el [&hellip;]<\/p>\n","protected":false},"author":5,"featured_media":526176,"comment_status":"closed","ping_status":"closed","sticky":true,"template":"","format":"standard","meta":{"footnotes":""},"categories":[36,25,23,27],"tags":[],"class_list":["post-526175","post","type-post","status-publish","format-standard","has-post-thumbnail","hentry","category-hombresmujeresycosas","category-gente","category-internacional","category-portada"],"_links":{"self":[{"href":"https:\/\/diariodominicano.com\/index.php?rest_route=\/wp\/v2\/posts\/526175","targetHints":{"allow":["GET"]}}],"collection":[{"href":"https:\/\/diariodominicano.com\/index.php?rest_route=\/wp\/v2\/posts"}],"about":[{"href":"https:\/\/diariodominicano.com\/index.php?rest_route=\/wp\/v2\/types\/post"}],"author":[{"embeddable":true,"href":"https:\/\/diariodominicano.com\/index.php?rest_route=\/wp\/v2\/users\/5"}],"replies":[{"embeddable":true,"href":"https:\/\/diariodominicano.com\/index.php?rest_route=%2Fwp%2Fv2%2Fcomments&post=526175"}],"version-history":[{"count":1,"href":"https:\/\/diariodominicano.com\/index.php?rest_route=\/wp\/v2\/posts\/526175\/revisions"}],"predecessor-version":[{"id":526177,"href":"https:\/\/diariodominicano.com\/index.php?rest_route=\/wp\/v2\/posts\/526175\/revisions\/526177"}],"wp:featuredmedia":[{"embeddable":true,"href":"https:\/\/diariodominicano.com\/index.php?rest_route=\/wp\/v2\/media\/526176"}],"wp:attachment":[{"href":"https:\/\/diariodominicano.com\/index.php?rest_route=%2Fwp%2Fv2%2Fmedia&parent=526175"}],"wp:term":[{"taxonomy":"category","embeddable":true,"href":"https:\/\/diariodominicano.com\/index.php?rest_route=%2Fwp%2Fv2%2Fcategories&post=526175"},{"taxonomy":"post_tag","embeddable":true,"href":"https:\/\/diariodominicano.com\/index.php?rest_route=%2Fwp%2Fv2%2Ftags&post=526175"}],"curies":[{"name":"wp","href":"https:\/\/api.w.org\/{rel}","templated":true}]}}