{"id":526172,"date":"2024-04-24T10:25:44","date_gmt":"2024-04-24T14:25:44","guid":{"rendered":"https:\/\/diariodominicano.com\/?p=526172"},"modified":"2024-04-24T18:18:17","modified_gmt":"2024-04-24T22:18:17","slug":"dominicanos-expectantes-ante-debate-de-candidatos-presidenciales","status":"publish","type":"post","link":"https:\/\/diariodominicano.com\/?p=526172","title":{"rendered":"Dominicanos expectantes ante debate de candidatos presidenciales"},"content":{"rendered":"\n<p>diariodominicano.com<\/p>\n\n\n\n<p>Santo Domingo, 24 abr (Prensa Latina) Los principales candidatos a la Presidencia de la Rep\u00fablica Dominicana en las elecciones del 19 de mayo pr\u00f3ximo participar\u00e1n hoy, por primera vez, en un debate que ya ha sido calificado de hist\u00f3rico.<\/p>\n\n\n\n<p>En esta jornada corresponde el turno al presidente de la Rep\u00fablica y aspirante Luis Abinader, del oficialista Partido Revolucionario Moderno (PRM), Abel Mart\u00ednez, del Partido de la Liberaci\u00f3n Dominicana (PLD), quien precisamente este mi\u00e9rcoles deja la alcald\u00eda de la provincia Santiago de los Caballeros, y el tres veces gobernante del pa\u00eds Leonel Fern\u00e1ndez, de la Fuerza del Pueblo (FP).<\/p>\n\n\n\n<p>El encuentro es organizado por la Asociaci\u00f3n de J\u00f3venes Empresarios (ANJE) y solo fueron convocados los pretendientes de las formaciones pol\u00edticas mayoritarias.<\/p>\n\n\n\n<p>La directiva de ANJE conf\u00eda en que el encuentro, fijado para las 20.00, hora local, generar\u00e1 una audiencia masiva y representar\u00e1 un cambio en la cultura pol\u00edtica durante las campa\u00f1as electorales, ya que ser\u00e1 la primera vez que un presidente en funciones participe en un debate frente a la ciudadan\u00eda.<\/p>\n\n\n\n<p>La televisi\u00f3n, la radio y las redes sociales transmitir\u00e1n el encuentro, que se desarrollar\u00e1 en la Universidad Nacional Pedro Henr\u00edquez Ure\u00f1a.<\/p>\n\n\n\n<p>A este debate le precede el celebrado el mi\u00e9rcoles pasado, en el que participaron cuatro de los cinco candidatos presidenciales de partidos minoritarios.<\/p>\n\n\n\n<p>Tambi\u00e9n anoche las aspirantes a la vicepresidencia de los partidos mayoritarios participaron en un debate, en el que trataron temas que preocupan a los dominicanos como seguridad en la frontera, migraci\u00f3n haitiana, salud, educaci\u00f3n, feminicidio y transparencia de las entidades gubernamentales que administran fondos del Estado.<\/p>\n\n\n\n<p>Los dominicanos acudir\u00e1n a las urnas el 19 de mayo pr\u00f3ximo por segunda vez este a\u00f1o tras los comicios municipales de febrero, en los que el PRM logr\u00f3 la mayor\u00eda de las alcald\u00edas.<\/p>\n\n\n\n<p>En caso de ser necesaria una segunda vuelta para elegir al pr\u00f3ximo presidente del pa\u00eds, esta tendr\u00e1 lugar el 30 de junio, de acuerdo con el calendario de la Junta Central Electoral.<\/p>\n\n\n\n<p>jha\/mpv<\/p>\n","protected":false},"excerpt":{"rendered":"<p>diariodominicano.com Santo Domingo, 24 abr (Prensa Latina) Los principales candidatos a la Presidencia de la Rep\u00fablica Dominicana en las elecciones del 19 de mayo pr\u00f3ximo participar\u00e1n hoy, por primera vez, en un debate que ya ha sido calificado de hist\u00f3rico. En esta jornada corresponde el turno al presidente de la Rep\u00fablica y aspirante Luis Abinader, [&hellip;]<\/p>\n","protected":false},"author":5,"featured_media":526211,"comment_status":"closed","ping_status":"closed","sticky":true,"template":"","format":"standard","meta":{"footnotes":""},"categories":[20,27],"tags":[],"class_list":["post-526172","post","type-post","status-publish","format-standard","has-post-thumbnail","hentry","category-dominicana-hoy","category-portada"],"_links":{"self":[{"href":"https:\/\/diariodominicano.com\/index.php?rest_route=\/wp\/v2\/posts\/526172","targetHints":{"allow":["GET"]}}],"collection":[{"href":"https:\/\/diariodominicano.com\/index.php?rest_route=\/wp\/v2\/posts"}],"about":[{"href":"https:\/\/diariodominicano.com\/index.php?rest_route=\/wp\/v2\/types\/post"}],"author":[{"embeddable":true,"href":"https:\/\/diariodominicano.com\/index.php?rest_route=\/wp\/v2\/users\/5"}],"replies":[{"embeddable":true,"href":"https:\/\/diariodominicano.com\/index.php?rest_route=%2Fwp%2Fv2%2Fcomments&post=526172"}],"version-history":[{"count":1,"href":"https:\/\/diariodominicano.com\/index.php?rest_route=\/wp\/v2\/posts\/526172\/revisions"}],"predecessor-version":[{"id":526174,"href":"https:\/\/diariodominicano.com\/index.php?rest_route=\/wp\/v2\/posts\/526172\/revisions\/526174"}],"wp:featuredmedia":[{"embeddable":true,"href":"https:\/\/diariodominicano.com\/index.php?rest_route=\/wp\/v2\/media\/526211"}],"wp:attachment":[{"href":"https:\/\/diariodominicano.com\/index.php?rest_route=%2Fwp%2Fv2%2Fmedia&parent=526172"}],"wp:term":[{"taxonomy":"category","embeddable":true,"href":"https:\/\/diariodominicano.com\/index.php?rest_route=%2Fwp%2Fv2%2Fcategories&post=526172"},{"taxonomy":"post_tag","embeddable":true,"href":"https:\/\/diariodominicano.com\/index.php?rest_route=%2Fwp%2Fv2%2Ftags&post=526172"}],"curies":[{"name":"wp","href":"https:\/\/api.w.org\/{rel}","templated":true}]}}