{"id":526163,"date":"2024-04-24T09:54:55","date_gmt":"2024-04-24T13:54:55","guid":{"rendered":"https:\/\/diariodominicano.com\/?p=526163"},"modified":"2024-04-24T09:56:55","modified_gmt":"2024-04-24T13:56:55","slug":"empieza-en-bani-cosecha-de-uvas-de-mesa-de-alto-valor-genetico-en-rd","status":"publish","type":"post","link":"https:\/\/diariodominicano.com\/?p=526163","title":{"rendered":"Empieza en Ban\u00ed cosecha de uvas de mesa de alto valor gen\u00e9tico en RD"},"content":{"rendered":"\n<p>diariodominicano.com<\/p>\n\n\n\n<p><strong>Agricultura inicia con D\u00eda de Campo rentable proyecto para la producci\u00f3n nacional<\/strong><\/p>\n\n\n\n<p>Ban\u00ed, <strong>Peravia, R. D.,<\/strong>\u2002<strong>24 de abril, 2024.-<\/strong> \u00a0Decenas de productores de diferentes puntos del pa\u00eds celebraron junto a autoridades del Ministerio de Agricultura el inicio de la cosecha de uvas de mesa de alto valor gen\u00e9tico producidas en la Rep\u00fablica Dominicana.<\/p>\n\n\n\n<p>Para la ocasi\u00f3n, montaron un D\u00eda de Campo, encabezado por el ministro de Agricultura, Limber Cruz en la Estaci\u00f3n Experimental del Instituto Dominicano de Investigaciones Agropecuarias y Forestales (IDIAF), en la localidad Los Jobos de Ban\u00ed, de esta provincia.<\/p>\n\n\n\n<p>Adem\u00e1s de esta ubicaci\u00f3n, las autoridades agropecuarias informaron de la siembra de uvas en zonas de alto \u00edndice de pobreza del pa\u00eds, como San Juan, Guayub\u00edn, Azua y otros lugares.<\/p>\n\n\n\n<p>En Guayub\u00edn ya cuentan con sembrad\u00edos con una combinaci\u00f3n gobierno-sector privado, cuya cosecha estar\u00e1 lista para los pr\u00f3ximos meses.<\/p>\n\n\n\n<p>Los empresarios internacionales, Josep Estiarte y Sebasti\u00e1n D\u00edaz, CEO y Regional Technical Manager de Bloom Fresh Global, detallaron el impacto que tiene el proyecto.<\/p>\n\n\n<div class=\"wp-block-image\">\n<figure class=\"alignleft size-full is-resized\"><img loading=\"lazy\" decoding=\"async\" width=\"670\" height=\"447\" src=\"https:\/\/diariodominicano.com\/wp-content\/uploads\/2024\/04\/Uvas-de-Bani-24-4-24.jpg\" alt=\"\" class=\"wp-image-526166\" style=\"width:294px;height:auto\" srcset=\"https:\/\/diariodominicano.com\/wp-content\/uploads\/2024\/04\/Uvas-de-Bani-24-4-24.jpg 670w, https:\/\/diariodominicano.com\/wp-content\/uploads\/2024\/04\/Uvas-de-Bani-24-4-24-300x200.jpg 300w\" sizes=\"auto, (max-width: 670px) 100vw, 670px\" \/><\/figure>\n<\/div>\n\n\n<p>Tambi\u00e9n la creaci\u00f3n de 27 mil empleos directos, 10 mil indirectos, propiciando el que 120 mil personas salgan de la l\u00ednea de pobreza en Rep\u00fablica Dominicana con la producci\u00f3n de uvas de mesa de primera calidad para los mercados m\u00e1s exigentes.<\/p>\n\n\n\n<p>El productor Arismendy Almonte, del grupo Almonte, posee un proyecto de mil tareas e inici\u00f3 con 180 en el municipio de Guayub\u00edn, provincia Montecristi, aportando una gran cantidad de empleos.<\/p>\n\n\n\n<p>En el D\u00eda de Campo participaron, adem\u00e1s, \u00c1ngela B\u00e1ez, gobernadora provincial de Peravia; Fernando Dur\u00e1n, administrador del Banco Agr\u00edcola; ejecutivos del Instituto Nacional de la Uva; del IDIAF; Plan de Desarrollo de la Provincia San Juan; viceministros de Agricultura y otros funcionarios del gobierno.<\/p>\n\n\n\n<p><strong>Periodista Erick Montilla<\/strong><\/p>\n\n\n\n<p>Director de Comunicaciones, Prensa y RR.PP.<\/p>\n\n\n\n<p>Ministerio de Agricultura<\/p>\n","protected":false},"excerpt":{"rendered":"<p>diariodominicano.com Agricultura inicia con D\u00eda de Campo rentable proyecto para la producci\u00f3n nacional Ban\u00ed, Peravia, R. D.,\u200224 de abril, 2024.- \u00a0Decenas de productores de diferentes puntos del pa\u00eds celebraron junto a autoridades del Ministerio de Agricultura el inicio de la cosecha de uvas de mesa de alto valor gen\u00e9tico producidas en la Rep\u00fablica Dominicana. Para [&hellip;]<\/p>\n","protected":false},"author":5,"featured_media":526164,"comment_status":"closed","ping_status":"closed","sticky":true,"template":"","format":"standard","meta":{"footnotes":""},"categories":[20,27],"tags":[],"class_list":["post-526163","post","type-post","status-publish","format-standard","has-post-thumbnail","hentry","category-dominicana-hoy","category-portada"],"_links":{"self":[{"href":"https:\/\/diariodominicano.com\/index.php?rest_route=\/wp\/v2\/posts\/526163","targetHints":{"allow":["GET"]}}],"collection":[{"href":"https:\/\/diariodominicano.com\/index.php?rest_route=\/wp\/v2\/posts"}],"about":[{"href":"https:\/\/diariodominicano.com\/index.php?rest_route=\/wp\/v2\/types\/post"}],"author":[{"embeddable":true,"href":"https:\/\/diariodominicano.com\/index.php?rest_route=\/wp\/v2\/users\/5"}],"replies":[{"embeddable":true,"href":"https:\/\/diariodominicano.com\/index.php?rest_route=%2Fwp%2Fv2%2Fcomments&post=526163"}],"version-history":[{"count":2,"href":"https:\/\/diariodominicano.com\/index.php?rest_route=\/wp\/v2\/posts\/526163\/revisions"}],"predecessor-version":[{"id":526168,"href":"https:\/\/diariodominicano.com\/index.php?rest_route=\/wp\/v2\/posts\/526163\/revisions\/526168"}],"wp:featuredmedia":[{"embeddable":true,"href":"https:\/\/diariodominicano.com\/index.php?rest_route=\/wp\/v2\/media\/526164"}],"wp:attachment":[{"href":"https:\/\/diariodominicano.com\/index.php?rest_route=%2Fwp%2Fv2%2Fmedia&parent=526163"}],"wp:term":[{"taxonomy":"category","embeddable":true,"href":"https:\/\/diariodominicano.com\/index.php?rest_route=%2Fwp%2Fv2%2Fcategories&post=526163"},{"taxonomy":"post_tag","embeddable":true,"href":"https:\/\/diariodominicano.com\/index.php?rest_route=%2Fwp%2Fv2%2Ftags&post=526163"}],"curies":[{"name":"wp","href":"https:\/\/api.w.org\/{rel}","templated":true}]}}