{"id":526088,"date":"2024-04-24T01:22:17","date_gmt":"2024-04-24T05:22:17","guid":{"rendered":"https:\/\/diariodominicano.com\/?p=526088"},"modified":"2024-04-24T01:29:41","modified_gmt":"2024-04-24T05:29:41","slug":"universidades-dominicanas-demuestran-sus-avances-en-tecnologia-e-innovacion-en-feria-universitaria-de-dominicana-innova","status":"publish","type":"post","link":"https:\/\/diariodominicano.com\/?p=526088","title":{"rendered":"Universidades dominicanas demuestran sus avances en tecnolog\u00eda e innovaci\u00f3n en Feria Universitaria de\u00a0Dominicana\u00a0Innova"},"content":{"rendered":"\n<p>Marcos Liqilong de Hawei; Genaro Rodr\u00edguez, viceministro de Ciencia y Tecnolog\u00eda MESCyT; Diana Rivas, directora de Gabinete de la OGTIC; Hu\u00e1scar Lindbergh Fr\u00edas Vilorio, rector de UTESA recinto Santo Domingo y Gerand Ventura, director del programa de Liderazgo Educativo (PLERD).<\/p>\n\n\n\n<p><strong><em><u>14 universidades exponen sus avances en las carreras STEM desde el 22 al 23 de abril en el centro comercial \u00c1gora Mall.<\/u><\/em><\/strong><\/p>\n\n\n\n<figure class=\"wp-block-image size-large\"><img loading=\"lazy\" decoding=\"async\" width=\"1024\" height=\"683\" src=\"https:\/\/diariodominicano.com\/wp-content\/uploads\/2024\/04\/WhatsApp-Image-2024-04-23-at-11.38.49-1024x683.jpeg\" alt=\"\" class=\"wp-image-526090\" srcset=\"https:\/\/diariodominicano.com\/wp-content\/uploads\/2024\/04\/WhatsApp-Image-2024-04-23-at-11.38.49-1024x683.jpeg 1024w, https:\/\/diariodominicano.com\/wp-content\/uploads\/2024\/04\/WhatsApp-Image-2024-04-23-at-11.38.49-300x200.jpeg 300w, https:\/\/diariodominicano.com\/wp-content\/uploads\/2024\/04\/WhatsApp-Image-2024-04-23-at-11.38.49-768x512.jpeg 768w, https:\/\/diariodominicano.com\/wp-content\/uploads\/2024\/04\/WhatsApp-Image-2024-04-23-at-11.38.49-1536x1024.jpeg 1536w, https:\/\/diariodominicano.com\/wp-content\/uploads\/2024\/04\/WhatsApp-Image-2024-04-23-at-11.38.49-2048x1365.jpeg 2048w, https:\/\/diariodominicano.com\/wp-content\/uploads\/2024\/04\/WhatsApp-Image-2024-04-23-at-11.38.49-816x544.jpeg 816w\" sizes=\"auto, (max-width: 1024px) 100vw, 1024px\" \/><\/figure>\n\n\n\n<p>Asistentes.<\/p>\n\n\n\n<p><strong>Santo Domingo, martes 23 de abril 2024.-<\/strong>\u00a0En el marco de la tercera edici\u00f3n de Dominicana Innova 2024, la Oficina Gubernamental de Tecnolog\u00edas de Informaci\u00f3n y Comunicaci\u00f3n (OGTIC), el Ministerio de Educaci\u00f3n, Superior, Ciencia y Tecnolog\u00eda (MESCyT), el Programa de Liderazgo Educativo (PLE-RD) del Ministerio de Educaci\u00f3n de Rep\u00fablica Dominicana (MINERD) y \u00c1gora Mall, dieron apertura a la segunda Feria de Innovaci\u00f3n Universitaria, un \u00a0espacio dedicado a la promoci\u00f3n de las carreras STEMy en donde instituciones de educaci\u00f3n superior presentar\u00e1n proyectos tecnol\u00f3gicos e innovadores, desarrollados por estudiantes e investigadores del \u00e1rea.<\/p>\n\n\n\n<p>Dentro de este bloque especial dedicado a destacar el talento humano en \u00e1reas de Ciencias, Tecnolog\u00eda, Ingenier\u00eda y Matem\u00e1ticas, participar\u00e1n 14 universidades dominicanas entre ellas: Instituto Tecnol\u00f3gico de las Am\u00e9ricas (ITLA); Academia Superior de Ciencias Aeron\u00e1uticas (ASCA); Universidad Aut\u00f3noma de Santo Domingo (UASD); Universidad Iberoamericana (UNIBE); Universidad Nacional Pedro Henr\u00edquez Ure\u00f1a (UNPHU); Universidad del Caribe (UNICARIBE); Universidad Nacional para la Defensa \u201cGeneral Juan Pablo Duarte y D\u00edez\u201d (UNADE); Instituto T\u00e9cnico Superior Comunitario (ITSC); Universidad Central del Este (UCE); Instituto Tecnol\u00f3gico de Santo Domingo (INTEC); Universidad Tecnol\u00f3gica de Santiago (UTESA); Instituto Policial de Educaci\u00f3n Superior (IPES); Pontificia Universidad Cat\u00f3lica Madre y Maestra (PUCMM); Instituto Superior de Formaci\u00f3n Docente Salom\u00e9 Ure\u00f1a (ISFODOSU).<\/p>\n\n\n\n<figure class=\"wp-block-image size-large\"><img loading=\"lazy\" decoding=\"async\" width=\"1024\" height=\"683\" src=\"https:\/\/diariodominicano.com\/wp-content\/uploads\/2024\/04\/WhatsApp-Image-2024-04-23-at-11.38.56-1-1024x683.jpeg\" alt=\"\" class=\"wp-image-526095\" srcset=\"https:\/\/diariodominicano.com\/wp-content\/uploads\/2024\/04\/WhatsApp-Image-2024-04-23-at-11.38.56-1-1024x683.jpeg 1024w, https:\/\/diariodominicano.com\/wp-content\/uploads\/2024\/04\/WhatsApp-Image-2024-04-23-at-11.38.56-1-300x200.jpeg 300w, https:\/\/diariodominicano.com\/wp-content\/uploads\/2024\/04\/WhatsApp-Image-2024-04-23-at-11.38.56-1-768x512.jpeg 768w, https:\/\/diariodominicano.com\/wp-content\/uploads\/2024\/04\/WhatsApp-Image-2024-04-23-at-11.38.56-1-1536x1024.jpeg 1536w, https:\/\/diariodominicano.com\/wp-content\/uploads\/2024\/04\/WhatsApp-Image-2024-04-23-at-11.38.56-1-2048x1365.jpeg 2048w, https:\/\/diariodominicano.com\/wp-content\/uploads\/2024\/04\/WhatsApp-Image-2024-04-23-at-11.38.56-1-816x544.jpeg 816w\" sizes=\"auto, (max-width: 1024px) 100vw, 1024px\" \/><\/figure>\n\n\n\n<p>Diana Rivas, directora de Gabinete de la OGTIC, explic\u00f3 que desde la entidad han apostado a potencializar el capital humano para impulsar el desarrollo, la productividad y el bienestar en materia de innovaci\u00f3n y crecimiento profesional, alineados a la Pol\u00edtica Nacional de Innovaci\u00f3n 2030.&nbsp;&nbsp;Asimismo, para contribuir a la transformaci\u00f3n digital y el desarrollo del ecosistema tecnol\u00f3gico del pa\u00eds.<strong><\/strong><\/p>\n\n\n\n<figure class=\"wp-block-image size-large\"><img loading=\"lazy\" decoding=\"async\" width=\"1024\" height=\"683\" src=\"https:\/\/diariodominicano.com\/wp-content\/uploads\/2024\/04\/WhatsApp-Image-2024-04-23-at-11.44.25-1024x683.jpeg\" alt=\"\" class=\"wp-image-526096\" srcset=\"https:\/\/diariodominicano.com\/wp-content\/uploads\/2024\/04\/WhatsApp-Image-2024-04-23-at-11.44.25-1024x683.jpeg 1024w, https:\/\/diariodominicano.com\/wp-content\/uploads\/2024\/04\/WhatsApp-Image-2024-04-23-at-11.44.25-300x200.jpeg 300w, https:\/\/diariodominicano.com\/wp-content\/uploads\/2024\/04\/WhatsApp-Image-2024-04-23-at-11.44.25-768x512.jpeg 768w, https:\/\/diariodominicano.com\/wp-content\/uploads\/2024\/04\/WhatsApp-Image-2024-04-23-at-11.44.25-1536x1024.jpeg 1536w, https:\/\/diariodominicano.com\/wp-content\/uploads\/2024\/04\/WhatsApp-Image-2024-04-23-at-11.44.25-2048x1365.jpeg 2048w, https:\/\/diariodominicano.com\/wp-content\/uploads\/2024\/04\/WhatsApp-Image-2024-04-23-at-11.44.25-816x544.jpeg 816w\" sizes=\"auto, (max-width: 1024px) 100vw, 1024px\" \/><\/figure>\n\n\n\n<p>\u201cEsta feria es un impulso a la adaptaci\u00f3n y ejecuci\u00f3n de la tecnolog\u00eda en diversos sectores del pa\u00eds aumentando la innovaci\u00f3n, el crecimiento econ\u00f3mico sostenible y el mejoramiento de la calidad de vida de las personas. Asimismo, estamos apostando a uno de los pilares de la ENIA que es el talento humano e innovaci\u00f3n #YoSoyFuturoRD que aglutina una coalici\u00f3n multisectorial de empresas, instituciones acad\u00e9micas, gobierno y organizaciones de la sociedad civil, con el prop\u00f3sito de desarrollar la fuerza laboral, implementar proyectos de investigaci\u00f3n y desarrollo\u201d, afirm\u00f3 Rivas.<\/p>\n\n\n\n<p><br>El director del Programa de Liderazgo Educativo (PLE-RD) del Ministerio del Ministerio de Educaci\u00f3n de Rep\u00fablica Dominicana (MINERD), Gerand Ventura, resalt\u00f3: \u201cHemos creado una alianza firme con la OGTIC, mediante la participaci\u00f3n en sus programas formativos que no solo ense\u00f1an habilidades t\u00e9cnicas, sino que tambi\u00e9n fomentan el pensamiento cr\u00edtico, la colaboraci\u00f3n y la resoluci\u00f3n de problemas, en todos los estudiantes que forman parte.&nbsp; Nuestro objetivo es empoderar a los j\u00f3venes para que se conviertan en agentes de cambio, impulsando el progreso y la prosperidad a trav\u00e9s de la tecnolog\u00eda\u201d.<\/p>\n\n\n\n<figure class=\"wp-block-image size-large\"><img loading=\"lazy\" decoding=\"async\" width=\"1024\" height=\"682\" src=\"https:\/\/diariodominicano.com\/wp-content\/uploads\/2024\/04\/PHOTO-2024-04-23-14-38-00-1024x682.jpg\" alt=\"\" class=\"wp-image-526099\" srcset=\"https:\/\/diariodominicano.com\/wp-content\/uploads\/2024\/04\/PHOTO-2024-04-23-14-38-00-1024x682.jpg 1024w, https:\/\/diariodominicano.com\/wp-content\/uploads\/2024\/04\/PHOTO-2024-04-23-14-38-00-300x200.jpg 300w, https:\/\/diariodominicano.com\/wp-content\/uploads\/2024\/04\/PHOTO-2024-04-23-14-38-00-768x512.jpg 768w, https:\/\/diariodominicano.com\/wp-content\/uploads\/2024\/04\/PHOTO-2024-04-23-14-38-00-816x544.jpg 816w, https:\/\/diariodominicano.com\/wp-content\/uploads\/2024\/04\/PHOTO-2024-04-23-14-38-00.jpg 1280w\" sizes=\"auto, (max-width: 1024px) 100vw, 1024px\" \/><\/figure>\n\n\n\n<p>En ese mismo orden la administradora general de \u00c1gora Mall, Silvia Rosales expres\u00f3 que desde el centro comercial contribuyen a democratizar el acceso al conocimiento, la tecnolog\u00eda y la creatividad, a trav\u00e9s de espacios inclusivos en donde se expone el del pa\u00eds en materia de innovaci\u00f3n desde el sector acad\u00e9mico en carreras STEM, as\u00ed como el compromiso asumido por el sector privado de dar cabida e incorporar a sus procesos productivos estos conocimientos y entre todos contribuir con el crecimiento el desarrollo sostenible e inclusivo del pa\u00eds.<\/p>\n\n\n\n<figure class=\"wp-block-image size-large\"><img loading=\"lazy\" decoding=\"async\" width=\"1024\" height=\"682\" src=\"https:\/\/diariodominicano.com\/wp-content\/uploads\/2024\/04\/PHOTO-2024-04-23-14-38-01-1024x682.jpg\" alt=\"\" class=\"wp-image-526100\" srcset=\"https:\/\/diariodominicano.com\/wp-content\/uploads\/2024\/04\/PHOTO-2024-04-23-14-38-01-1024x682.jpg 1024w, https:\/\/diariodominicano.com\/wp-content\/uploads\/2024\/04\/PHOTO-2024-04-23-14-38-01-300x200.jpg 300w, https:\/\/diariodominicano.com\/wp-content\/uploads\/2024\/04\/PHOTO-2024-04-23-14-38-01-768x512.jpg 768w, https:\/\/diariodominicano.com\/wp-content\/uploads\/2024\/04\/PHOTO-2024-04-23-14-38-01-816x544.jpg 816w, https:\/\/diariodominicano.com\/wp-content\/uploads\/2024\/04\/PHOTO-2024-04-23-14-38-01.jpg 1280w\" sizes=\"auto, (max-width: 1024px) 100vw, 1024px\" \/><\/figure>\n\n\n\n<p>\u201cEsta nueva edici\u00f3n de la Feria Universitaria trae sobre la mesa el papel que juega la innovaci\u00f3n y la tecnolog\u00eda en todos los sectores productivos y educativos que inciden de manera directa en la calidad de vida de la poblaci\u00f3n. El abordaje a desaf\u00edos sociales importantes, la creaci\u00f3n de ciudades inteligentes y fomentar la participaci\u00f3n ciudadana, son elementos con los que nos identificamos desde \u00c1gora, que est\u00e1n presente en nuestro accionar y el compromiso que hemos asumido con el cumplimiento de la agenda 2030, con los Objetivos de Desarrollo Sostenible (ODS) y con la Estrategia Nacional de Desarrollo\u201d, afirm\u00f3 la administradora del centro comercial.<\/p>\n\n\n\n<p>Las universidades podr\u00e1n exponer proyectos innovadores nacidos en la academia, tales como prototipos de ingenier\u00eda, aplicaciones de software, etc. y presentar sus propuestas y ofertas de carreras STEM, y orientar a los estudiantes y p\u00fablico interesado en el proceso de admisi\u00f3n. Asimismo, contar\u00e1 con charlas cortas e inspiradoras que abarcan temas de vanguardia, descubrimientos cient\u00edficos recientes, avances tecnol\u00f3gicos relevantes o ideas innovadoras y transformadoras.<\/p>\n\n\n\n<p>La Feria de Innovaci\u00f3n Universitaria estar\u00e1 abierta a todo el p\u00fablico los d\u00edas 23 y 24 de abril en horarios de 9:00 de la ma\u00f1ana a 6:00 de la tarde en el primer nivel del centro comercial.<\/p>\n\n\n\n<p>Gabriella Corti Gir\u00f3n<\/p>\n\n\n\n<p><a target=\"_blank\" href=\"mailto:gabriellacortigiron@gmail.com\" rel=\"noreferrer noopener\">gabriellacortigiron@gmail.com<\/a><\/p>\n","protected":false},"excerpt":{"rendered":"<p>Marcos Liqilong de Hawei; Genaro Rodr\u00edguez, viceministro de Ciencia y Tecnolog\u00eda MESCyT; Diana Rivas, directora de Gabinete de la OGTIC; Hu\u00e1scar Lindbergh Fr\u00edas Vilorio, rector de UTESA recinto Santo Domingo y Gerand Ventura, director del programa de Liderazgo Educativo (PLERD). 14 universidades exponen sus avances en las carreras STEM desde el 22 al 23 de [&hellip;]<\/p>\n","protected":false},"author":28,"featured_media":526089,"comment_status":"closed","ping_status":"closed","sticky":false,"template":"","format":"standard","meta":{"footnotes":""},"categories":[36,20],"tags":[],"class_list":["post-526088","post","type-post","status-publish","format-standard","has-post-thumbnail","hentry","category-hombresmujeresycosas","category-dominicana-hoy"],"_links":{"self":[{"href":"https:\/\/diariodominicano.com\/index.php?rest_route=\/wp\/v2\/posts\/526088","targetHints":{"allow":["GET"]}}],"collection":[{"href":"https:\/\/diariodominicano.com\/index.php?rest_route=\/wp\/v2\/posts"}],"about":[{"href":"https:\/\/diariodominicano.com\/index.php?rest_route=\/wp\/v2\/types\/post"}],"author":[{"embeddable":true,"href":"https:\/\/diariodominicano.com\/index.php?rest_route=\/wp\/v2\/users\/28"}],"replies":[{"embeddable":true,"href":"https:\/\/diariodominicano.com\/index.php?rest_route=%2Fwp%2Fv2%2Fcomments&post=526088"}],"version-history":[{"count":4,"href":"https:\/\/diariodominicano.com\/index.php?rest_route=\/wp\/v2\/posts\/526088\/revisions"}],"predecessor-version":[{"id":526101,"href":"https:\/\/diariodominicano.com\/index.php?rest_route=\/wp\/v2\/posts\/526088\/revisions\/526101"}],"wp:featuredmedia":[{"embeddable":true,"href":"https:\/\/diariodominicano.com\/index.php?rest_route=\/wp\/v2\/media\/526089"}],"wp:attachment":[{"href":"https:\/\/diariodominicano.com\/index.php?rest_route=%2Fwp%2Fv2%2Fmedia&parent=526088"}],"wp:term":[{"taxonomy":"category","embeddable":true,"href":"https:\/\/diariodominicano.com\/index.php?rest_route=%2Fwp%2Fv2%2Fcategories&post=526088"},{"taxonomy":"post_tag","embeddable":true,"href":"https:\/\/diariodominicano.com\/index.php?rest_route=%2Fwp%2Fv2%2Ftags&post=526088"}],"curies":[{"name":"wp","href":"https:\/\/api.w.org\/{rel}","templated":true}]}}