{"id":52606,"date":"2020-06-20T00:31:35","date_gmt":"2020-06-20T00:31:35","guid":{"rendered":"http:\/\/diariodominicano.ddns.net\/?p=52606"},"modified":"2020-06-20T00:31:35","modified_gmt":"2020-06-20T00:31:35","slug":"woss-gil-va-a-elecciones-sin-competencia","status":"publish","type":"post","link":"https:\/\/diariodominicano.com\/?p=52606","title":{"rendered":"Woss Gil va a elecciones sin competencia"},"content":{"rendered":"<p><body><\/p>\n<p><strong>Alejandro Woss Gil va a elecciones sin competencia <\/strong><\/p>\n<p><strong>  Fueron declarados ganadores de los comicios, pero el 24 de noviembre de 1903 capitul\u00f3 al ser vencido por un movimiento armado que llev\u00f3 a cabo contra su r\u00e9gimen Carlos Morales Languasco.<\/strong><\/p>\n<p><strong>Por H\u00e9ctor Tineo Nolasco<\/strong><\/p>\n<p><strong>Diariodominicano.com<\/strong><\/p>\n<\/p>\n<p><strong>    SANTO DOMINGO, el 20 de junio de 1903<\/strong>, Alejandro Woss G\u00edl  convoc\u00f3 a elecciones  con su \u00fanica candidatura y su compa\u00f1ero a la Vicepresidencia, Eugenio Deschamps. <\/p>\n<\/p>\n<p>      Fueron declarados ganadores de los comicios, pero el 24 de noviembre de 1903 capitul\u00f3 al ser vencido por un movimiento armado que llev\u00f3 a cabo contra su r\u00e9gimen Carlos Morales Languasco.<\/p>\n<\/p>\n<p>    Alejandro Woss G\u00edl hab\u00eda retomado el poder cuando el 23 de marzo de 1903, logr\u00f3 derrocar al Presidente Horacio V\u00e1squez, con el apoyo de las fuerzas lilisistas.<\/p>\n<\/p>\n<p>   Ese d\u00eda un grupo de presos lisistas se amotinaron en la Fortaleza Ozama y lograron salir para acabar con el Gobierno de Horacio V\u00e1squez, quien desde  el Cibao trat\u00f3 de manera infructuosa de recuperar el Gobierno. <\/p>\n<\/p>\n<p>Present\u00f3 renuncia al cargo el 23 de Abril de 1903. Alejandro Woss y G\u00edl, fue presidente de la Rep\u00fablica en dos ocasiones.<\/p>\n<\/p>\n<p>   La primera vez que lleg\u00f3 a la Jefatura del Estado  fue el 16 de Mayo de 1885, cuando se produjo la renuncia del Presidente Francisco Gregorio Billini, quien tom\u00f3 la decisi\u00f3n luego de que el general Gregorio Luper\u00f3n amenaz\u00f3 con derrocarlo.<\/p>\n<\/p>\n<p>   En la ocasi\u00f3n tambi\u00e9n se plante\u00f3 como otra causa que el general Ulises Heureaux,  Ministro de Guerra y Marina, presionaba para influir en las decisiones del Gobierno del Presidente Francisco Gregorio Billini.<\/p>\n<\/p>\n<p>   El poder de Ulises Heureaux qued\u00f3 evidenciado  cuando a partir del 16 de Mayo de 1885, el Presidente Alejandro Woss y Gil, obedec\u00eda a sus dictados, ya que le deb\u00eda el cargo.<\/p>\n<\/p>\n<p>      El Presidente Alejandro Woss Gil nombr\u00f3 al general Gregorio Luper\u00f3n, Delegado del Gobierno en el Cibao, lo que le permiti\u00f3 al grupo militar del Partido Azul, tener un control del pa\u00eds.<\/p>\n<\/p>\n<p>    El primer Gobierno de Alejandro Woss y G\u00edl termin\u00f3 el 6 de enero de 1887 cuando asumi\u00f3 el poder Ulises Heureaux, quien fue declarado ganador en un proceso electoral considerado fruto de un fraude.<\/p>\n<\/p>\n<p>   Ulises Heureaux, llamado Lil\u00eds, se mantuvo en el poder hasta el d\u00eda 26 de julio de 1899, cuando fue asesinado en la ciudad de Moca.<\/p>\n<\/p>\n<p>     Alejandro Woss y G\u00edl hab\u00eda nacido   el 5 de Mayo de 1856,  en El Seybo, y  muri\u00f3 en la ciudad de Santo Domingo, el d\u00eda 29 de enero de 1932.<\/p>\n<\/p>\n<h6> 2020-06-20 00:31:35 <\/h6>\n<p><!--\n<link rel=\"stylesheet\" href=\"css\/bootstrap.min.css\">\n\n\n<ul class=\"pagination\">\n\t    \n\t\n\n<li >\n\t<a href='?page_no=492'>Previous<\/a>\n\t<\/li>\n\n\n       \n    \n\n<li><a href='?page_no=1'>1<\/a><\/li>\n\n\n\n<li><a href='?page_no=2'>2<\/a><\/li>\n\n\n\n<li><a>...<\/a><\/li>\n\n\n\n<li><a href='?page_no=491'>491<\/a><\/li>\n\n\n\n<li><a href='?page_no=492'>492<\/a><\/li>\n\n\n\n<li class='active'><a>493<\/a><\/li>\n\n\n\n<li><a href='?page_no=494'>494<\/a><\/li>\n\n\n\n<li><a href='?page_no=495'>495<\/a><\/li>\n\n\n\n<li><a>...<\/a><\/li>\n\n\n\n<li><a href='?page_no=22911'>22911<\/a><\/li>\n\n\n\n<li><a href='?page_no=22912'>22912<\/a><\/li>\n\n    \n\t\n\n<li >\n\t<a href='?page_no=494'>Next<\/a>\n\t<\/li>\n\n\n    \n\n<li><a href='?page_no=22912'>Last &rsaquo;&rsaquo;<\/a><\/li>\n\n<\/ul>\n\n\n--><br \/>\n<\/body><\/p>\n","protected":false},"excerpt":{"rendered":"<p>Alejandro Woss Gil va a elecciones sin competencia Fueron declarados ganadores de los comicios, pero el 24 de noviembre de 1903 capitul\u00f3 al ser vencido por un movimiento armado que llev\u00f3 a cabo contra su r\u00e9gimen Carlos Morales Languasco. Por H\u00e9ctor Tineo Nolasco Diariodominicano.com SANTO DOMINGO, el 20 de junio de 1903, Alejandro Woss G\u00edl [&hellip;]<\/p>\n","protected":false},"author":3,"featured_media":0,"comment_status":"open","ping_status":"open","sticky":false,"template":"","format":"standard","meta":{"footnotes":""},"categories":[21],"tags":[],"class_list":["post-52606","post","type-post","status-publish","format-standard","hentry","category-cultura"],"_links":{"self":[{"href":"https:\/\/diariodominicano.com\/index.php?rest_route=\/wp\/v2\/posts\/52606","targetHints":{"allow":["GET"]}}],"collection":[{"href":"https:\/\/diariodominicano.com\/index.php?rest_route=\/wp\/v2\/posts"}],"about":[{"href":"https:\/\/diariodominicano.com\/index.php?rest_route=\/wp\/v2\/types\/post"}],"author":[{"embeddable":true,"href":"https:\/\/diariodominicano.com\/index.php?rest_route=\/wp\/v2\/users\/3"}],"replies":[{"embeddable":true,"href":"https:\/\/diariodominicano.com\/index.php?rest_route=%2Fwp%2Fv2%2Fcomments&post=52606"}],"version-history":[{"count":0,"href":"https:\/\/diariodominicano.com\/index.php?rest_route=\/wp\/v2\/posts\/52606\/revisions"}],"wp:attachment":[{"href":"https:\/\/diariodominicano.com\/index.php?rest_route=%2Fwp%2Fv2%2Fmedia&parent=52606"}],"wp:term":[{"taxonomy":"category","embeddable":true,"href":"https:\/\/diariodominicano.com\/index.php?rest_route=%2Fwp%2Fv2%2Fcategories&post=52606"},{"taxonomy":"post_tag","embeddable":true,"href":"https:\/\/diariodominicano.com\/index.php?rest_route=%2Fwp%2Fv2%2Ftags&post=52606"}],"curies":[{"name":"wp","href":"https:\/\/api.w.org\/{rel}","templated":true}]}}