{"id":526038,"date":"2024-04-23T23:54:16","date_gmt":"2024-04-24T03:54:16","guid":{"rendered":"https:\/\/diariodominicano.com\/?p=526038"},"modified":"2024-04-23T23:54:21","modified_gmt":"2024-04-24T03:54:21","slug":"anamara-respalda-a-los-organismos-fiscales-en-intervencion-y-regularizacion-de-comercios-en-falta-por-pagos-tributarios","status":"publish","type":"post","link":"https:\/\/diariodominicano.com\/?p=526038","title":{"rendered":"Anamara respalda a los organismos fiscales en intervenci\u00f3n y regularizaci\u00f3n de comercios en falta por pagos tributarios"},"content":{"rendered":"\n<p>La Asociaci\u00f3n Nacional de Importadores y Distribuidores de Repuestos Automotrices, Accesorios y Movilidad, (ANAMARA, ORG), manifest\u00f3 su apoyo total a las acciones de la Direcci\u00f3n General de Impuestos Internos (DGII) y la Direcci\u00f3n General de Aduanas (DGA) relacionadas con la intervenci\u00f3n y la regularizaci\u00f3n de los negocios y establecimientos formales e informales que no est\u00e1n cumpliendo con sus obligaciones tributarias, operando por tanto al margen de la ley.<\/p>\n\n\n\n<figure class=\"wp-block-image size-large\"><img loading=\"lazy\" decoding=\"async\" width=\"1024\" height=\"682\" src=\"https:\/\/diariodominicano.com\/wp-content\/uploads\/2024\/04\/Anamara-1024x682.jpeg\" alt=\"\" class=\"wp-image-526040\" srcset=\"https:\/\/diariodominicano.com\/wp-content\/uploads\/2024\/04\/Anamara-1024x682.jpeg 1024w, https:\/\/diariodominicano.com\/wp-content\/uploads\/2024\/04\/Anamara-300x200.jpeg 300w, https:\/\/diariodominicano.com\/wp-content\/uploads\/2024\/04\/Anamara-768x512.jpeg 768w, https:\/\/diariodominicano.com\/wp-content\/uploads\/2024\/04\/Anamara-816x544.jpeg 816w, https:\/\/diariodominicano.com\/wp-content\/uploads\/2024\/04\/Anamara.jpeg 1280w\" sizes=\"auto, (max-width: 1024px) 100vw, 1024px\" \/><\/figure>\n\n\n\n<p>El consejo directivo de la entidad explic\u00f3 a trav\u00e9s de un comunicado, que respaldan estas acciones que no est\u00e1n dirigidas a un sector en particular, garantizando que todas las empresas del pa\u00eds, no importando su lugar de origen, cumplan con sus obligaciones fiscales lo que evita la competencia desleal de algunos negocios.<\/p>\n\n\n\n<p>\u201cANAMARA, ORG., incentiva y estimula a las autoridades gubernamentales, en especial a la DGII y a la DGA para que contin\u00faen con estas acciones, las que ayudar\u00e1n a garantizar la participaci\u00f3n igualitaria de todas las empresas en el cumplimento de sus obligaciones fiscales, y al aumento en la recaudaci\u00f3n de impuestos, disminuyendo as\u00ed el mercado il\u00edcito, la competencia desleal y la justa participaci\u00f3n en el mercado de repuestos para nuestros Asociados\u201d. dijeron en el comunicado.<\/p>\n\n\n\n<p>Los dirigentes de la entidad que agrupa a unas 100 empresas importadoras y distribuidoras de repuestos automotrices se sumaron tambi\u00e9n al llamado que hacen las direcciones generales de impuestos y de Aduanas a todas las empresas y comercios del pa\u00eds a regularizar su situaci\u00f3n tributaria.<\/p>\n\n\n\n<p><strong><u>Acerca de ANAMARA, ORG<\/u><\/strong><strong><u><\/u><\/strong><\/p>\n\n\n\n<p><\/p>\n\n\n\n<p><\/p>\n\n\n\n<p>Con 45 a\u00f1os de vida institucional incidiendo en el mercado de importaci\u00f3n y distribuci\u00f3n de repuestos automotrices, accesorios, neum\u00e1ticos, bater\u00edas, lubricantes, motocicletas, bicicletas y de movilidad, ANAMARA, ORG. es la m\u00e1s grande asociaci\u00f3n que agrupa al 85% del mercado importador de repuestos al nivel Nacional, incluyendo las 20 Empresas automotrices originales m\u00e1s grandes del pa\u00eds<\/p>\n\n\n\n<p>Patricio Peralta<\/p>\n\n\n\n<p><a target=\"_blank\" href=\"mailto:patricioperalta.asocs@gmail.com\" rel=\"noreferrer noopener\">patricioperalta.asocs@gmail.com<\/a><\/p>\n\n\n\n<p>.<\/p>\n","protected":false},"excerpt":{"rendered":"<p>La Asociaci\u00f3n Nacional de Importadores y Distribuidores de Repuestos Automotrices, Accesorios y Movilidad, (ANAMARA, ORG), manifest\u00f3 su apoyo total a las acciones de la Direcci\u00f3n General de Impuestos Internos (DGII) y la Direcci\u00f3n General de Aduanas (DGA) relacionadas con la intervenci\u00f3n y la regularizaci\u00f3n de los negocios y establecimientos formales e informales que no est\u00e1n [&hellip;]<\/p>\n","protected":false},"author":28,"featured_media":526039,"comment_status":"closed","ping_status":"closed","sticky":false,"template":"","format":"standard","meta":{"footnotes":""},"categories":[20,24],"tags":[],"class_list":["post-526038","post","type-post","status-publish","format-standard","has-post-thumbnail","hentry","category-dominicana-hoy","category-justicia-y-derecho"],"_links":{"self":[{"href":"https:\/\/diariodominicano.com\/index.php?rest_route=\/wp\/v2\/posts\/526038","targetHints":{"allow":["GET"]}}],"collection":[{"href":"https:\/\/diariodominicano.com\/index.php?rest_route=\/wp\/v2\/posts"}],"about":[{"href":"https:\/\/diariodominicano.com\/index.php?rest_route=\/wp\/v2\/types\/post"}],"author":[{"embeddable":true,"href":"https:\/\/diariodominicano.com\/index.php?rest_route=\/wp\/v2\/users\/28"}],"replies":[{"embeddable":true,"href":"https:\/\/diariodominicano.com\/index.php?rest_route=%2Fwp%2Fv2%2Fcomments&post=526038"}],"version-history":[{"count":1,"href":"https:\/\/diariodominicano.com\/index.php?rest_route=\/wp\/v2\/posts\/526038\/revisions"}],"predecessor-version":[{"id":526041,"href":"https:\/\/diariodominicano.com\/index.php?rest_route=\/wp\/v2\/posts\/526038\/revisions\/526041"}],"wp:featuredmedia":[{"embeddable":true,"href":"https:\/\/diariodominicano.com\/index.php?rest_route=\/wp\/v2\/media\/526039"}],"wp:attachment":[{"href":"https:\/\/diariodominicano.com\/index.php?rest_route=%2Fwp%2Fv2%2Fmedia&parent=526038"}],"wp:term":[{"taxonomy":"category","embeddable":true,"href":"https:\/\/diariodominicano.com\/index.php?rest_route=%2Fwp%2Fv2%2Fcategories&post=526038"},{"taxonomy":"post_tag","embeddable":true,"href":"https:\/\/diariodominicano.com\/index.php?rest_route=%2Fwp%2Fv2%2Ftags&post=526038"}],"curies":[{"name":"wp","href":"https:\/\/api.w.org\/{rel}","templated":true}]}}