{"id":525983,"date":"2024-04-23T11:42:17","date_gmt":"2024-04-23T15:42:17","guid":{"rendered":"https:\/\/diariodominicano.com\/?p=525983"},"modified":"2024-04-23T11:42:23","modified_gmt":"2024-04-23T15:42:23","slug":"mandatario-dominicano-defiende-dos-periodos-de-gestion-nunca-tres","status":"publish","type":"post","link":"https:\/\/diariodominicano.com\/?p=525983","title":{"rendered":"Mandatario dominicano defiende dos periodos de gesti\u00f3n, nunca tres"},"content":{"rendered":"\n<p>diariodominicano.com<\/p>\n\n\n\n<p>Santiago de los Caballeros, Rep\u00fablica Dominicana, 23 abr (Prensa Latina) El mandatario dominicano, Luis Abinader, sostuvo que en una eventual modificaci\u00f3n constitucional defender\u00e1 que se mantenga sin cambios la prohibici\u00f3n de un tercer per\u00edodo presidencial consecutivo, trascendi\u00f3 hoy.<\/p>\n\n\n\n<p>Abinader dijo a la prensa desde esta provincia del norte del pa\u00eds que \u00abnunca va a cambiar los t\u00e9rminos de elecci\u00f3n. Por esto hemos abogado y lo seguiremos haciendo. Hay que colocar un \u2018candado\u2019 a la Constituci\u00f3n, para que ning\u00fan presidente, sin importar de la mayor\u00eda de que disponga en el Congreso, pueda transformar los t\u00e9rminos de elecci\u00f3n\u00bb, apunt\u00f3.<\/p>\n\n\n\n<p>Manifest\u00f3 que como gobernante las dos principales reformas que busca impulsar son la relacionada con el tema de la repostulaci\u00f3n y la independencia del Ministerio P\u00fablico.<\/p>\n\n\n\n<p>Durante su tradicional encuentro con representantes de la prensa nacional, el gobernante present\u00f3 un informe sobre los avances que se registran en Santiago de los Caballeros durante su gesti\u00f3n (2020-2024) en \u00e1reas como educaci\u00f3n, salud, infraestructura, electricidad y agua.<\/p>\n\n\n\n<p>Al respecto, puntualiz\u00f3 que el gobierno inaugur\u00f3 11 centros educativos, en tanto el proyecto del Telef\u00e9rico de Santiago movilizar\u00e1 64 mil pasajeros a partir del 1 de mayo y la reconducci\u00f3n de redes el\u00e9ctricas benefician en la actualidad a m\u00e1s de 134 mil familias.<\/p>\n\n\n\n<p>Asimismo, mencion\u00f3 que se han ejecutado 14 proyectos en el sector deporte en distintos sectores de Santiago, entre estos la terminaci\u00f3n del Polideportivo de Tamboril.<\/p>\n\n\n\n<p>M\u00e1s de seis mil personas se han favorecido con la entrega de mil 682 apartamentos en Hato del Yaque, Los Salados y La Barranquita, y tambi\u00e9n se edificaron cinco centros de salud, precis\u00f3 Abinader a los medios de comunicaci\u00f3n reunidos en el Gran Teatro del Cibao, en Santiago de los Caballeros.<\/p>\n\n\n\n<p>ro\/mpv<\/p>\n","protected":false},"excerpt":{"rendered":"<p>diariodominicano.com Santiago de los Caballeros, Rep\u00fablica Dominicana, 23 abr (Prensa Latina) El mandatario dominicano, Luis Abinader, sostuvo que en una eventual modificaci\u00f3n constitucional defender\u00e1 que se mantenga sin cambios la prohibici\u00f3n de un tercer per\u00edodo presidencial consecutivo, trascendi\u00f3 hoy. Abinader dijo a la prensa desde esta provincia del norte del pa\u00eds que \u00abnunca va a [&hellip;]<\/p>\n","protected":false},"author":5,"featured_media":522498,"comment_status":"closed","ping_status":"closed","sticky":true,"template":"","format":"standard","meta":{"footnotes":""},"categories":[20,27],"tags":[],"class_list":["post-525983","post","type-post","status-publish","format-standard","has-post-thumbnail","hentry","category-dominicana-hoy","category-portada"],"_links":{"self":[{"href":"https:\/\/diariodominicano.com\/index.php?rest_route=\/wp\/v2\/posts\/525983","targetHints":{"allow":["GET"]}}],"collection":[{"href":"https:\/\/diariodominicano.com\/index.php?rest_route=\/wp\/v2\/posts"}],"about":[{"href":"https:\/\/diariodominicano.com\/index.php?rest_route=\/wp\/v2\/types\/post"}],"author":[{"embeddable":true,"href":"https:\/\/diariodominicano.com\/index.php?rest_route=\/wp\/v2\/users\/5"}],"replies":[{"embeddable":true,"href":"https:\/\/diariodominicano.com\/index.php?rest_route=%2Fwp%2Fv2%2Fcomments&post=525983"}],"version-history":[{"count":1,"href":"https:\/\/diariodominicano.com\/index.php?rest_route=\/wp\/v2\/posts\/525983\/revisions"}],"predecessor-version":[{"id":525984,"href":"https:\/\/diariodominicano.com\/index.php?rest_route=\/wp\/v2\/posts\/525983\/revisions\/525984"}],"wp:featuredmedia":[{"embeddable":true,"href":"https:\/\/diariodominicano.com\/index.php?rest_route=\/wp\/v2\/media\/522498"}],"wp:attachment":[{"href":"https:\/\/diariodominicano.com\/index.php?rest_route=%2Fwp%2Fv2%2Fmedia&parent=525983"}],"wp:term":[{"taxonomy":"category","embeddable":true,"href":"https:\/\/diariodominicano.com\/index.php?rest_route=%2Fwp%2Fv2%2Fcategories&post=525983"},{"taxonomy":"post_tag","embeddable":true,"href":"https:\/\/diariodominicano.com\/index.php?rest_route=%2Fwp%2Fv2%2Ftags&post=525983"}],"curies":[{"name":"wp","href":"https:\/\/api.w.org\/{rel}","templated":true}]}}