{"id":525846,"date":"2024-04-22T23:18:32","date_gmt":"2024-04-23T03:18:32","guid":{"rendered":"https:\/\/diariodominicano.com\/?p=525846"},"modified":"2024-04-22T23:21:08","modified_gmt":"2024-04-23T03:21:08","slug":"cld-ny-reconoce-al-periodista-erasmo-chalas","status":"publish","type":"post","link":"https:\/\/diariodominicano.com\/?p=525846","title":{"rendered":"CLD-NY reconoce al periodista Erasmo Chalas"},"content":{"rendered":"\n<p><strong>Por Ram\u00f3n Mercedes<\/strong><\/p>\n\n\n\n<p><strong>NUEVA YORK.-<\/strong>\u00a0Al celebrarse el \u201cD\u00eda del Locutor\u201d, el pasado 18 del presente mes en esta ciudad, la filial del C\u00edrculo de Locutores Dominicanos, Inc. (CLD-NY), reconoci\u00f3 al destacado y reconocido periodista dominicano, Erasmo Chalas Tejeda, por su dilatado ejercicio period\u00edstico.<\/p>\n\n\n\n<p><\/p>\n\n\n\n<p>Chalas Tejeda cumplir\u00e1 en agosto pr\u00f3ximo 46 a\u00f1os ejerciendo dicha labor, desde que inici\u00f3 en su natal Ban\u00ed en el 1979.<\/p>\n\n\n\n<p>Dicho reconocimiento le fue entregado por German Batista, presidente de CLD-NY, en los salones de la Direcci\u00f3n de Cultura en la Gran Manzana.<\/p>\n\n\n\n<p>Batista sostuvo que, para atribuirle la referida distinci\u00f3n al comunicador y abogado dominicano, en el entendido de que ocup\u00f3 las posiciones m\u00e1s altas dentro del periodismo en NYC, como la Secretar\u00eda General de la filial del Colegio Dominicano de Periodistas (CDP-NY) y la direcci\u00f3n de prensa del Consulado General de la RD en esta Metr\u00f3poli, con un desempe\u00f1o notorio y destacado.<\/p>\n\n\n\n<p>Actualmente, es director de prensa del comando de campa\u00f1a del Partido Revolucionario Moderno (PRM) y de la seccional de la entidad en NY.<\/p>\n","protected":false},"excerpt":{"rendered":"<p>Por Ram\u00f3n Mercedes NUEVA YORK.-\u00a0Al celebrarse el \u201cD\u00eda del Locutor\u201d, el pasado 18 del presente mes en esta ciudad, la filial del C\u00edrculo de Locutores Dominicanos, Inc. (CLD-NY), reconoci\u00f3 al destacado y reconocido periodista dominicano, Erasmo Chalas Tejeda, por su dilatado ejercicio period\u00edstico. Chalas Tejeda cumplir\u00e1 en agosto pr\u00f3ximo 46 a\u00f1os ejerciendo dicha labor, desde [&hellip;]<\/p>\n","protected":false},"author":28,"featured_media":525847,"comment_status":"closed","ping_status":"closed","sticky":false,"template":"","format":"standard","meta":{"footnotes":""},"categories":[36,25],"tags":[],"class_list":["post-525846","post","type-post","status-publish","format-standard","has-post-thumbnail","hentry","category-hombresmujeresycosas","category-gente"],"_links":{"self":[{"href":"https:\/\/diariodominicano.com\/index.php?rest_route=\/wp\/v2\/posts\/525846","targetHints":{"allow":["GET"]}}],"collection":[{"href":"https:\/\/diariodominicano.com\/index.php?rest_route=\/wp\/v2\/posts"}],"about":[{"href":"https:\/\/diariodominicano.com\/index.php?rest_route=\/wp\/v2\/types\/post"}],"author":[{"embeddable":true,"href":"https:\/\/diariodominicano.com\/index.php?rest_route=\/wp\/v2\/users\/28"}],"replies":[{"embeddable":true,"href":"https:\/\/diariodominicano.com\/index.php?rest_route=%2Fwp%2Fv2%2Fcomments&post=525846"}],"version-history":[{"count":2,"href":"https:\/\/diariodominicano.com\/index.php?rest_route=\/wp\/v2\/posts\/525846\/revisions"}],"predecessor-version":[{"id":525849,"href":"https:\/\/diariodominicano.com\/index.php?rest_route=\/wp\/v2\/posts\/525846\/revisions\/525849"}],"wp:featuredmedia":[{"embeddable":true,"href":"https:\/\/diariodominicano.com\/index.php?rest_route=\/wp\/v2\/media\/525847"}],"wp:attachment":[{"href":"https:\/\/diariodominicano.com\/index.php?rest_route=%2Fwp%2Fv2%2Fmedia&parent=525846"}],"wp:term":[{"taxonomy":"category","embeddable":true,"href":"https:\/\/diariodominicano.com\/index.php?rest_route=%2Fwp%2Fv2%2Fcategories&post=525846"},{"taxonomy":"post_tag","embeddable":true,"href":"https:\/\/diariodominicano.com\/index.php?rest_route=%2Fwp%2Fv2%2Ftags&post=525846"}],"curies":[{"name":"wp","href":"https:\/\/api.w.org\/{rel}","templated":true}]}}