{"id":525806,"date":"2024-04-22T22:18:33","date_gmt":"2024-04-23T02:18:33","guid":{"rendered":"https:\/\/diariodominicano.com\/?p=525806"},"modified":"2024-04-22T22:19:42","modified_gmt":"2024-04-23T02:19:42","slug":"red-de-lideres-mediadores-gradua-a-408-nuevos-lideres-mediadores-comunitarios","status":"publish","type":"post","link":"https:\/\/diariodominicano.com\/?p=525806","title":{"rendered":"Red de L\u00edderes Mediadores grad\u00faa a 408 nuevos l\u00edderes mediadores comunitarios\u00a0"},"content":{"rendered":"\n<p>Sonia Espejo<\/p>\n\n\n\n<p><strong>LA ALTAGRACIA, Rep\u00fablica Dominicana.&#8211;<\/strong>\u00a0El Programa de la Red de L\u00edderes Mediadores de Conflictos Juveniles y Comunitarios realiz\u00f3 la graduaci\u00f3n de 408 l\u00edderes mediadores comunitarios en la regi\u00f3n este, espec\u00edficamente en las provincias de La Romana y La Altagracia.\u00a0<\/p>\n\n\n\n<p>\u201cEste logro representa un hito significativo en nuestros esfuerzos continuos por promover la paz y la resoluci\u00f3n pac\u00edfica de conflictos en nuestras comunidades\u201d, se\u00f1al\u00f3 la procuradora general de corte de apelaci\u00f3n, Sonia Espejo, quien coordina este programa.<\/p>\n\n\n\n<p>Desde el inicio del programa se han capacitado 3,591 l\u00edderes mediadores, 1,474 hombres y 2,117 mujeres.&nbsp;&nbsp;<\/p>\n\n\n\n<p>\u201cEsta diversidad de g\u00e9nero refleja nuestro compromiso con la inclusi\u00f3n y la igualdad de oportunidades en todos los aspectos de nuestro trabajo. Adem\u00e1s, con una proyecci\u00f3n de beneficiarios que supera los 116.000, estamos impactando positivamente a una gran cantidad de personas en la regi\u00f3n\u201d, sostiene Espejo, quien indico que este esfuerzo formativo se ha extendido a lo largo y ancho del pa\u00eds, interviniendo en 13 provincias, 16 municipios y 733 sectores, integrando a 816 instituciones, abordando la gran variedad de desaf\u00edos locales.<\/p>\n\n\n\n<p>\u201cUna de las caracter\u00edsticas distintivas de nuestro programa es la colaboraci\u00f3n estrat\u00e9gica entre el Ministerio del Interior y Polic\u00eda, el Ministerio P\u00fablico y la Iglesia Cat\u00f3lica. Esta alianza nos ha brindado una plataforma s\u00f3lida para fomentar una convivencia pac\u00edfica, construir una cultura de paz y facilitar el di\u00e1logo y la mediaci\u00f3n en situaciones de conflicto\u201d, explic\u00f3 la procuradora de corte.<\/p>\n\n\n\n<p><\/p>\n\n\n\n<p>Espejo precis\u00f3 que hasta la fecha los l\u00edderes mediadores han logrado resolver 1,181 casos a trav\u00e9s del di\u00e1logo y la mediaci\u00f3n, demostrando el impacto tangible de su trabajo en las comunidades.&nbsp;<\/p>\n\n\n\n<p>\u201cEste \u00e9xito es un testimonio del compromiso y la dedicaci\u00f3n de todos los involucrados en el programa\u201d, resalt\u00f3.<\/p>\n\n\n\n<p>El acto inicio con la palabra de bendici\u00f3n, motivaci\u00f3n y bienvenida del&nbsp; sacerdote Joaqu\u00edn Mercedes en representaci\u00f3n del obispo la Di\u00f3cesis de Nuestra Se\u00f1ora de la Altagracia, monse\u00f1or Jes\u00fas Castro Marte.<\/p>\n\n\n\n<p>La graduaci\u00f3n fue realizada en el Colegio La Salle, en el municipio de Higuey, siendo presidida por el ministro de Interior y Polic\u00eda, Jes\u00fas V\u00e1squez Mart\u00ednez y a la procuradora de corte Sonia Espejo y coordinadora general del Programa Red de Lideres mediadores de conflictos.\u00a0<\/p>\n\n\n\n<p><\/p>\n\n\n\n<p>Tambi\u00e9n hizo acto de presencia el viceministro de convivencia ciudadana, Fernando Nolberto G\u00f3mez, el senador de Higuey, Virgilio Cedano Cedano, la Procuradora Fiscal titular de la Provincia de La Romana, Reina Yaniri Rodr\u00edguez, el sacerdote Joaqu\u00edn Mercedes en representaci\u00f3n del Obispo de la Di\u00f3cesis Nuestra Se\u00f1ora de la Altagracia Monse\u00f1or Jes\u00fas Castro Marte, entre otras personalidades.<\/p>\n\n\n\n<p>De igual manera Espejo agradeci\u00f3 a la Procuradora General de la Rep\u00fablica, Mirian German Brito, el haber permitido que sea parte de este proyecto de prevenci\u00f3n de la criminalidad y fomentar la convivencia pac\u00edfica, en la estrategia integral \u00b4\u00a8Mi Pa\u00eds Seguro\u00b4\u00b4 que ejecuta el Estado dominicano, en la cual se est\u00e1 contribuyendo a reducir los niveles de violencia, fomentando la convivencia pac\u00edfica y a la construcci\u00f3n de una cultura de paz en las comunidades y el pa\u00eds.<\/p>\n\n\n\n<p>Espejo resalto la importancia de formar l\u00edderes j\u00f3venes y adultos mediadores de conflictos ya que se est\u00e1 previniendo los hechos delictivos y el Ministerio P\u00fablico tiene un rol persecutor y preventivo por lo que este trabajo a que se realiza es propio de esas funciones.<\/p>\n\n\n\n<p>En el acto de graduaci\u00f3n, varios j\u00f3venes y l\u00edderes mediadores comunitarios dieron las gracias por la oportunidad de pertenecer a este programa, y hablaron de su experiencia, misma que los ha fortalecido de manera personal, integral, familiar y comunitaria.&nbsp;<\/p>\n\n\n\n<p>La juramentaci\u00f3n de los l\u00edderes mediadores juveniles y comunitarios estuvo a cargo de la procuradora fiscal titular de la provincia La Romana, Reina Yaniri Rodr\u00edguez.<\/p>\n\n\n\n<p>El cierre estuvo a cargo del ministro de Interior y Polic\u00eda Jes\u00fas V\u00e1squez Mart\u00ednez quien resalt\u00f3 la importancia y los buenos resultados que se est\u00e1n obteniendo con los l\u00edderes mediadores de conflicto, quienes han contribuido a disminuir los niveles de violencia en las diferentes demarcaciones donde se ha&nbsp; implementado el programa, expresando su emoci\u00f3n con la integraci\u00f3n de tantos lideres mediadores juveniles y comunitarios que est\u00e1n integrado y comprometidos en la construcci\u00f3n de una cultura de paz en todo el pa\u00eds.<\/p>\n\n\n\n<p><strong>Direcci\u00f3n General de Comunicaci\u00f3n, Prensa, y RRPP<\/strong><strong><\/strong><\/p>\n\n\n\n<p>Ministerio P\u00fablico.&nbsp;R.D.<\/p>\n\n\n\n<p>Lunes, 22 de marzo de 2024<\/p>\n","protected":false},"excerpt":{"rendered":"<p>Sonia Espejo LA ALTAGRACIA, Rep\u00fablica Dominicana.&#8211;\u00a0El Programa de la Red de L\u00edderes Mediadores de Conflictos Juveniles y Comunitarios realiz\u00f3 la graduaci\u00f3n de 408 l\u00edderes mediadores comunitarios en la regi\u00f3n este, espec\u00edficamente en las provincias de La Romana y La Altagracia.\u00a0 \u201cEste logro representa un hito significativo en nuestros esfuerzos continuos por promover la paz y [&hellip;]<\/p>\n","protected":false},"author":28,"featured_media":525811,"comment_status":"closed","ping_status":"closed","sticky":false,"template":"","format":"standard","meta":{"footnotes":""},"categories":[36,20,24],"tags":[],"class_list":["post-525806","post","type-post","status-publish","format-standard","has-post-thumbnail","hentry","category-hombresmujeresycosas","category-dominicana-hoy","category-justicia-y-derecho"],"_links":{"self":[{"href":"https:\/\/diariodominicano.com\/index.php?rest_route=\/wp\/v2\/posts\/525806","targetHints":{"allow":["GET"]}}],"collection":[{"href":"https:\/\/diariodominicano.com\/index.php?rest_route=\/wp\/v2\/posts"}],"about":[{"href":"https:\/\/diariodominicano.com\/index.php?rest_route=\/wp\/v2\/types\/post"}],"author":[{"embeddable":true,"href":"https:\/\/diariodominicano.com\/index.php?rest_route=\/wp\/v2\/users\/28"}],"replies":[{"embeddable":true,"href":"https:\/\/diariodominicano.com\/index.php?rest_route=%2Fwp%2Fv2%2Fcomments&post=525806"}],"version-history":[{"count":2,"href":"https:\/\/diariodominicano.com\/index.php?rest_route=\/wp\/v2\/posts\/525806\/revisions"}],"predecessor-version":[{"id":525812,"href":"https:\/\/diariodominicano.com\/index.php?rest_route=\/wp\/v2\/posts\/525806\/revisions\/525812"}],"wp:featuredmedia":[{"embeddable":true,"href":"https:\/\/diariodominicano.com\/index.php?rest_route=\/wp\/v2\/media\/525811"}],"wp:attachment":[{"href":"https:\/\/diariodominicano.com\/index.php?rest_route=%2Fwp%2Fv2%2Fmedia&parent=525806"}],"wp:term":[{"taxonomy":"category","embeddable":true,"href":"https:\/\/diariodominicano.com\/index.php?rest_route=%2Fwp%2Fv2%2Fcategories&post=525806"},{"taxonomy":"post_tag","embeddable":true,"href":"https:\/\/diariodominicano.com\/index.php?rest_route=%2Fwp%2Fv2%2Ftags&post=525806"}],"curies":[{"name":"wp","href":"https:\/\/api.w.org\/{rel}","templated":true}]}}