{"id":525772,"date":"2024-04-22T21:41:21","date_gmt":"2024-04-23T01:41:21","guid":{"rendered":"https:\/\/diariodominicano.com\/?p=525772"},"modified":"2024-04-22T21:44:38","modified_gmt":"2024-04-23T01:44:38","slug":"director-regional-18-de-educacion-pide-enviar-estudiantes-a-la-escuela-este-martes-23-de-abril-pese-a-movilizacion-de-adp","status":"publish","type":"post","link":"https:\/\/diariodominicano.com\/?p=525772","title":{"rendered":"Director Regional 18 de Educaci\u00f3n pide enviar estudiantes a la escuela este martes 23 de abril pese a convocatoria de ADP"},"content":{"rendered":"\n<p><strong>Alexander Col\u00f3n Cede\u00f1o<\/strong> <\/p>\n\n\n\n<p>Por: Ranfi D\u00edaz<\/p>\n\n\n\n<p>NEIBA.- El director de la Regional 18 del Ministerio de Educaci\u00f3n, Bahoruco e&nbsp; Independencia, Alexander Col\u00f3n Cede\u00f1o, llam\u00f3 este lunes a los padres, madres y tutores a enviar sus hijos a las escuelas de esta dependencia educativa este martes 23 del mes en curso, pese al llamado a paro de docencia convocado por la Asociaci\u00f3n Dominicana de Profesores (ADP).<\/p>\n\n\n\n<p>El director Regional, sostuvo que el Ministerio de Educaci\u00f3n en ning\u00fan momento se ha negado a la aprobaci\u00f3n de un aumento justo a los docentes, conforme a la disposici\u00f3n de los recursos econ\u00f3micos, \u201cincluso el ministro de Educaci\u00f3n, Dr. \u00c1ngel Hern\u00e1ndez, fue quien inici\u00f3 la creaci\u00f3n de una mesa de di\u00e1logo con las autoridades de la ADP, para llegar a un acuerdo\u201d, expres\u00f3 Col\u00f3n Cede\u00f1o.<\/p>\n\n\n\n<p>Indic\u00f3 que es muy lamentable que el presidente de la ADP,&nbsp;Eduardo Hidalgo, diputado y candidato a esa misma posici\u00f3n por el Partido de la Liberaci\u00f3n Dominicana (PLD),&nbsp;est\u00e9 usando el gremio magisterial para asuntos pol\u00edticos en detrimento de la educaci\u00f3n de los ni\u00f1os y ni\u00f1as del pa\u00eds, poniendo en riesgo el cierre del a\u00f1o escolar 2023-2024, en el que cursan m\u00e1s de 2.6 millones de estudiantes a nivel nacional.<\/p>\n\n\n\n<p>Agreg\u00f3 que la sociedad dominicana no puede permitir que una persona desde el gremio magisterial entorpezca el proceso educativo, con intenciones pol\u00edticas al acercarse las elecciones Congresuales y Presidenciales, en las que a juicio del director Regional de Educaci\u00f3n, Eduardo Hidalgo, quiere resultar favorecido con las movilizaciones de docentes en contra de las autoridades educativas.<\/p>\n\n\n\n<p>\u201cDesde la direcci\u00f3n Regional 18 de Educaci\u00f3n, reiteramos contundentemente el llamado a los padres, madres y tutores, a enviar los estudiantes a la escuela este martes 23 de abril, empod\u00e9rense de la educaci\u00f3n de sus hijos envi\u00e1ndolos a las escuelas a recibir el pan de la ense\u00f1anza, para garantizar el desarrollo educativo de los mismos, as\u00ed como el avance de la Educaci\u00f3n dominicana\u201d, concluy\u00f3 Alexander Col\u00f3n Cede\u00f1o.<\/p>\n\n\n\n<p>Ranfi D\u00edaz<\/p>\n\n\n\n<p><a target=\"_blank\" href=\"mailto:ranfidiaz01@gmail.com\" rel=\"noreferrer noopener\">ranfidiaz01@gmail.com<\/a><\/p>\n","protected":false},"excerpt":{"rendered":"<p>Alexander Col\u00f3n Cede\u00f1o Por: Ranfi D\u00edaz NEIBA.- El director de la Regional 18 del Ministerio de Educaci\u00f3n, Bahoruco e&nbsp; Independencia, Alexander Col\u00f3n Cede\u00f1o, llam\u00f3 este lunes a los padres, madres y tutores a enviar sus hijos a las escuelas de esta dependencia educativa este martes 23 del mes en curso, pese al llamado a paro [&hellip;]<\/p>\n","protected":false},"author":28,"featured_media":525773,"comment_status":"closed","ping_status":"closed","sticky":false,"template":"","format":"standard","meta":{"footnotes":""},"categories":[36,20],"tags":[],"class_list":["post-525772","post","type-post","status-publish","format-standard","has-post-thumbnail","hentry","category-hombresmujeresycosas","category-dominicana-hoy"],"_links":{"self":[{"href":"https:\/\/diariodominicano.com\/index.php?rest_route=\/wp\/v2\/posts\/525772","targetHints":{"allow":["GET"]}}],"collection":[{"href":"https:\/\/diariodominicano.com\/index.php?rest_route=\/wp\/v2\/posts"}],"about":[{"href":"https:\/\/diariodominicano.com\/index.php?rest_route=\/wp\/v2\/types\/post"}],"author":[{"embeddable":true,"href":"https:\/\/diariodominicano.com\/index.php?rest_route=\/wp\/v2\/users\/28"}],"replies":[{"embeddable":true,"href":"https:\/\/diariodominicano.com\/index.php?rest_route=%2Fwp%2Fv2%2Fcomments&post=525772"}],"version-history":[{"count":2,"href":"https:\/\/diariodominicano.com\/index.php?rest_route=\/wp\/v2\/posts\/525772\/revisions"}],"predecessor-version":[{"id":525775,"href":"https:\/\/diariodominicano.com\/index.php?rest_route=\/wp\/v2\/posts\/525772\/revisions\/525775"}],"wp:featuredmedia":[{"embeddable":true,"href":"https:\/\/diariodominicano.com\/index.php?rest_route=\/wp\/v2\/media\/525773"}],"wp:attachment":[{"href":"https:\/\/diariodominicano.com\/index.php?rest_route=%2Fwp%2Fv2%2Fmedia&parent=525772"}],"wp:term":[{"taxonomy":"category","embeddable":true,"href":"https:\/\/diariodominicano.com\/index.php?rest_route=%2Fwp%2Fv2%2Fcategories&post=525772"},{"taxonomy":"post_tag","embeddable":true,"href":"https:\/\/diariodominicano.com\/index.php?rest_route=%2Fwp%2Fv2%2Ftags&post=525772"}],"curies":[{"name":"wp","href":"https:\/\/api.w.org\/{rel}","templated":true}]}}