{"id":52573,"date":"2020-06-22T00:58:24","date_gmt":"2020-06-22T00:58:24","guid":{"rendered":"http:\/\/diariodominicano.ddns.net\/?p=52573"},"modified":"2020-06-22T00:58:24","modified_gmt":"2020-06-22T00:58:24","slug":"proclaman-a-duvalier-presidente-vitalicio-de-haiti","status":"publish","type":"post","link":"https:\/\/diariodominicano.com\/?p=52573","title":{"rendered":"Proclaman a Duvalier  presidente vitalicio de Hait\u00ed"},"content":{"rendered":"<p><body><\/p>\n<p><img decoding=\"async\" src=\"img3\/Duvalier00.jpg\" \/>  <\/p>\n<p><strong>Diariodominicano.com<\/strong><\/p>\n<p><strong>Duvalier  presidente vitalicio de Hait\u00ed<\/strong><\/p>\n<p><strong>Puerto Pr\u00edncipe, el   22 de junio de 1964,<\/strong> el dictador  Francois Duvalier, fue investido Presidente Vitalicio. El 14 de junio del mismo  a\u00f1o 1964,  el Parlamento de Hait\u00ed aprob\u00f3 una reforma constitucional que estableci\u00f3 la Presidencia de la Rep\u00fablica vitalicia.<\/p>\n<\/p>\n<p>    \tLa reforma fue promovida por partidarios del dictador  Francois Duvalier, quien hab\u00eda tomado el poder en 1957, de esa manera pudo permanecer en el poder hasta su muerte el 21 de Abril de  1971.<\/p>\n<\/p>\n<p>    \tDe inmediato el poder fue tomado en Hait\u00ed por su hijo Jean Claude Duvalier.<\/p>\n<\/p>\n<p>    \tA partir de ese momento,  los acontecimientos en Hait\u00ed han afectado a la Rep\u00fablica Dominicana, ya que ha aumentado  el  flujo migratorio.<\/p>\n<\/p>\n<p><strong>Duvalier m\u00e9dico con Vudu<\/strong><\/p>\n<\/p>\n<p>De su vida la \u00abEnciclopedia Biogr\u00e1fica en L\u00ednea\u00bb indica  que Duvalier naci\u00f3  en Puerto Pr\u00edncipe en 1907, y falleci\u00f3 el 21 de Abril de 1971. Curs\u00f3 la carrera de medicina, y se gradu\u00f3 en 1934. Ingres\u00f3 como interno en el hospital de San Francisco de Sales. Luego con su t\u00edtulo de Doctor en Medicina, abri\u00f3 un consultorio en la cl\u00ednica Emilie S\u00e9guineau, en las cercan\u00edas de Puerto Pr\u00edncipe.<\/p>\n<p>Destaca que en  los a\u00f1os cuarenta fue responsable de combatir la plaga de pi\u00e1n en el pa\u00eds, con tal \u00e9xito que la Comisi\u00f3n de Asuntos Interamericanos lo seleccion\u00f3 con una veintena de m\u00e9dicos haitianos para asistir a un cursillo de sanidad p\u00fablica en la Universidad de Michigan. En 1946 ingres\u00f3 en el Movimiento de Obreros y Campesinos (MOP), que tuvo un papel protagonista en el derrocamiento del presidente Elie Lescot.<\/p>\n<p>\u00abDuvalier alcanz\u00f3 una posici\u00f3n pol\u00edtica que lo elev\u00f3 al puesto de director del Servicio de Salud en 1946 y m\u00e1s tarde al de subsecretario de Estado de Trabajo (1948) y ministro de Trabajo (1949) con el presidente Dumarsais Estim\u00e9. En estos a\u00f1os de silente ejecutoria pol\u00edtica alcanz\u00f3 notoriedad como intelectual estudioso del vud\u00fa, tema que centr\u00f3 sus investigaciones etnogr\u00e1ficas.<\/p>\n<p>\u00abEl golpe militar de Paul Magloire en 1950,  lo devolvi\u00f3 a su antiguo puesto de m\u00e9dico en la misi\u00f3n sanitaria norteamericana, pero sus actividades pol\u00edticas lo arrojaron a la clandestinidad desde diciembre de 1954 hasta agosto de 1956. Se present\u00f3 con \u00e9xito a las elecciones presidenciales del 22 de septiembre de 1957, que pusieron fin a un per\u00edodo ca\u00f3tico de un a\u00f1o en el que se sucedieron seis presidentes.<\/p>\n<p> \u00abEl 22 de octubre prest\u00f3 juramento de Presidente.<\/p>\n<p>\u00abDuvalier implant\u00f3 una dictadura personalista basada en la exaltaci\u00f3n de la negritud y del vud\u00fa, recurriendo al terror pol\u00edtico a trav\u00e9s de los tonton-macoutes (palabra que designa al mago vud\u00fa viajero, m\u00e1s literalmente el &#8216;hombre del saco&#8217;), grupo paramilitar reclutado entre el subproletariado y el campesinado desarraigado. El 30 de abril de 1961, antes de que expirara su mandato, se consider\u00f3 reelegido por seis a\u00f1os m\u00e1s mediante unas elecciones inconstitucionales, y el 1 de abril de 1964 se hizo proclamar presidente vitalicio, condici\u00f3n en la que fue confirmado el 14 de junio; ocho d\u00edas m\u00e1s tarde tom\u00f3 posesi\u00f3n.<\/p>\n<p>\u00abInsisti\u00f3 en su car\u00e1cter providencial y revisti\u00f3 su persona con un aura sobrenatural y personalista (por ello gustaba ser llamado &#8216;Papa Doc&#8217;). Sus pretendidos poderes para escapar inmune a los numerosos atentados, invasiones guerrilleras e intentos golpistas. los atribuy\u00f3 a un origen entre divino y m\u00e1gico. Incluso se edit\u00f3 un \u00abcatecismo revolucionario\u00bb con oraciones profanas de deificaci\u00f3n de Duvalier. A su muerte, acaecida el 21 de abril de 1971, su hijo Jean-Claude fue proclamado presidente de acuerdo con las previsiones sucesorias, que hicieron de Hait\u00ed la \u00fanica Rep\u00fablica hereditaria del mundo, agrega la Enciclopedia.<\/p>\n<\/p>\n<\/p>\n<h6> 2020-06-22 00:58:24 <\/h6>\n<p><!--\n<link rel=\"stylesheet\" href=\"css\/bootstrap.min.css\">\n\n\n<ul class=\"pagination\">\n\t    \n\t\n\n<li >\n\t<a href='?page_no=489'>Previous<\/a>\n\t<\/li>\n\n\n       \n    \n\n<li><a href='?page_no=1'>1<\/a><\/li>\n\n\n\n<li><a href='?page_no=2'>2<\/a><\/li>\n\n\n\n<li><a>...<\/a><\/li>\n\n\n\n<li><a href='?page_no=488'>488<\/a><\/li>\n\n\n\n<li><a href='?page_no=489'>489<\/a><\/li>\n\n\n\n<li class='active'><a>490<\/a><\/li>\n\n\n\n<li><a href='?page_no=491'>491<\/a><\/li>\n\n\n\n<li><a href='?page_no=492'>492<\/a><\/li>\n\n\n\n<li><a>...<\/a><\/li>\n\n\n\n<li><a href='?page_no=22911'>22911<\/a><\/li>\n\n\n\n<li><a href='?page_no=22912'>22912<\/a><\/li>\n\n    \n\t\n\n<li >\n\t<a href='?page_no=491'>Next<\/a>\n\t<\/li>\n\n\n    \n\n<li><a href='?page_no=22912'>Last &rsaquo;&rsaquo;<\/a><\/li>\n\n<\/ul>\n\n\n--><br \/>\n<\/body><\/p>\n","protected":false},"excerpt":{"rendered":"<p>Diariodominicano.com Duvalier presidente vitalicio de Hait\u00ed Puerto Pr\u00edncipe, el 22 de junio de 1964, el dictador Francois Duvalier, fue investido Presidente Vitalicio. El 14 de junio del mismo a\u00f1o 1964, el Parlamento de Hait\u00ed aprob\u00f3 una reforma constitucional que estableci\u00f3 la Presidencia de la Rep\u00fablica vitalicia. La reforma fue promovida por partidarios del dictador Francois [&hellip;]<\/p>\n","protected":false},"author":3,"featured_media":0,"comment_status":"open","ping_status":"open","sticky":false,"template":"","format":"standard","meta":{"footnotes":""},"categories":[21],"tags":[],"class_list":["post-52573","post","type-post","status-publish","format-standard","hentry","category-cultura"],"_links":{"self":[{"href":"https:\/\/diariodominicano.com\/index.php?rest_route=\/wp\/v2\/posts\/52573","targetHints":{"allow":["GET"]}}],"collection":[{"href":"https:\/\/diariodominicano.com\/index.php?rest_route=\/wp\/v2\/posts"}],"about":[{"href":"https:\/\/diariodominicano.com\/index.php?rest_route=\/wp\/v2\/types\/post"}],"author":[{"embeddable":true,"href":"https:\/\/diariodominicano.com\/index.php?rest_route=\/wp\/v2\/users\/3"}],"replies":[{"embeddable":true,"href":"https:\/\/diariodominicano.com\/index.php?rest_route=%2Fwp%2Fv2%2Fcomments&post=52573"}],"version-history":[{"count":0,"href":"https:\/\/diariodominicano.com\/index.php?rest_route=\/wp\/v2\/posts\/52573\/revisions"}],"wp:attachment":[{"href":"https:\/\/diariodominicano.com\/index.php?rest_route=%2Fwp%2Fv2%2Fmedia&parent=52573"}],"wp:term":[{"taxonomy":"category","embeddable":true,"href":"https:\/\/diariodominicano.com\/index.php?rest_route=%2Fwp%2Fv2%2Fcategories&post=52573"},{"taxonomy":"post_tag","embeddable":true,"href":"https:\/\/diariodominicano.com\/index.php?rest_route=%2Fwp%2Fv2%2Ftags&post=52573"}],"curies":[{"name":"wp","href":"https:\/\/api.w.org\/{rel}","templated":true}]}}