{"id":525726,"date":"2024-04-22T18:32:59","date_gmt":"2024-04-22T22:32:59","guid":{"rendered":"https:\/\/diariodominicano.com\/?p=525726"},"modified":"2024-04-22T19:36:21","modified_gmt":"2024-04-22T23:36:21","slug":"alba-blair-representante-de-jarabacoa-rumbo-al-certamen-de-miss-republica-dominicana-2024","status":"publish","type":"post","link":"https:\/\/diariodominicano.com\/?p=525726","title":{"rendered":"Alba Blair, representante de Jarabacoa, rumbo al certamen de Miss\u00a0Rep\u00fablica\u00a0Dominicana 2024"},"content":{"rendered":"\n<p><strong>Obtuvo la corona de Miss Mundo en el a\u00f1o 2019<\/strong><\/p>\n\n\n\n<p><strong> Rafael Reyes Bison\u00f3 <\/strong><\/p>\n\n\n\n<p><strong>Santo Domingo, lunes 22 de abril del 2024.&nbsp;<\/strong><strong>Alba Blair, la Miss Mundo Dominicana en el a\u00f1o &nbsp;<\/strong><strong>2019, aspira ganarse la corona, en&nbsp;<\/strong><strong>&nbsp;la edici\u00f3n n\u00famero 68 del Concurso Nacional de Belleza Miss Rep\u00fablica Dominicana 2024,&nbsp;<\/strong><strong>que se realizar\u00e1 al gran centro de convenciones Sambil Santo Domingo este domingo 5 de mayo del presente a\u00f1o.<\/strong><\/p>\n\n\n\n<p><strong>La modelo Alba Blair, originaria del municipio de Jarabacoa, hija de Alba Yris Rodr\u00edguez, de ascendencia dominicana, y Mark Blair, norteamericano. Siendo la menor de 4 hermanos, Alba ha forjado su propio camino, convirti\u00e9ndose en un referente en los \u00e1mbitos empresariales, social y de las pasarelas &nbsp;a la edad de 26 a\u00f1os.<\/strong><\/p>\n\n\n\n<p><strong>Titulada en la Carrera en Administraci\u00f3n de Empresas, Alba ha demostrado una habilidad excepcional para liderar y crear proyectos innovadores. Uno de los emprendimientos m\u00e1s destacados es Rancho Miel, una granja educativa que fomenta el amor y respeto hacia los animales y la naturaleza. Esta iniciativa brinda a sus visitantes una experiencia enriquecedora, formativa y entretenida; Adem\u00e1s de su labor en Rancho Miel, lleva 8 a\u00f1os al frente del certamen Reina de la Flores &nbsp;en Jarabacoa, desempe\u00f1\u00e1ndose &nbsp;como su directora oficial; Tambi\u00e9n participa activamente en la Fundaci\u00f3n Festival de las Flores, y como &nbsp;Embajadora de la Fundaci\u00f3n Avanzare y del Plantemos Project.<\/strong><\/p>\n\n\n\n<p><strong>En su b\u00fasqueda constante de impactar positivamente en su comunidad, Alba Blair est\u00e1 involucrada en proyectos recientes como Miss Universo y Huertos de Esperanza. Este \u00faltimo se enfoca en fomentar la agricultura entre diversas comunidades &nbsp;y centros educativos, promoviendo la autosuficiencia y enfrentando los desaf\u00edos de la seguridad alimentaria.<\/strong><\/p>\n\n\n\n<p><strong>En el pa\u00eds , existen muchas expectativas, de lograr los sue\u00f1os de Alba Blair , para contar con una digna reina , que nos represente. <\/strong><\/p>\n\n\n\n<p><strong>\u00a0\u00a0 Rafael Reyes Bison\u00f3 <\/strong><\/p>\n\n\n\n<p><strong>E-mail:&nbsp;<a href=\"mailto:rafaelreyesbisono@hotmail.com\" target=\"_blank\" rel=\"noreferrer noopener\">rafaelreyesbisono@hotmail.com<\/a>&nbsp;<\/strong><\/p>\n","protected":false},"excerpt":{"rendered":"<p>Obtuvo la corona de Miss Mundo en el a\u00f1o 2019 Rafael Reyes Bison\u00f3 Santo Domingo, lunes 22 de abril del 2024.&nbsp;Alba Blair, la Miss Mundo Dominicana en el a\u00f1o &nbsp;2019, aspira ganarse la corona, en&nbsp;&nbsp;la edici\u00f3n n\u00famero 68 del Concurso Nacional de Belleza Miss Rep\u00fablica Dominicana 2024,&nbsp;que se realizar\u00e1 al gran centro de convenciones Sambil [&hellip;]<\/p>\n","protected":false},"author":28,"featured_media":525739,"comment_status":"closed","ping_status":"closed","sticky":true,"template":"","format":"standard","meta":{"footnotes":""},"categories":[36,25,27],"tags":[],"class_list":["post-525726","post","type-post","status-publish","format-standard","has-post-thumbnail","hentry","category-hombresmujeresycosas","category-gente","category-portada"],"_links":{"self":[{"href":"https:\/\/diariodominicano.com\/index.php?rest_route=\/wp\/v2\/posts\/525726","targetHints":{"allow":["GET"]}}],"collection":[{"href":"https:\/\/diariodominicano.com\/index.php?rest_route=\/wp\/v2\/posts"}],"about":[{"href":"https:\/\/diariodominicano.com\/index.php?rest_route=\/wp\/v2\/types\/post"}],"author":[{"embeddable":true,"href":"https:\/\/diariodominicano.com\/index.php?rest_route=\/wp\/v2\/users\/28"}],"replies":[{"embeddable":true,"href":"https:\/\/diariodominicano.com\/index.php?rest_route=%2Fwp%2Fv2%2Fcomments&post=525726"}],"version-history":[{"count":1,"href":"https:\/\/diariodominicano.com\/index.php?rest_route=\/wp\/v2\/posts\/525726\/revisions"}],"predecessor-version":[{"id":525727,"href":"https:\/\/diariodominicano.com\/index.php?rest_route=\/wp\/v2\/posts\/525726\/revisions\/525727"}],"wp:featuredmedia":[{"embeddable":true,"href":"https:\/\/diariodominicano.com\/index.php?rest_route=\/wp\/v2\/media\/525739"}],"wp:attachment":[{"href":"https:\/\/diariodominicano.com\/index.php?rest_route=%2Fwp%2Fv2%2Fmedia&parent=525726"}],"wp:term":[{"taxonomy":"category","embeddable":true,"href":"https:\/\/diariodominicano.com\/index.php?rest_route=%2Fwp%2Fv2%2Fcategories&post=525726"},{"taxonomy":"post_tag","embeddable":true,"href":"https:\/\/diariodominicano.com\/index.php?rest_route=%2Fwp%2Fv2%2Ftags&post=525726"}],"curies":[{"name":"wp","href":"https:\/\/api.w.org\/{rel}","templated":true}]}}