{"id":52572,"date":"2020-11-15T22:51:10","date_gmt":"2020-11-15T22:51:10","guid":{"rendered":"http:\/\/diariodominicano.ddns.net\/?p=52572"},"modified":"2020-11-15T22:51:10","modified_gmt":"2020-11-15T22:51:10","slug":"presidente-ramon-baez-dispone-instituto-profesional-sea-universidad-de-santo-domingo","status":"publish","type":"post","link":"https:\/\/diariodominicano.com\/?p=52572","title":{"rendered":"Presidente Ram\u00f3n B\u00e1ez dispone Instituto Profesional sea Universidad de Santo Domingo"},"content":{"rendered":"<p><body><\/p>\n<p><img decoding=\"async\" src=\"img3\/Ramon-Baez-Machado.jpg\" \/>  <\/p>\n<p><strong>Diariodominicano.com<\/strong><\/p>\n<p><strong>Presidente Ram\u00f3n B\u00e1ez dispone Instituto Profesional sea Universidad de Santo Domingo<\/strong><\/p>\n<p><strong>SANTO DOMINGO,  el 16 de noviembre de 1914<\/strong>, el Presidente de la Rep\u00fablica, doctor Ram\u00f3n B\u00e1ez, emiti\u00f3 un decreto en virtud del cual dispuso que el Instituto Profesional cambiara su nombre por el de Universidad de Santo Domingo.<\/p>\n<p>Con la disposici\u00f3n la entidad  acad\u00e9mica volvi\u00f3 a sus or\u00edgenes que la consagran como la primera universidad fundada en Am\u00e9rica.<\/p>\n<p>El  28 de octubre de 1538, el Papa Paulo III, emiti\u00f3 la bula In Apostulatus Culmine, en virtud de la cual le concedi\u00f3 la categor\u00eda de Universidad al centro de estudios generales Santo Tom\u00e1s de Aquino, dirigido por los padres dominicos.<\/p>\n<p>La bula expresa que la Universidad gozar\u00e1 de \u00abtodos y cada uno de los privilegios, indultos, inmunidades, exenciones, libertades, favores y gracias, que as\u00ed en la Universidad de Alcal\u00e1 como en la de Salamanca o en otra cualquiera de los Reinos de Espa\u00f1a\u00bb.<\/p>\n<p>La Universidad Santo Tom\u00e1s de Aquino, hoy Universidad Aut\u00f3noma de Santo Domingo, fue el primer centro dedicado a la ense\u00f1anza de  educaci\u00f3n superior establecido en Am\u00e9rica, lo que constituy\u00f3 un  acontecimiento de gran trascendencia hist\u00f3rica, cultural y cient\u00edfica para la isla de Santo Domingo en la primera mitad del siglo XVI.<\/p>\n<p>La bula hab\u00eda sido solicitada por la orden de los Predicadores dedicados a la ense\u00f1anza desde el a\u00f1o 1510, donde manten\u00edan el \u00abEstudio General\u00bb en el Convento de los Dominicos. La Universidad inici\u00f3 sus programas organizados  en cuatro Facultades: Teolog\u00eda, Medicina, Derecho Civil y Can\u00f3nico, Artes: Las siete artes liberales. <\/p>\n<p>La Universidad de Santo Tom\u00e1s de Aquino goz\u00f3 de  prestigio acad\u00e9mico en todo el continente. A ella acudieron durante tres siglos, religiosos e intelectuales para dedicarse  al quehacer universitario: de aprender, ense\u00f1ar e investigar los distintos aspectos del conocimiento humano.<\/p>\n<p>En la Universidad de Santo Domingo se formaron j\u00f3venes de la regi\u00f3n, quienes luego contribuyeron a la  creaci\u00f3n de dos nuevas Universidades en el continente, la de Santiago de Le\u00f3n, en Caracas, Venezuela, el 22 de Diciembre de 1721, bajo la c\u00e9dula Real de Felipe V y la de La Habana, Cuba en 1728, por gestiones iniciadas por Fray Diego de Mendoza, Sacerdote Dominico que residi\u00f3 en Santo Domingo. <\/p>\n<\/p>\n<h6> 2020-11-15 22:51:10 <\/h6>\n<p><!--\n<link rel=\"stylesheet\" href=\"css\/bootstrap.min.css\">\n\n\n<ul class=\"pagination\">\n\t    \n\t\n\n<li >\n\t<a href='?page_no=48'>Previous<\/a>\n\t<\/li>\n\n\n       \n    \n\n<li><a href='?page_no=1'>1<\/a><\/li>\n\n\n\n<li><a href='?page_no=2'>2<\/a><\/li>\n\n\n\n<li><a>...<\/a><\/li>\n\n\n\n<li><a href='?page_no=47'>47<\/a><\/li>\n\n\n\n<li><a href='?page_no=48'>48<\/a><\/li>\n\n\n\n<li class='active'><a>49<\/a><\/li>\n\n\n\n<li><a href='?page_no=50'>50<\/a><\/li>\n\n\n\n<li><a href='?page_no=51'>51<\/a><\/li>\n\n\n\n<li><a>...<\/a><\/li>\n\n\n\n<li><a href='?page_no=22911'>22911<\/a><\/li>\n\n\n\n<li><a href='?page_no=22912'>22912<\/a><\/li>\n\n    \n\t\n\n<li >\n\t<a href='?page_no=50'>Next<\/a>\n\t<\/li>\n\n\n    \n\n<li><a href='?page_no=22912'>Last &rsaquo;&rsaquo;<\/a><\/li>\n\n<\/ul>\n\n\n--><br \/>\n<\/body><\/p>\n","protected":false},"excerpt":{"rendered":"<p>Diariodominicano.com Presidente Ram\u00f3n B\u00e1ez dispone Instituto Profesional sea Universidad de Santo Domingo SANTO DOMINGO, el 16 de noviembre de 1914, el Presidente de la Rep\u00fablica, doctor Ram\u00f3n B\u00e1ez, emiti\u00f3 un decreto en virtud del cual dispuso que el Instituto Profesional cambiara su nombre por el de Universidad de Santo Domingo. Con la disposici\u00f3n la entidad [&hellip;]<\/p>\n","protected":false},"author":3,"featured_media":0,"comment_status":"open","ping_status":"open","sticky":false,"template":"","format":"standard","meta":{"footnotes":""},"categories":[21],"tags":[],"class_list":["post-52572","post","type-post","status-publish","format-standard","hentry","category-cultura"],"_links":{"self":[{"href":"https:\/\/diariodominicano.com\/index.php?rest_route=\/wp\/v2\/posts\/52572","targetHints":{"allow":["GET"]}}],"collection":[{"href":"https:\/\/diariodominicano.com\/index.php?rest_route=\/wp\/v2\/posts"}],"about":[{"href":"https:\/\/diariodominicano.com\/index.php?rest_route=\/wp\/v2\/types\/post"}],"author":[{"embeddable":true,"href":"https:\/\/diariodominicano.com\/index.php?rest_route=\/wp\/v2\/users\/3"}],"replies":[{"embeddable":true,"href":"https:\/\/diariodominicano.com\/index.php?rest_route=%2Fwp%2Fv2%2Fcomments&post=52572"}],"version-history":[{"count":0,"href":"https:\/\/diariodominicano.com\/index.php?rest_route=\/wp\/v2\/posts\/52572\/revisions"}],"wp:attachment":[{"href":"https:\/\/diariodominicano.com\/index.php?rest_route=%2Fwp%2Fv2%2Fmedia&parent=52572"}],"wp:term":[{"taxonomy":"category","embeddable":true,"href":"https:\/\/diariodominicano.com\/index.php?rest_route=%2Fwp%2Fv2%2Fcategories&post=52572"},{"taxonomy":"post_tag","embeddable":true,"href":"https:\/\/diariodominicano.com\/index.php?rest_route=%2Fwp%2Fv2%2Ftags&post=52572"}],"curies":[{"name":"wp","href":"https:\/\/api.w.org\/{rel}","templated":true}]}}