{"id":525683,"date":"2024-04-22T16:33:28","date_gmt":"2024-04-22T20:33:28","guid":{"rendered":"https:\/\/diariodominicano.com\/?p=525683"},"modified":"2024-04-22T16:33:34","modified_gmt":"2024-04-22T20:33:34","slug":"hermana-de-rafael-santos-badia-sera-velada-en-la-parroquia-santa-ana-del-ensanche-espaillat","status":"publish","type":"post","link":"https:\/\/diariodominicano.com\/?p=525683","title":{"rendered":"Hermana de Rafael Santos Bad\u00eda ser\u00e1 velada en la parroquia Santa Ana del ensanche Espaillat"},"content":{"rendered":"\n<p>diariodominicano.com<\/p>\n\n\n\n<p>Santo Domingo, R. D.,\u200222 de abril, 2024.- El profesor Rafael Santos Bad\u00eda inform\u00f3 hoy el fallecimiento de su hermana Ana Marcelina Santos Bad\u00eda (Maritza), quien estuvo quebrantada de salud, desde hace ya alg\u00fan tiempo.<\/p>\n\n\n\n<p>La se\u00f1ora Santos falleci\u00f3 este lunes a la edad de 55 a\u00f1os y por mucho tiempo trabaj\u00f3 en la Escuela Nuestra Se\u00f1ora de F\u00e1tima.<\/p>\n\n\n\n<p>Santos Bad\u00eda dijo que los restos de su hermana ser\u00e1n velados, de 8:00 a.m.&nbsp;&nbsp;a 11:00 a.m. este martes 23 de abril, en la parroquia Santa Ana, ubicada en la calle Barney Morgan, esquina Eduardo Brito, del Ensanche Espaillat, en el Distrito Nacional, y ser\u00e1 sepultada en el Cementerio M\u00e1ximo G\u00f3mez, a las 11:30 a.m. del mismo d\u00eda.<\/p>\n\n\n\n<p>A la se\u00f1ora Ana Marcelina le sobreviven su hijo, Alejandro Jos\u00e9 Jim\u00e9nez Santos, y sus hermanos Rafael, Gilberto, Domingo, Pedro Luis, Julio Miguel, Jacqueline y Jos\u00e9 Narciso, quienes agradecen las muestras de solidaridad recibidas.<\/p>\n\n\n\n<p>El novenario ser\u00e1 realizado el jueves 2 de mayo del presente a\u00f1o a las 5:00 pm, en la parroquia Santa Ana.<\/p>\n\n\n\n<p><strong>Prensa INFOTEP<\/strong><\/p>\n\n\n\n<p><strong>Desir\u00e9e Mart\u00ednez&nbsp;<\/strong><\/p>\n\n\n\n<p><strong>Directora |&nbsp;<\/strong><strong>&nbsp;Direcci\u00f3n de Comunicaciones&nbsp;<\/strong><\/p>\n\n\n\n<p><\/p>\n","protected":false},"excerpt":{"rendered":"<p>diariodominicano.com Santo Domingo, R. D.,\u200222 de abril, 2024.- El profesor Rafael Santos Bad\u00eda inform\u00f3 hoy el fallecimiento de su hermana Ana Marcelina Santos Bad\u00eda (Maritza), quien estuvo quebrantada de salud, desde hace ya alg\u00fan tiempo. La se\u00f1ora Santos falleci\u00f3 este lunes a la edad de 55 a\u00f1os y por mucho tiempo trabaj\u00f3 en la Escuela [&hellip;]<\/p>\n","protected":false},"author":5,"featured_media":525684,"comment_status":"closed","ping_status":"closed","sticky":true,"template":"","format":"standard","meta":{"footnotes":""},"categories":[20,27],"tags":[],"class_list":["post-525683","post","type-post","status-publish","format-standard","has-post-thumbnail","hentry","category-dominicana-hoy","category-portada"],"_links":{"self":[{"href":"https:\/\/diariodominicano.com\/index.php?rest_route=\/wp\/v2\/posts\/525683","targetHints":{"allow":["GET"]}}],"collection":[{"href":"https:\/\/diariodominicano.com\/index.php?rest_route=\/wp\/v2\/posts"}],"about":[{"href":"https:\/\/diariodominicano.com\/index.php?rest_route=\/wp\/v2\/types\/post"}],"author":[{"embeddable":true,"href":"https:\/\/diariodominicano.com\/index.php?rest_route=\/wp\/v2\/users\/5"}],"replies":[{"embeddable":true,"href":"https:\/\/diariodominicano.com\/index.php?rest_route=%2Fwp%2Fv2%2Fcomments&post=525683"}],"version-history":[{"count":1,"href":"https:\/\/diariodominicano.com\/index.php?rest_route=\/wp\/v2\/posts\/525683\/revisions"}],"predecessor-version":[{"id":525685,"href":"https:\/\/diariodominicano.com\/index.php?rest_route=\/wp\/v2\/posts\/525683\/revisions\/525685"}],"wp:featuredmedia":[{"embeddable":true,"href":"https:\/\/diariodominicano.com\/index.php?rest_route=\/wp\/v2\/media\/525684"}],"wp:attachment":[{"href":"https:\/\/diariodominicano.com\/index.php?rest_route=%2Fwp%2Fv2%2Fmedia&parent=525683"}],"wp:term":[{"taxonomy":"category","embeddable":true,"href":"https:\/\/diariodominicano.com\/index.php?rest_route=%2Fwp%2Fv2%2Fcategories&post=525683"},{"taxonomy":"post_tag","embeddable":true,"href":"https:\/\/diariodominicano.com\/index.php?rest_route=%2Fwp%2Fv2%2Ftags&post=525683"}],"curies":[{"name":"wp","href":"https:\/\/api.w.org\/{rel}","templated":true}]}}