{"id":525669,"date":"2024-04-22T15:56:15","date_gmt":"2024-04-22T19:56:15","guid":{"rendered":"https:\/\/diariodominicano.com\/?p=525669"},"modified":"2024-04-22T15:56:22","modified_gmt":"2024-04-22T19:56:22","slug":"mescyt-apertura-historica-exposicion-fotografica-en-el-marco-de-la-celebracion-del-59-aniversario-de-la-gesta-de-abril-de-1965","status":"publish","type":"post","link":"https:\/\/diariodominicano.com\/?p=525669","title":{"rendered":"Mescyt apertura hist\u00f3rica exposici\u00f3n fotogr\u00e1fica en el marco de la celebraci\u00f3n del 59 aniversario de la gesta de Abril de 1965"},"content":{"rendered":"\n<p>diariodominicano.com<\/p>\n\n\n\n<p>Santo Domingo, R. D.,\u200222 de abril, 2024.- En el marco de la culminaci\u00f3n de la celebraci\u00f3n del\u00a0<strong>59 aniversario de la gesta de Abril de 1965<\/strong>, el Ministerio de Educaci\u00f3n Superior, Ciencia y Tecnolog\u00eda\u00a0<strong>(Mescyt)<\/strong>\u00a0inaugur\u00f3 este lunes una exposici\u00f3n de\u00a0<strong>36 fotograf\u00edas<\/strong>\u00a0en la que presenta al p\u00fablico\u00a0<strong>dos importantes acontecimientos de la historia dominicana<\/strong>.<\/p>\n\n\n\n<p>La&nbsp;<strong>Revoluci\u00f3n de Abril de 1965 y la<\/strong>&nbsp;<strong>masacre estudiantil del 9 de Febrero de 1966<\/strong>&nbsp;son expuestas de forma gr\u00e1fica en la verja perimetral del Mescyt, a partir de este lunes 22 de abril y permanecer\u00e1n durante todo un mes.<\/p>\n\n\n\n<p>Durante un acto, efectuado en la explanada frontal del Mescyt, el titular del Ministerio de Educaci\u00f3n Superior, Ciencia y Tecnolog\u00eda, doctor&nbsp;<strong>Franklin Garc\u00eda Ferm\u00edn<\/strong>, al pronunciar las palabras centrales, afirm\u00f3 que la Guerra de Abril fue una gesta patri\u00f3tica con la que se demostr\u00f3 que&nbsp;<strong>en el alma nacional perviven el decoro, la dignidad y el honor<\/strong>, imprescindibles para hacer germinar los cambios que mejoren las condiciones de existencia y la calidad de vida del pueblo dominicano.<\/p>\n\n\n\n<p>Garc\u00eda Ferm\u00edn explic\u00f3 que fue un hecho hist\u00f3rico extremo en que desembocaron las&nbsp;<strong>luchas sociales y pol\u00edticas<\/strong>&nbsp;libradas por el pueblo&nbsp;<strong>en defensa de sus derechos<\/strong>&nbsp;conculcados por el gobierno de facto que en sus 18 meses de ejercicio se dedic\u00f3 a despilfarrar los recursos del Estado.<\/p>\n\n\n<div class=\"wp-block-image\">\n<figure class=\"alignleft is-resized\"><img decoding=\"async\" src=\"https:\/\/presidencia.gob.do\/sites\/default\/files\/inline-images\/de6a3fba-097a-43f5-acde-c5f49b8b007d.jpeg\" alt=\"\" style=\"width:284px;height:auto\"\/><\/figure>\n<\/div>\n\n\n<p><em>\u201cDe la epopeya de Abril del 65 surgieron resultados sociales, econ\u00f3micos y pol\u00edticos que ser\u00e1n examinados en este encuentro con los h\u00e9roes de Abril, que estamos llevando a cabo para mantener viva la memoria hist\u00f3rica de la Rep\u00fablica Dominicana\u201d<\/em>, afirm\u00f3.<\/p>\n\n\n\n<p>De su lado, el periodista e historiador&nbsp;<strong>Huchi Lora<\/strong>, destac\u00f3 la presencia de&nbsp;<strong>Milvio P\u00e9rez&nbsp;<\/strong>y resalt\u00f3 que es un honor reencontrarse con un&nbsp;<strong>dominicano honorable<\/strong>&nbsp;que dijo presente con su&nbsp;<strong>c\u00e1mara fotogr\u00e1fica<\/strong>&nbsp;en ristre durante las gloriosas jornadas de Abril de 1965, cuando la Rep\u00fablica fundada en 1844 fue&nbsp;<strong>invadida por segunda vez<\/strong>&nbsp;en el siglo XX.<\/p>\n\n\n\n<p><em>\u201cMilvio P\u00e9rez es un hombre de la revoluci\u00f3n democr\u00e1tica que puso el lente de su c\u00e1mara al servicio de la patria, cuando este pueblo resist\u00eda heroicamente junto a un sector de las Fuerzas Armadas dominicanas identificado con la lucha en las calles de Santo Domingo por la justicia, la libertad y la soberan\u00eda nacional\u201d,<\/em>&nbsp;subray\u00f3 Lora.<\/p>\n\n\n\n<p>Asimismo, en representaci\u00f3n de Milvio P\u00e9rez, habl\u00f3 su hijo&nbsp;<strong>Bernardo P\u00e9rez<\/strong>, quien dio a conocer las an\u00e9cdotas y reflexiones del gran esfuerzo fotogr\u00e1fico que en esa \u00e9poca hizo su padre.<\/p>\n\n\n\n<p><em>\u201cEs as\u00ed como la c\u00e1mara de este profesional se convirti\u00f3 en una herramienta que perpetu\u00f3 la memoria de los sucesos que estremecieron los cimientos de la sociedad dominicana, en los d\u00edas y meses posteriores a la guerra de Abril de 1965\u201d,<\/em>&nbsp;afirm\u00f3 P\u00e9rez.<\/p>\n\n\n\n<p>En la exhibici\u00f3n hist\u00f3rica se rindi\u00f3 homenaje a uno de los h\u00e9roes de la Revoluci\u00f3n de Abril de 1965,&nbsp;<strong>Claudio Caama\u00f1o Grull\u00f3n<\/strong>.<\/p>\n\n\n\n<p>Estuvieron presentes los viceministros del Mescyt, Paula Disla, Jos\u00e9 A. Cancel, Juan Francisco Viloria, Genaro Rodr\u00edguez Mart\u00ednez, Carmen Evarista Mat\u00edas, as\u00ed como el jefe de Gabinete, Juan F. Medina.<\/p>\n\n\n\n<p>Asistieron tambi\u00e9n, la directora del Instituto Nacional de Atenci\u00f3n Integral a la Primera Infancia (Inaipi),\u00a0<strong>Besaida Santana<\/strong>; el\u00a0 director del Instituto Nacional de Estabilizaci\u00f3n de Precios (Inespre), ingeniero\u00a0<strong>Iv\u00e1n Hern\u00e1ndez Guzm\u00e1n<\/strong>; el director general del Programa de Medicamentos Esenciales y Central de Apoyo Log\u00edstico (Promese\/CAL),\u00a0<strong>Adolfo P\u00e9rez de Le\u00f3n<\/strong>;\u00a0<strong>Fafa Taveras<\/strong>, luchador por la democracia de los dominicanos; la viuda del h\u00e9roe de abril,\u00a0<strong>Vicenta V\u00e9lez<\/strong>; la vicerrectora de Extensi\u00f3n de la Universidad Aut\u00f3noma de Santo Domingo (UASD),\u00a0<strong>Rosal\u00eda Sosa P\u00e9rez<\/strong>; el presidente del Consejo del Fondo Especializados de Desarrollo Agropecuario,\u00a0<strong>Efra\u00edn Toribio<\/strong>, y\u00a0<strong>Andr\u00e9s Fortunato<\/strong>, quien acudi\u00f3 junto con un grupo de militares constitucionalistas.<\/p>\n\n\n\n<p>Fuente: Direcci\u00f3n de Estrategia y Comunicaci\u00f3n<\/p>\n\n\n\n<p>Ministerio Administrativo de la Presidencia de la Rep\u00fablica Dominicana<\/p>\n","protected":false},"excerpt":{"rendered":"<p>diariodominicano.com Santo Domingo, R. D.,\u200222 de abril, 2024.- En el marco de la culminaci\u00f3n de la celebraci\u00f3n del\u00a059 aniversario de la gesta de Abril de 1965, el Ministerio de Educaci\u00f3n Superior, Ciencia y Tecnolog\u00eda\u00a0(Mescyt)\u00a0inaugur\u00f3 este lunes una exposici\u00f3n de\u00a036 fotograf\u00edas\u00a0en la que presenta al p\u00fablico\u00a0dos importantes acontecimientos de la historia dominicana. La&nbsp;Revoluci\u00f3n de Abril de [&hellip;]<\/p>\n","protected":false},"author":5,"featured_media":525670,"comment_status":"closed","ping_status":"closed","sticky":true,"template":"","format":"standard","meta":{"footnotes":""},"categories":[20,27],"tags":[],"class_list":["post-525669","post","type-post","status-publish","format-standard","has-post-thumbnail","hentry","category-dominicana-hoy","category-portada"],"_links":{"self":[{"href":"https:\/\/diariodominicano.com\/index.php?rest_route=\/wp\/v2\/posts\/525669","targetHints":{"allow":["GET"]}}],"collection":[{"href":"https:\/\/diariodominicano.com\/index.php?rest_route=\/wp\/v2\/posts"}],"about":[{"href":"https:\/\/diariodominicano.com\/index.php?rest_route=\/wp\/v2\/types\/post"}],"author":[{"embeddable":true,"href":"https:\/\/diariodominicano.com\/index.php?rest_route=\/wp\/v2\/users\/5"}],"replies":[{"embeddable":true,"href":"https:\/\/diariodominicano.com\/index.php?rest_route=%2Fwp%2Fv2%2Fcomments&post=525669"}],"version-history":[{"count":1,"href":"https:\/\/diariodominicano.com\/index.php?rest_route=\/wp\/v2\/posts\/525669\/revisions"}],"predecessor-version":[{"id":525671,"href":"https:\/\/diariodominicano.com\/index.php?rest_route=\/wp\/v2\/posts\/525669\/revisions\/525671"}],"wp:featuredmedia":[{"embeddable":true,"href":"https:\/\/diariodominicano.com\/index.php?rest_route=\/wp\/v2\/media\/525670"}],"wp:attachment":[{"href":"https:\/\/diariodominicano.com\/index.php?rest_route=%2Fwp%2Fv2%2Fmedia&parent=525669"}],"wp:term":[{"taxonomy":"category","embeddable":true,"href":"https:\/\/diariodominicano.com\/index.php?rest_route=%2Fwp%2Fv2%2Fcategories&post=525669"},{"taxonomy":"post_tag","embeddable":true,"href":"https:\/\/diariodominicano.com\/index.php?rest_route=%2Fwp%2Fv2%2Ftags&post=525669"}],"curies":[{"name":"wp","href":"https:\/\/api.w.org\/{rel}","templated":true}]}}