{"id":525653,"date":"2024-04-22T15:15:01","date_gmt":"2024-04-22T19:15:01","guid":{"rendered":"https:\/\/diariodominicano.com\/?p=525653"},"modified":"2024-04-22T15:15:09","modified_gmt":"2024-04-22T19:15:09","slug":"el-jbn-organizo-un-encuentro-con-comunicadores-y-locutores-para-celebrar-su-dia","status":"publish","type":"post","link":"https:\/\/diariodominicano.com\/?p=525653","title":{"rendered":"El JBN organiz\u00f3 un encuentro con comunicadores y locutores para celebrar su d\u00eda"},"content":{"rendered":"\n<p>diariodominicano.com<\/p>\n\n\n\n<p>Santo Domingo, R. D., 22 de de abril, 2024.-\u2002A prop\u00f3sito de que en el mes de abril se celebran los d\u00edas del periodista y del locutor dominicano, el Jard\u00edn Bot\u00e1nico Nacional Dr. Rafael M. Moscoso (JBN), a trav\u00e9s de su Divisi\u00f3n de Comunicaciones, como forma de agasajo, organiz\u00f3 la actividad titulada: \u201cNuevos atractivos del JBN y presentaci\u00f3n del proyecto 1000 Orqu\u00eddeas para el bosque seco\u00bb, con el objetivo de mostrar a los profesionales de la comunicaci\u00f3n, las novedades de la instituci\u00f3n enfocadas en sus cuatro ejes fundamentales como son: Investigaci\u00f3n, conservaci\u00f3n, educaci\u00f3n ambiental y recreaci\u00f3n.<\/p>\n\n\n\n<p>Las palabras centrales de la actividad, estuvieron a cargo del director general, Pedro Su\u00e1rez, quien aprovech\u00f3 la ocasi\u00f3n para agradecer a los periodistas por el apoyo brindado a\u00f1o tras a\u00f1o a la instituci\u00f3n, adem\u00e1s, resalt\u00f3 la importancia de este intercambio de ideas, que pueda servir como fomento a la colaboraci\u00f3n entre estos profesionales y los t\u00e9cnicos del JBN, informando sobre las novedades que surgen a trav\u00e9s del tiempo en este pulm\u00f3n de Santo Domingo.<\/p>\n\n\n\n<p>\u201cEstos nuevos atractivos del Jard\u00edn Bot\u00e1nico Nacional, buscan mantener la armon\u00eda en este espacio verde, a trav\u00e9s de la reducci\u00f3n de emisi\u00f3n de CO2 con la adquisici\u00f3n del Tren El\u00e9ctrico gracias a la cooperaci\u00f3n triangular y cumplir con nuestro objetivo de conservaci\u00f3n a trav\u00e9s del proyecto 1000 Orqu\u00eddeas para el Bosque Seco, que lleva a cabo el equipo de Cultivo In Vitro de la instituci\u00f3n, as\u00ed como el remozado Pabell\u00f3n de Helechos Mar\u00eda Asensio Vda. Le\u00f3n, gracias al apoyo de la Fundaci\u00f3n Le\u00f3n Jimenes, mismo que es un espacio educativo y recreativo, para nuestros visitantes\u201d indic\u00f3 Su\u00e1rez.<\/p>\n\n\n\n<p>El encuentro tuvo inicio en el Auditorio del JBN, con la presentaci\u00f3n del proyecto \u201c1000 Orqu\u00eddeas para el Bosque Seco\u201d, realizada por Zoilo Richardson, encargado de la Secci\u00f3n de Cultivo In Vitro; Yuraisy Rodr\u00edguez y Francis Grull\u00f3n, t\u00e9cnicos de cultivo in vitro. Este proyecto promueve la introducci\u00f3n de las especies Tolumnia henekenii, Tolumnia variegata, Broughtonia dominguensis, Psychilis vernicosa y Psychilis truncata para aumentar el n\u00famero de individuos y por ende su poblaci\u00f3n.<\/p>\n\n\n\n<p>Mientras que la presentaci\u00f3n del novedoso Tren El\u00e9ctrico \u201cEl Guanito\u201d estuvo a cargo del Luis Montero, encargado del Departamento Administrativo, quien mostr\u00f3 a los periodistas las bondades de este Tren que busca reemplazar los tradicionales de di\u00e9sel, utilizados para las visitas guiadas en el Jard\u00edn, por una alternativa sostenible y respetuosa con el medio ambiente.<\/p>\n\n\n\n<p>Luego de las exposiciones, los participantes tuvieron la oportunidad de abordar para un recorrido en el Tren El\u00e9ctrico, visitando diversas \u00e1reas de la instituci\u00f3n tales como: Laboratorio de Cultivo In Vitro, Pabell\u00f3n de Helechos y Jard\u00edn Japon\u00e9s, en esta \u00faltima, se llev\u00f3 a cabo una siembra de Araucarias en el bosque dedicado a los comunicadores, como forma de honrar su labor y pacto en favor del medio ambiente.<\/p>\n\n\n\n<p>Para el cierre de la actividad, la instituci\u00f3n entreg\u00f3 como obsequio una orqu\u00eddea a cada periodista, en representaci\u00f3n del cuidado y compromiso que el JBN asume diariamente en la conservaci\u00f3n y reproducci\u00f3n de estas especies en peligro de extinci\u00f3n.<\/p>\n\n\n\n<p><strong>Relaciones P\u00fablicas JBN<\/strong><\/p>\n\n\n\n<p>Michell Cosme<\/p>\n","protected":false},"excerpt":{"rendered":"<p>diariodominicano.com Santo Domingo, R. D., 22 de de abril, 2024.-\u2002A prop\u00f3sito de que en el mes de abril se celebran los d\u00edas del periodista y del locutor dominicano, el Jard\u00edn Bot\u00e1nico Nacional Dr. Rafael M. Moscoso (JBN), a trav\u00e9s de su Divisi\u00f3n de Comunicaciones, como forma de agasajo, organiz\u00f3 la actividad titulada: \u201cNuevos atractivos del [&hellip;]<\/p>\n","protected":false},"author":5,"featured_media":525654,"comment_status":"closed","ping_status":"closed","sticky":true,"template":"","format":"standard","meta":{"footnotes":""},"categories":[20,25,27],"tags":[],"class_list":["post-525653","post","type-post","status-publish","format-standard","has-post-thumbnail","hentry","category-dominicana-hoy","category-gente","category-portada"],"_links":{"self":[{"href":"https:\/\/diariodominicano.com\/index.php?rest_route=\/wp\/v2\/posts\/525653","targetHints":{"allow":["GET"]}}],"collection":[{"href":"https:\/\/diariodominicano.com\/index.php?rest_route=\/wp\/v2\/posts"}],"about":[{"href":"https:\/\/diariodominicano.com\/index.php?rest_route=\/wp\/v2\/types\/post"}],"author":[{"embeddable":true,"href":"https:\/\/diariodominicano.com\/index.php?rest_route=\/wp\/v2\/users\/5"}],"replies":[{"embeddable":true,"href":"https:\/\/diariodominicano.com\/index.php?rest_route=%2Fwp%2Fv2%2Fcomments&post=525653"}],"version-history":[{"count":1,"href":"https:\/\/diariodominicano.com\/index.php?rest_route=\/wp\/v2\/posts\/525653\/revisions"}],"predecessor-version":[{"id":525655,"href":"https:\/\/diariodominicano.com\/index.php?rest_route=\/wp\/v2\/posts\/525653\/revisions\/525655"}],"wp:featuredmedia":[{"embeddable":true,"href":"https:\/\/diariodominicano.com\/index.php?rest_route=\/wp\/v2\/media\/525654"}],"wp:attachment":[{"href":"https:\/\/diariodominicano.com\/index.php?rest_route=%2Fwp%2Fv2%2Fmedia&parent=525653"}],"wp:term":[{"taxonomy":"category","embeddable":true,"href":"https:\/\/diariodominicano.com\/index.php?rest_route=%2Fwp%2Fv2%2Fcategories&post=525653"},{"taxonomy":"post_tag","embeddable":true,"href":"https:\/\/diariodominicano.com\/index.php?rest_route=%2Fwp%2Fv2%2Ftags&post=525653"}],"curies":[{"name":"wp","href":"https:\/\/api.w.org\/{rel}","templated":true}]}}