{"id":525640,"date":"2024-04-22T11:50:43","date_gmt":"2024-04-22T15:50:43","guid":{"rendered":"https:\/\/diariodominicano.com\/?p=525640"},"modified":"2024-04-22T11:50:49","modified_gmt":"2024-04-22T15:50:49","slug":"academia-de-ciencia-republica-dominicana-cumple-meta-mundial-proteccion-de-sus-mares","status":"publish","type":"post","link":"https:\/\/diariodominicano.com\/?p=525640","title":{"rendered":"Academia de Ciencia: Rep\u00fablica Dominicana cumple meta mundial protecci\u00f3n de sus mares"},"content":{"rendered":"\n<p>diariodominicano.com<\/p>\n\n\n\n<p>Santo Domingo, R. D.,\u200222 de abril, 2024.-\u2002La Academia de Ciencias de la Rep\u00fablica Dominicana expres\u00f3 su satisfacci\u00f3n de que el pa\u00eds sea una de las primeras naciones en cumplir con la meta de proteger el 30% de sus mares y oc\u00e9ano adyacentes, seg\u00fan los acuerdos hist\u00f3ricos alcanzados por las Naciones Unidas en su \u00faltima Cumbre Mundial sobre la Biodiversidad Planetaria, celebrada en Montreal \u2013 Canad\u00e1.<\/p>\n\n\n\n<p>Al conmemorarse este lunes el D\u00eda de la Tierra, la instituci\u00f3n cient\u00edfica manifest\u00f3 qu\u00e9, con los &nbsp;Decretos Presidenciales que autom\u00e1ticamente se convierten en ley, seg\u00fan la Norma 202-04 sobre \u00c1reas Protegidas, emitidos el pasado 13 de este mismo mes, se ampl\u00edan en 64,000 kil\u00f3metros cuadrados el Santuario Marino del Banco de la Plata y la Navidad, para abarcar una superficie marino \u2013oce\u00e1nica de 94,000 Km<sup>2<\/sup>, que se suman a otros 54,000 del Santuario Marino Orlando Jorge Mera, acabado de crear sobre la Cordillera Beata, sumergida en el Mar Caribe, compartiendo aguas fronterizas con la Rep\u00fablica de Colombia.<\/p>\n\n\n\n<p>Mediante un comunicado, la ACRD, manifiesta que es&nbsp;un hito hist\u00f3rico para la Regi\u00f3n Caribe\u00f1a, la tercera m\u00e1s rica en diversidad biol\u00f3gica del mundo y que sirve de par\u00e1metro de indicaci\u00f3n a la Comunidad Cient\u00edfica Internacional, para el cumplimiento de la Agenda de las Naciones Unidas para el a\u00f1o 2030. Cumplimos como pa\u00eds, este compromiso de salvar las especies aut\u00f3ctonas y nativas, seis a\u00f1os antes de que se venciera la fecha l\u00edmite.<\/p>\n\n\n\n<p>Expresa que los ojos del mundo posan sobre la Rep\u00fablica Dominicana por su haza\u00f1a y el cumplimiento de los compromisos asumidos ante el mundo, para atender este llamado, esta preocupaci\u00f3n que mantiene a la humanidad en vilo, por la velocidad en que van desapareciendo las especies que habitan en tierra firme y en los mares.<\/p>\n\n\n\n<p>La Academia de Ciencias celebra que hoy 22 de abril, D\u00eda de la Tierra, nos encuentre en una situaci\u00f3n de privilegio entre las naciones del mundo, que hace los esfuerzos necesarios para la salvaguarda de su Patrimonio Natural, no solo en los mares, sino que est\u00e1 pr\u00f3ximo al cumplimiento del otro compromiso en el \u00e1mbito terrestre, que tambi\u00e9n tiene que alcanzar un 30% y que ya va por el 25%&#8230;<\/p>\n\n\n\n<p>Cumplir los acuerdos mundiales, resultan indispensables para el presente y el futuro de las generaciones humanas y en particular, aquellas que discurren en espacios insulares sumamente peque\u00f1os, como el nuestro.<\/p>\n\n\n\n<p>\u201cLa tarea pendiente ahora, es hacer posible la elaboraci\u00f3n de los planes de manejo de todas las \u00e1reas protegidas del pa\u00eds, para hacer posible una real y efectiva salvaguarda de las \u00e1reas protegidas dominicanas\u201d,&nbsp;expresa.<\/p>\n\n\n\n<p>Es tiempo de regocijarnos, pero el reto que tenemos por delante todav\u00eda es superior. En hora buena recibimos el DIA DE LA Tierra.<\/p>\n\n\n\n<p><strong>Prensa ACRD&nbsp;<\/strong><strong><em><\/em><\/strong><\/p>\n\n\n\n<p><strong>&nbsp;Academia de Ciencias de la Rep\u00fablica Dominicana (ACRD)<\/strong><br><strong><\/strong><\/p>\n\n\n\n<p>Calle Las Damas 112,\u00a0esquina El Conde,\u00a0Ciudad Colonial,<br>Santo Domingo,Rep\u00fablica Dominicana<\/p>\n\n\n\n<p>Academia de Ciencias RD<\/p>\n\n\n\n<p><a target=\"_blank\" href=\"mailto:acrd1974@gmail.com\" rel=\"noreferrer noopener\">acrd1974@gmail.com<\/a><\/p>\n","protected":false},"excerpt":{"rendered":"<p>diariodominicano.com Santo Domingo, R. D.,\u200222 de abril, 2024.-\u2002La Academia de Ciencias de la Rep\u00fablica Dominicana expres\u00f3 su satisfacci\u00f3n de que el pa\u00eds sea una de las primeras naciones en cumplir con la meta de proteger el 30% de sus mares y oc\u00e9ano adyacentes, seg\u00fan los acuerdos hist\u00f3ricos alcanzados por las Naciones Unidas en su \u00faltima [&hellip;]<\/p>\n","protected":false},"author":5,"featured_media":525641,"comment_status":"closed","ping_status":"closed","sticky":true,"template":"","format":"standard","meta":{"footnotes":""},"categories":[20,27],"tags":[],"class_list":["post-525640","post","type-post","status-publish","format-standard","has-post-thumbnail","hentry","category-dominicana-hoy","category-portada"],"_links":{"self":[{"href":"https:\/\/diariodominicano.com\/index.php?rest_route=\/wp\/v2\/posts\/525640","targetHints":{"allow":["GET"]}}],"collection":[{"href":"https:\/\/diariodominicano.com\/index.php?rest_route=\/wp\/v2\/posts"}],"about":[{"href":"https:\/\/diariodominicano.com\/index.php?rest_route=\/wp\/v2\/types\/post"}],"author":[{"embeddable":true,"href":"https:\/\/diariodominicano.com\/index.php?rest_route=\/wp\/v2\/users\/5"}],"replies":[{"embeddable":true,"href":"https:\/\/diariodominicano.com\/index.php?rest_route=%2Fwp%2Fv2%2Fcomments&post=525640"}],"version-history":[{"count":1,"href":"https:\/\/diariodominicano.com\/index.php?rest_route=\/wp\/v2\/posts\/525640\/revisions"}],"predecessor-version":[{"id":525642,"href":"https:\/\/diariodominicano.com\/index.php?rest_route=\/wp\/v2\/posts\/525640\/revisions\/525642"}],"wp:featuredmedia":[{"embeddable":true,"href":"https:\/\/diariodominicano.com\/index.php?rest_route=\/wp\/v2\/media\/525641"}],"wp:attachment":[{"href":"https:\/\/diariodominicano.com\/index.php?rest_route=%2Fwp%2Fv2%2Fmedia&parent=525640"}],"wp:term":[{"taxonomy":"category","embeddable":true,"href":"https:\/\/diariodominicano.com\/index.php?rest_route=%2Fwp%2Fv2%2Fcategories&post=525640"},{"taxonomy":"post_tag","embeddable":true,"href":"https:\/\/diariodominicano.com\/index.php?rest_route=%2Fwp%2Fv2%2Ftags&post=525640"}],"curies":[{"name":"wp","href":"https:\/\/api.w.org\/{rel}","templated":true}]}}