{"id":52561,"date":"2020-06-22T01:03:28","date_gmt":"2020-06-22T01:03:28","guid":{"rendered":"http:\/\/diariodominicano.ddns.net\/?p=52561"},"modified":"2020-06-22T01:03:28","modified_gmt":"2020-06-22T01:03:28","slug":"espana-e-inglaterra-deciden-sacar-a-los-franceses-2","status":"publish","type":"post","link":"https:\/\/diariodominicano.com\/?p=52561","title":{"rendered":"Espa\u00f1a e Inglaterra deciden sacar a los franceses &#13;"},"content":{"rendered":"<p><body><\/p>\n<p><strong>Espa\u00f1a e Inglaterra deciden sacar a los franceses <\/strong><\/p>\n<p><strong>SANTO DOMINGO, el 22  de junio  de 1809,<\/strong> Espa\u00f1a e Inglaterra tomaron nuevas acciones para desalojar a los franceses que se hab\u00edan establecido en la parte oriental de la isla de Santo Domingo, hoy Rep\u00fablica Dominicana.<\/p>\n<\/p>\n<p>    El 22 de junio  de 1809,  llegaron a Santo Domingo contingentes espa\u00f1oles  con la misi\u00f3n de sumarse a los criollos que rechazaban  a los franceses en su territorio.<\/p>\n<\/p>\n<p>    \tEl 22 de junio de 1809,  las fuerzas de la Armada Inglesa acordaron con los espa\u00f1oles  desplegar tropas marinas para impedir la comunicaci\u00f3n de los franceses con sus tropas que se encontraban en tierra.<\/p>\n<\/p>\n<p>      \tEspa\u00f1a e Inglaterra, que actuaban aliadas, recibieron en todas sus operaciones el apoyo de los criollos que habitaban la parte oriental de la Isla de Santo Domingo.<\/p>\n<\/p>\n<p>     \tLos franceses hab\u00edan ocupado la parte oriental de la Isla de Santo Domingo acogi\u00e9ndose al tratado de Basilea suscrito por  Francia y Espa\u00f1a en el a\u00f1o 1795,  pero en el a\u00f1o 1809, Espa\u00f1a estaba decidida a reconquistar su antigua colonia de Santo Domingo.<\/p>\n<\/p>\n<h6> 2020-06-22 01:03:28 <\/h6>\n<p><!--\n<link rel=\"stylesheet\" href=\"css\/bootstrap.min.css\">\n\n\n<ul class=\"pagination\">\n\t    \n\t\n\n<li >\n\t<a href='?page_no=488'>Previous<\/a>\n\t<\/li>\n\n\n       \n    \n\n<li><a href='?page_no=1'>1<\/a><\/li>\n\n\n\n<li><a href='?page_no=2'>2<\/a><\/li>\n\n\n\n<li><a>...<\/a><\/li>\n\n\n\n<li><a href='?page_no=487'>487<\/a><\/li>\n\n\n\n<li><a href='?page_no=488'>488<\/a><\/li>\n\n\n\n<li class='active'><a>489<\/a><\/li>\n\n\n\n<li><a href='?page_no=490'>490<\/a><\/li>\n\n\n\n<li><a href='?page_no=491'>491<\/a><\/li>\n\n\n\n<li><a>...<\/a><\/li>\n\n\n\n<li><a href='?page_no=22911'>22911<\/a><\/li>\n\n\n\n<li><a href='?page_no=22912'>22912<\/a><\/li>\n\n    \n\t\n\n<li >\n\t<a href='?page_no=490'>Next<\/a>\n\t<\/li>\n\n\n    \n\n<li><a href='?page_no=22912'>Last &rsaquo;&rsaquo;<\/a><\/li>\n\n<\/ul>\n\n\n--><br \/>\n<\/body><\/p>\n","protected":false},"excerpt":{"rendered":"<p>Espa\u00f1a e Inglaterra deciden sacar a los franceses SANTO DOMINGO, el 22 de junio de 1809, Espa\u00f1a e Inglaterra tomaron nuevas acciones para desalojar a los franceses que se hab\u00edan establecido en la parte oriental de la isla de Santo Domingo, hoy Rep\u00fablica Dominicana. El 22 de junio de 1809, llegaron a Santo Domingo contingentes [&hellip;]<\/p>\n","protected":false},"author":3,"featured_media":0,"comment_status":"open","ping_status":"open","sticky":false,"template":"","format":"standard","meta":{"footnotes":""},"categories":[21],"tags":[],"class_list":["post-52561","post","type-post","status-publish","format-standard","hentry","category-cultura"],"_links":{"self":[{"href":"https:\/\/diariodominicano.com\/index.php?rest_route=\/wp\/v2\/posts\/52561","targetHints":{"allow":["GET"]}}],"collection":[{"href":"https:\/\/diariodominicano.com\/index.php?rest_route=\/wp\/v2\/posts"}],"about":[{"href":"https:\/\/diariodominicano.com\/index.php?rest_route=\/wp\/v2\/types\/post"}],"author":[{"embeddable":true,"href":"https:\/\/diariodominicano.com\/index.php?rest_route=\/wp\/v2\/users\/3"}],"replies":[{"embeddable":true,"href":"https:\/\/diariodominicano.com\/index.php?rest_route=%2Fwp%2Fv2%2Fcomments&post=52561"}],"version-history":[{"count":0,"href":"https:\/\/diariodominicano.com\/index.php?rest_route=\/wp\/v2\/posts\/52561\/revisions"}],"wp:attachment":[{"href":"https:\/\/diariodominicano.com\/index.php?rest_route=%2Fwp%2Fv2%2Fmedia&parent=52561"}],"wp:term":[{"taxonomy":"category","embeddable":true,"href":"https:\/\/diariodominicano.com\/index.php?rest_route=%2Fwp%2Fv2%2Fcategories&post=52561"},{"taxonomy":"post_tag","embeddable":true,"href":"https:\/\/diariodominicano.com\/index.php?rest_route=%2Fwp%2Fv2%2Ftags&post=52561"}],"curies":[{"name":"wp","href":"https:\/\/api.w.org\/{rel}","templated":true}]}}