{"id":525583,"date":"2024-04-22T00:00:34","date_gmt":"2024-04-22T04:00:34","guid":{"rendered":"https:\/\/diariodominicano.com\/?p=525583"},"modified":"2024-04-22T00:57:50","modified_gmt":"2024-04-22T04:57:50","slug":"con-gran-manifestacion-el-pueblo-rinde-tributo-a-franklin-almeyda","status":"publish","type":"post","link":"https:\/\/diariodominicano.com\/?p=525583","title":{"rendered":"Con gran manifestaci\u00f3n, el pueblo rinde tributo a Franklin Almeyda (+ fotos)"},"content":{"rendered":"\n<p><strong>Diariodominicano.com<\/strong><\/p>\n\n\n\n<p>Santo Domingo, RD.- Desde la Universidad Aut\u00f3noma de Santo Domingo (UASD) hasta llegar a la Casa del Pueblo Johnny Ventura, en Gascue, miles de personas acompa\u00f1aron el cuerpo sin vida del doctor Franklin Almeyda Rancier, para darle el \u00faltimo adi\u00f3s.<\/p>\n\n\n\n<p><\/p>\n\n\n\n<figure class=\"wp-block-image size-large\"><img loading=\"lazy\" decoding=\"async\" width=\"1024\" height=\"600\" src=\"https:\/\/diariodominicano.com\/wp-content\/uploads\/2024\/04\/IMG-20240421-WA0214-1024x600.jpg\" alt=\"\" class=\"wp-image-525594\" srcset=\"https:\/\/diariodominicano.com\/wp-content\/uploads\/2024\/04\/IMG-20240421-WA0214-1024x600.jpg 1024w, https:\/\/diariodominicano.com\/wp-content\/uploads\/2024\/04\/IMG-20240421-WA0214-300x176.jpg 300w, https:\/\/diariodominicano.com\/wp-content\/uploads\/2024\/04\/IMG-20240421-WA0214-768x450.jpg 768w, https:\/\/diariodominicano.com\/wp-content\/uploads\/2024\/04\/IMG-20240421-WA0214-1536x899.jpg 1536w, https:\/\/diariodominicano.com\/wp-content\/uploads\/2024\/04\/IMG-20240421-WA0214-2048x1199.jpg 2048w, https:\/\/diariodominicano.com\/wp-content\/uploads\/2024\/04\/IMG-20240421-WA0214-816x478.jpg 816w\" sizes=\"auto, (max-width: 1024px) 100vw, 1024px\" \/><\/figure>\n\n\n\n<p>El presidente de Fuerza del Pueblo (FP) Leonel Fern\u00e1ndez encabez\u00f3 el acto\u2002en honor a Franklin Almeyda en la Casa del Pueblo Johnny Ventura. <\/p>\n\n\n\n<p>Durante este domingo, la sociedad&nbsp; dominicana y los familiares de Franklin Almeyda Rancier continuaron los actos f\u00fanebres y despedida a quien desempe\u00f1\u00f3 un papel estelar en la vida acad\u00e9mica y pol\u00edtica de Rep\u00fablica Dominicana.<\/p>\n\n\n\n<p>A las&nbsp; 8:30 de la ma\u00f1ana se celebr\u00f3 una Misa de Cuerpo Presente en la Funeraria Blandino de la avenida Abraham Lincoln, donde estaba expuesto el cuerpo.<\/p>\n\n\n\n<figure class=\"wp-block-image size-large\"><img loading=\"lazy\" decoding=\"async\" width=\"1024\" height=\"683\" src=\"https:\/\/diariodominicano.com\/wp-content\/uploads\/2024\/04\/IMG-20240421-WA0229-1024x683.jpg\" alt=\"\" class=\"wp-image-525598\" srcset=\"https:\/\/diariodominicano.com\/wp-content\/uploads\/2024\/04\/IMG-20240421-WA0229-1024x683.jpg 1024w, https:\/\/diariodominicano.com\/wp-content\/uploads\/2024\/04\/IMG-20240421-WA0229-300x200.jpg 300w, https:\/\/diariodominicano.com\/wp-content\/uploads\/2024\/04\/IMG-20240421-WA0229-768x512.jpg 768w, https:\/\/diariodominicano.com\/wp-content\/uploads\/2024\/04\/IMG-20240421-WA0229-1536x1025.jpg 1536w, https:\/\/diariodominicano.com\/wp-content\/uploads\/2024\/04\/IMG-20240421-WA0229-2048x1367.jpg 2048w, https:\/\/diariodominicano.com\/wp-content\/uploads\/2024\/04\/IMG-20240421-WA0229-816x545.jpg 816w\" sizes=\"auto, (max-width: 1024px) 100vw, 1024px\" \/><\/figure>\n\n\n\n<p>En la funeraria, se destacan los honores rendidos por el Ministerio de Interior y Polic\u00eda, del cual Almeyda fue ministro; igual que de oficiales de la Polic\u00eda Nacional, quienes entregaron la Bandera Nacional a la viuda, Josefina P\u00e9rez Gavi\u00f1o.<\/p>\n\n\n\n<p>Pasada las 9:30 de la ma\u00f1ana, el cortejo f\u00fanebre del acad\u00e9mico, pol\u00edtico, intelectual y luchador incansable por mejores condiciones de vida para el pueblo dominicano, parti\u00f3 a la sede de la&nbsp; Universidad Aut\u00f3noma de Santo Domingo (UASD), donde se expuso su cuerpo sin vida.&nbsp;<\/p>\n\n\n\n<figure class=\"wp-block-image size-large\"><img loading=\"lazy\" decoding=\"async\" width=\"1024\" height=\"683\" src=\"https:\/\/diariodominicano.com\/wp-content\/uploads\/2024\/04\/IMG-20240421-WA0221-1024x683.jpg\" alt=\"\" class=\"wp-image-525609\" srcset=\"https:\/\/diariodominicano.com\/wp-content\/uploads\/2024\/04\/IMG-20240421-WA0221-1024x683.jpg 1024w, https:\/\/diariodominicano.com\/wp-content\/uploads\/2024\/04\/IMG-20240421-WA0221-300x200.jpg 300w, https:\/\/diariodominicano.com\/wp-content\/uploads\/2024\/04\/IMG-20240421-WA0221-768x512.jpg 768w, https:\/\/diariodominicano.com\/wp-content\/uploads\/2024\/04\/IMG-20240421-WA0221-1536x1024.jpg 1536w, https:\/\/diariodominicano.com\/wp-content\/uploads\/2024\/04\/IMG-20240421-WA0221-2048x1366.jpg 2048w, https:\/\/diariodominicano.com\/wp-content\/uploads\/2024\/04\/IMG-20240421-WA0221-816x544.jpg 816w\" sizes=\"auto, (max-width: 1024px) 100vw, 1024px\" \/><\/figure>\n\n\n\n<figure class=\"wp-block-image size-large\"><img loading=\"lazy\" decoding=\"async\" width=\"1024\" height=\"683\" src=\"https:\/\/diariodominicano.com\/wp-content\/uploads\/2024\/04\/IMG-20240421-WA0225-1024x683.jpg\" alt=\"\" class=\"wp-image-525607\" srcset=\"https:\/\/diariodominicano.com\/wp-content\/uploads\/2024\/04\/IMG-20240421-WA0225-1024x683.jpg 1024w, https:\/\/diariodominicano.com\/wp-content\/uploads\/2024\/04\/IMG-20240421-WA0225-300x200.jpg 300w, https:\/\/diariodominicano.com\/wp-content\/uploads\/2024\/04\/IMG-20240421-WA0225-768x512.jpg 768w, https:\/\/diariodominicano.com\/wp-content\/uploads\/2024\/04\/IMG-20240421-WA0225-1536x1024.jpg 1536w, https:\/\/diariodominicano.com\/wp-content\/uploads\/2024\/04\/IMG-20240421-WA0225-2048x1366.jpg 2048w, https:\/\/diariodominicano.com\/wp-content\/uploads\/2024\/04\/IMG-20240421-WA0225-816x544.jpg 816w\" sizes=\"auto, (max-width: 1024px) 100vw, 1024px\" \/><\/figure>\n\n\n\n<figure class=\"wp-block-image size-large\"><img loading=\"lazy\" decoding=\"async\" width=\"1024\" height=\"592\" src=\"https:\/\/diariodominicano.com\/wp-content\/uploads\/2024\/04\/IMG-20240421-WA0223-1024x592.jpg\" alt=\"\" class=\"wp-image-525602\" srcset=\"https:\/\/diariodominicano.com\/wp-content\/uploads\/2024\/04\/IMG-20240421-WA0223-1024x592.jpg 1024w, https:\/\/diariodominicano.com\/wp-content\/uploads\/2024\/04\/IMG-20240421-WA0223-300x174.jpg 300w, https:\/\/diariodominicano.com\/wp-content\/uploads\/2024\/04\/IMG-20240421-WA0223-768x444.jpg 768w, https:\/\/diariodominicano.com\/wp-content\/uploads\/2024\/04\/IMG-20240421-WA0223-1536x888.jpg 1536w, https:\/\/diariodominicano.com\/wp-content\/uploads\/2024\/04\/IMG-20240421-WA0223-2048x1184.jpg 2048w, https:\/\/diariodominicano.com\/wp-content\/uploads\/2024\/04\/IMG-20240421-WA0223-816x472.jpg 816w\" sizes=\"auto, (max-width: 1024px) 100vw, 1024px\" \/><\/figure>\n\n\n\n<figure class=\"wp-block-image size-large\"><img loading=\"lazy\" decoding=\"async\" width=\"1024\" height=\"683\" src=\"https:\/\/diariodominicano.com\/wp-content\/uploads\/2024\/04\/IMG-20240421-WA0218-1024x683.jpg\" alt=\"\" class=\"wp-image-525605\" srcset=\"https:\/\/diariodominicano.com\/wp-content\/uploads\/2024\/04\/IMG-20240421-WA0218-1024x683.jpg 1024w, https:\/\/diariodominicano.com\/wp-content\/uploads\/2024\/04\/IMG-20240421-WA0218-300x200.jpg 300w, https:\/\/diariodominicano.com\/wp-content\/uploads\/2024\/04\/IMG-20240421-WA0218-768x512.jpg 768w, https:\/\/diariodominicano.com\/wp-content\/uploads\/2024\/04\/IMG-20240421-WA0218-1536x1024.jpg 1536w, https:\/\/diariodominicano.com\/wp-content\/uploads\/2024\/04\/IMG-20240421-WA0218-2048x1366.jpg 2048w, https:\/\/diariodominicano.com\/wp-content\/uploads\/2024\/04\/IMG-20240421-WA0218-816x544.jpg 816w\" sizes=\"auto, (max-width: 1024px) 100vw, 1024px\" \/><\/figure>\n\n\n\n<p>Durante aproximado de una hora el fallecido exrector de la universidad primada de Am\u00e9rica recibi\u00f3 el reconocimiento de docentes, estudiantes, administrativos y personalidades.&nbsp;<\/p>\n\n\n\n<p>El rector actual de la UASD, Editrudis Beltr\u00e1n, junto al expresidente de la Rep\u00fablica, Leonel Fern\u00e1ndez, encabezaron la guardia de honor del f\u00e9retro con los restos del hombre que dirigi\u00f3 los destinos de la UASD durante tres a\u00f1os, en la d\u00e9cada de 1987 a 1990.&nbsp;<\/p>\n\n\n\n<figure class=\"wp-block-image size-large\"><img loading=\"lazy\" decoding=\"async\" width=\"1024\" height=\"683\" src=\"https:\/\/diariodominicano.com\/wp-content\/uploads\/2024\/04\/IMG-20240421-WA0216-1024x683.jpg\" alt=\"\" class=\"wp-image-525596\" srcset=\"https:\/\/diariodominicano.com\/wp-content\/uploads\/2024\/04\/IMG-20240421-WA0216-1024x683.jpg 1024w, https:\/\/diariodominicano.com\/wp-content\/uploads\/2024\/04\/IMG-20240421-WA0216-300x200.jpg 300w, https:\/\/diariodominicano.com\/wp-content\/uploads\/2024\/04\/IMG-20240421-WA0216-768x512.jpg 768w, https:\/\/diariodominicano.com\/wp-content\/uploads\/2024\/04\/IMG-20240421-WA0216-1536x1025.jpg 1536w, https:\/\/diariodominicano.com\/wp-content\/uploads\/2024\/04\/IMG-20240421-WA0216-2048x1367.jpg 2048w, https:\/\/diariodominicano.com\/wp-content\/uploads\/2024\/04\/IMG-20240421-WA0216-816x545.jpg 816w\" sizes=\"auto, (max-width: 1024px) 100vw, 1024px\" \/><\/figure>\n\n\n\n<p>Desde la sede central de la UASD el cuerpo sin vida de Almeyda Rancier fue trasladado a la Casa del Pueblo Johnny Ventura, donde recibi\u00f3 el reconocimiento de sus compa\u00f1eros de luchas pol\u00edticas y sociales.<\/p>\n\n\n\n<p>Miembros de la Direcci\u00f3n Pol\u00edtica, Direcci\u00f3n Central y del Secretariado de la FP hicieron guardia de honor ante el f\u00e9retro, desde donde ser\u00e1 llevado para que el cuerpo sin vida de Franklin Almeyda sea cremado.<\/p>\n\n\n\n<p>Secretar\u00eda de Comunicaciones<\/p>\n","protected":false},"excerpt":{"rendered":"<p>Diariodominicano.com Santo Domingo, RD.- Desde la Universidad Aut\u00f3noma de Santo Domingo (UASD) hasta llegar a la Casa del Pueblo Johnny Ventura, en Gascue, miles de personas acompa\u00f1aron el cuerpo sin vida del doctor Franklin Almeyda Rancier, para darle el \u00faltimo adi\u00f3s. El presidente de Fuerza del Pueblo (FP) Leonel Fern\u00e1ndez encabez\u00f3 el acto\u2002en honor a [&hellip;]<\/p>\n","protected":false},"author":28,"featured_media":525591,"comment_status":"closed","ping_status":"closed","sticky":true,"template":"","format":"standard","meta":{"footnotes":""},"categories":[36,20,26,27],"tags":[],"class_list":["post-525583","post","type-post","status-publish","format-standard","has-post-thumbnail","hentry","category-hombresmujeresycosas","category-dominicana-hoy","category-efemerides","category-portada"],"_links":{"self":[{"href":"https:\/\/diariodominicano.com\/index.php?rest_route=\/wp\/v2\/posts\/525583","targetHints":{"allow":["GET"]}}],"collection":[{"href":"https:\/\/diariodominicano.com\/index.php?rest_route=\/wp\/v2\/posts"}],"about":[{"href":"https:\/\/diariodominicano.com\/index.php?rest_route=\/wp\/v2\/types\/post"}],"author":[{"embeddable":true,"href":"https:\/\/diariodominicano.com\/index.php?rest_route=\/wp\/v2\/users\/28"}],"replies":[{"embeddable":true,"href":"https:\/\/diariodominicano.com\/index.php?rest_route=%2Fwp%2Fv2%2Fcomments&post=525583"}],"version-history":[{"count":15,"href":"https:\/\/diariodominicano.com\/index.php?rest_route=\/wp\/v2\/posts\/525583\/revisions"}],"predecessor-version":[{"id":525636,"href":"https:\/\/diariodominicano.com\/index.php?rest_route=\/wp\/v2\/posts\/525583\/revisions\/525636"}],"wp:featuredmedia":[{"embeddable":true,"href":"https:\/\/diariodominicano.com\/index.php?rest_route=\/wp\/v2\/media\/525591"}],"wp:attachment":[{"href":"https:\/\/diariodominicano.com\/index.php?rest_route=%2Fwp%2Fv2%2Fmedia&parent=525583"}],"wp:term":[{"taxonomy":"category","embeddable":true,"href":"https:\/\/diariodominicano.com\/index.php?rest_route=%2Fwp%2Fv2%2Fcategories&post=525583"},{"taxonomy":"post_tag","embeddable":true,"href":"https:\/\/diariodominicano.com\/index.php?rest_route=%2Fwp%2Fv2%2Ftags&post=525583"}],"curies":[{"name":"wp","href":"https:\/\/api.w.org\/{rel}","templated":true}]}}