{"id":525439,"date":"2024-04-21T20:57:38","date_gmt":"2024-04-22T00:57:38","guid":{"rendered":"https:\/\/diariodominicano.com\/?p=525439"},"modified":"2024-04-21T21:02:38","modified_gmt":"2024-04-22T01:02:38","slug":"ministerio-de-interior-y-policia-honra-al-politico-abogado-y-catedratico-franklin-almeyda","status":"publish","type":"post","link":"https:\/\/diariodominicano.com\/?p=525439","title":{"rendered":"Ministerio de Interior y Polic\u00eda honra al pol\u00edtico, abogado y catedr\u00e1tico Franklin Almeyda Rancier"},"content":{"rendered":"\n<p>SANTO DOMINGO, RD. El Ministerio de Interior y Polic\u00eda honr\u00f3 al ex ministro de esa instituci\u00f3n, el pol\u00edtico, abogado y catedr\u00e1tico universitario Franklin Almeyda Rancier, quien falleci\u00f3 el pasado jueves a los 83 a\u00f1os de edad.<\/p>\n\n\n\n<figure class=\"wp-block-image size-large\"><img loading=\"lazy\" decoding=\"async\" width=\"1024\" height=\"683\" src=\"https:\/\/diariodominicano.com\/wp-content\/uploads\/2024\/04\/IMG-FA-1-1024x683.jpg\" alt=\"\" class=\"wp-image-525442\" srcset=\"https:\/\/diariodominicano.com\/wp-content\/uploads\/2024\/04\/IMG-FA-1-1024x683.jpg 1024w, https:\/\/diariodominicano.com\/wp-content\/uploads\/2024\/04\/IMG-FA-1-300x200.jpg 300w, https:\/\/diariodominicano.com\/wp-content\/uploads\/2024\/04\/IMG-FA-1-768x512.jpg 768w, https:\/\/diariodominicano.com\/wp-content\/uploads\/2024\/04\/IMG-FA-1-816x544.jpg 816w, https:\/\/diariodominicano.com\/wp-content\/uploads\/2024\/04\/IMG-FA-1.jpg 1292w\" sizes=\"auto, (max-width: 1024px) 100vw, 1024px\" \/><\/figure>\n\n\n\n<p>El ministro de Interior y Polic\u00eda, Jes\u00fas V\u00e1squez Mart\u00ednez se solidariz\u00f3 con los familiares del extinto dirigente pol\u00edtico y destac\u00f3 sus aportes a favor de la consolidaci\u00f3n institucional.<\/p>\n\n\n\n<p>\u201cCon su muerte la Rep\u00fablica Dominicana pierde a un pol\u00edtico de mucha trayectoria y a un gran acad\u00e9mico que en la Universidad Aut\u00f3noma de Santo Domingo (UASD) como rector dej\u00f3 tambi\u00e9n una gran impronta\u201d, expres\u00f3. El funcionario ofreci\u00f3 sus condolencias a los seres queridos y amigos del destacado pol\u00edtico.<\/p>\n\n\n\n<figure class=\"wp-block-image size-full\"><img loading=\"lazy\" decoding=\"async\" width=\"512\" height=\"342\" src=\"https:\/\/diariodominicano.com\/wp-content\/uploads\/2024\/04\/IMG-FA-4.jpg\" alt=\"\" class=\"wp-image-525444\" srcset=\"https:\/\/diariodominicano.com\/wp-content\/uploads\/2024\/04\/IMG-FA-4.jpg 512w, https:\/\/diariodominicano.com\/wp-content\/uploads\/2024\/04\/IMG-FA-4-300x200.jpg 300w\" sizes=\"auto, (max-width: 512px) 100vw, 512px\" \/><\/figure>\n\n\n\n<p>Tambi\u00e9n, V\u00e1squez Mart\u00ednez dispuso que formaran parte de la guardia de honor realizada en nombre del Ministerio de Interior y Polic\u00eda los viceministros de Seguridad Preventiva en los Sectores Vulnerables, Mercedes (Milly) P\u00e9rez Ceballos y de Control y Regulaci\u00f3n de Armas y Municiones, An\u00edbal Amparo. Les acompa\u00f1aron en ese homenaje V\u00edctor Benavides Valerio, director del Gabinete Magisterial; Sterling P\u00e9rez Maldonado, director de Armas; Luis Felipe Cartagena, asesor del MIP y Raquel Rodr\u00edguez, encargada de Relaciones P\u00fablicas de esa instituci\u00f3n.<\/p>\n\n\n\n<figure class=\"wp-block-image size-large\"><img loading=\"lazy\" decoding=\"async\" width=\"1024\" height=\"683\" src=\"https:\/\/diariodominicano.com\/wp-content\/uploads\/2024\/04\/IMG-FA-3-1024x683.jpg\" alt=\"\" class=\"wp-image-525445\" srcset=\"https:\/\/diariodominicano.com\/wp-content\/uploads\/2024\/04\/IMG-FA-3-1024x683.jpg 1024w, https:\/\/diariodominicano.com\/wp-content\/uploads\/2024\/04\/IMG-FA-3-300x200.jpg 300w, https:\/\/diariodominicano.com\/wp-content\/uploads\/2024\/04\/IMG-FA-3-768x512.jpg 768w, https:\/\/diariodominicano.com\/wp-content\/uploads\/2024\/04\/IMG-FA-3-816x544.jpg 816w, https:\/\/diariodominicano.com\/wp-content\/uploads\/2024\/04\/IMG-FA-3.jpg 1292w\" sizes=\"auto, (max-width: 1024px) 100vw, 1024px\" \/><\/figure>\n\n\n\n<p>Durante la ceremonia p\u00f3stuma la viceministra Mercedes P\u00e9rez Ceballos destac\u00f3 los aportes a la sociedad que hizo el fenecido abogado, catedr\u00e1tico universitario y dirigente pol\u00edtico.<\/p>\n\n\n\n<p>Almeyda Rancier fue profesor de historia en la UASD desde el a\u00f1o 1974, entidad acad\u00e9mica donde fungi\u00f3 como rector desde el a\u00f1o 1987 al 1990.<\/p>\n\n\n\n<p>Ostent\u00f3 el cargo de Secretario de Estado de Interior y Polic\u00eda durante ocho a\u00f1os del 2004 al 2012.<\/p>\n\n\n\n<p>En el plano pol\u00edtico fue miembro de los partidos Revolucionario Dominicano (PRD), de la Liberaci\u00f3n Dominicana (PLD) y de la Fuerza del Pueblo (FP).<\/p>\n\n\n\n<p>Freddy de Jes\u00fas Vi\u00f1as Mendoza<\/p>\n\n\n\n<p><a target=\"_blank\" href=\"mailto:fvinas@mip.gob.do\" rel=\"noreferrer noopener\">fvinas@mip.gob.do<\/a><\/p>\n\n\n\n<p>Direcci\u00f3n de Comunicaciones<\/p>\n\n\n\n<p>Aux Relaciones Publicas MIP<\/p>\n","protected":false},"excerpt":{"rendered":"<p>SANTO DOMINGO, RD. El Ministerio de Interior y Polic\u00eda honr\u00f3 al ex ministro de esa instituci\u00f3n, el pol\u00edtico, abogado y catedr\u00e1tico universitario Franklin Almeyda Rancier, quien falleci\u00f3 el pasado jueves a los 83 a\u00f1os de edad. El ministro de Interior y Polic\u00eda, Jes\u00fas V\u00e1squez Mart\u00ednez se solidariz\u00f3 con los familiares del extinto dirigente pol\u00edtico y [&hellip;]<\/p>\n","protected":false},"author":28,"featured_media":525440,"comment_status":"closed","ping_status":"closed","sticky":true,"template":"","format":"standard","meta":{"footnotes":""},"categories":[36,20,26,29,27],"tags":[],"class_list":["post-525439","post","type-post","status-publish","format-standard","has-post-thumbnail","hentry","category-hombresmujeresycosas","category-dominicana-hoy","category-efemerides","category-policiasucesos","category-portada"],"_links":{"self":[{"href":"https:\/\/diariodominicano.com\/index.php?rest_route=\/wp\/v2\/posts\/525439","targetHints":{"allow":["GET"]}}],"collection":[{"href":"https:\/\/diariodominicano.com\/index.php?rest_route=\/wp\/v2\/posts"}],"about":[{"href":"https:\/\/diariodominicano.com\/index.php?rest_route=\/wp\/v2\/types\/post"}],"author":[{"embeddable":true,"href":"https:\/\/diariodominicano.com\/index.php?rest_route=\/wp\/v2\/users\/28"}],"replies":[{"embeddable":true,"href":"https:\/\/diariodominicano.com\/index.php?rest_route=%2Fwp%2Fv2%2Fcomments&post=525439"}],"version-history":[{"count":3,"href":"https:\/\/diariodominicano.com\/index.php?rest_route=\/wp\/v2\/posts\/525439\/revisions"}],"predecessor-version":[{"id":525448,"href":"https:\/\/diariodominicano.com\/index.php?rest_route=\/wp\/v2\/posts\/525439\/revisions\/525448"}],"wp:featuredmedia":[{"embeddable":true,"href":"https:\/\/diariodominicano.com\/index.php?rest_route=\/wp\/v2\/media\/525440"}],"wp:attachment":[{"href":"https:\/\/diariodominicano.com\/index.php?rest_route=%2Fwp%2Fv2%2Fmedia&parent=525439"}],"wp:term":[{"taxonomy":"category","embeddable":true,"href":"https:\/\/diariodominicano.com\/index.php?rest_route=%2Fwp%2Fv2%2Fcategories&post=525439"},{"taxonomy":"post_tag","embeddable":true,"href":"https:\/\/diariodominicano.com\/index.php?rest_route=%2Fwp%2Fv2%2Ftags&post=525439"}],"curies":[{"name":"wp","href":"https:\/\/api.w.org\/{rel}","templated":true}]}}