{"id":525373,"date":"2024-04-22T17:50:49","date_gmt":"2024-04-22T21:50:49","guid":{"rendered":"https:\/\/diariodominicano.com\/?p=525373"},"modified":"2024-04-22T17:57:23","modified_gmt":"2024-04-22T21:57:23","slug":"artista-urbano-nino-la-fama-anuncia-nuevo-video-de-musica-urbana","status":"publish","type":"post","link":"https:\/\/diariodominicano.com\/?p=525373","title":{"rendered":"Artista Urbano Ni\u00f1o La Fama anuncia nuevo video de m\u00fasica urbana"},"content":{"rendered":"\n<p>Por:\u00a0<strong>Carlos Ricardo Fondeur M<\/strong>oreta <\/p>\n\n\n\n<p>Julio Rodr\u00edguez (Ni\u00f1o La Fama), anunci\u00f3 la creaci\u00f3n y presentaci\u00f3n de su nueva producci\u00f3n de m\u00fasica urbana en formato video para YouTube \u201cCoronar\u201d.<\/p>\n\n\n\n<p>Ni\u00f1o La Fama, hermano del tambi\u00e9n artista urbano \u201cEl Coyote Lirical\u201d, surge de una simbiosis barrial de la juventud activa de los sectores que integran la zona santiaguera de La Otra Banda, donde se ubican los Distritos Municipales La Herradura, Hato del Yaque y La Canela, con una poblaci\u00f3n que representa un tercio de la provincia de Santiago.<\/p>\n\n\n\n<p>Fue precandidato a una regidur\u00eda en Hato del Yaque por el Partido de la Liberaci\u00f3n Dominicana para el per\u00edodo 2024-2028, pero sus compromisos art\u00edsticos en Santo Domingo y otras demarcaciones lo mantuvieron alejado de la pol\u00edtica. Oriundo de Santiago Rodriguez, en la provincia del noroeste dominicano fronterizo con la Rep\u00fablica de Hait\u00ed, desarroll\u00f3 su arte musical y esc\u00e9nico en Santiago de los Caballeros, donde es considerado hijo adoptivo.<\/p>\n\n\n\n<p>Su nueva producci\u00f3n musical \u201cCoronar\u201d se centra en el diario vivir de un segmento poblacional que se identifica con su g\u00e9nero musical y lo sabe aprovechar al m\u00e1ximo: Ya se ha presentado en los canales de la televisi\u00f3n nacional y en espect\u00e1culos p\u00fablicos en su comunidad, ubicada al cruzar el rio Yaque y diversos municipios de la Republica Dominicana. <\/p>\n\n\n\n<p>carlosricardofondeurmoronta@gmail.com <\/p>\n\n\n\n<figure class=\"wp-block-embed is-type-video is-provider-youtube wp-block-embed-youtube wp-embed-aspect-16-9 wp-has-aspect-ratio\"><div class=\"wp-block-embed__wrapper\">\n<iframe loading=\"lazy\" title=\"NI\u00d1O LA FAMA - CORONAR \ud83c\udfc6 (Video Oficial) Dir.@MaylonRD\" width=\"616\" height=\"347\" src=\"https:\/\/www.youtube.com\/embed\/DvJuBBBMXSY?feature=oembed\" frameborder=\"0\" allow=\"accelerometer; autoplay; clipboard-write; encrypted-media; gyroscope; picture-in-picture; web-share\" referrerpolicy=\"strict-origin-when-cross-origin\" allowfullscreen><\/iframe>\n<\/div><\/figure>\n","protected":false},"excerpt":{"rendered":"<p>Por:\u00a0Carlos Ricardo Fondeur Moreta Julio Rodr\u00edguez (Ni\u00f1o La Fama), anunci\u00f3 la creaci\u00f3n y presentaci\u00f3n de su nueva producci\u00f3n de m\u00fasica urbana en formato video para YouTube \u201cCoronar\u201d. Ni\u00f1o La Fama, hermano del tambi\u00e9n artista urbano \u201cEl Coyote Lirical\u201d, surge de una simbiosis barrial de la juventud activa de los sectores que integran la zona santiaguera [&hellip;]<\/p>\n","protected":false},"author":7,"featured_media":525699,"comment_status":"closed","ping_status":"closed","sticky":true,"template":"","format":"standard","meta":{"footnotes":""},"categories":[25,27],"tags":[],"class_list":["post-525373","post","type-post","status-publish","format-standard","has-post-thumbnail","hentry","category-gente","category-portada"],"_links":{"self":[{"href":"https:\/\/diariodominicano.com\/index.php?rest_route=\/wp\/v2\/posts\/525373","targetHints":{"allow":["GET"]}}],"collection":[{"href":"https:\/\/diariodominicano.com\/index.php?rest_route=\/wp\/v2\/posts"}],"about":[{"href":"https:\/\/diariodominicano.com\/index.php?rest_route=\/wp\/v2\/types\/post"}],"author":[{"embeddable":true,"href":"https:\/\/diariodominicano.com\/index.php?rest_route=\/wp\/v2\/users\/7"}],"replies":[{"embeddable":true,"href":"https:\/\/diariodominicano.com\/index.php?rest_route=%2Fwp%2Fv2%2Fcomments&post=525373"}],"version-history":[{"count":1,"href":"https:\/\/diariodominicano.com\/index.php?rest_route=\/wp\/v2\/posts\/525373\/revisions"}],"predecessor-version":[{"id":525708,"href":"https:\/\/diariodominicano.com\/index.php?rest_route=\/wp\/v2\/posts\/525373\/revisions\/525708"}],"wp:featuredmedia":[{"embeddable":true,"href":"https:\/\/diariodominicano.com\/index.php?rest_route=\/wp\/v2\/media\/525699"}],"wp:attachment":[{"href":"https:\/\/diariodominicano.com\/index.php?rest_route=%2Fwp%2Fv2%2Fmedia&parent=525373"}],"wp:term":[{"taxonomy":"category","embeddable":true,"href":"https:\/\/diariodominicano.com\/index.php?rest_route=%2Fwp%2Fv2%2Fcategories&post=525373"},{"taxonomy":"post_tag","embeddable":true,"href":"https:\/\/diariodominicano.com\/index.php?rest_route=%2Fwp%2Fv2%2Ftags&post=525373"}],"curies":[{"name":"wp","href":"https:\/\/api.w.org\/{rel}","templated":true}]}}