{"id":525326,"date":"2024-04-21T18:11:55","date_gmt":"2024-04-21T22:11:55","guid":{"rendered":"https:\/\/diariodominicano.com\/?p=525326"},"modified":"2024-04-21T18:34:23","modified_gmt":"2024-04-21T22:34:23","slug":"direccion-de-asuntos-civiles-del-estado-mayor-conjunto-j5-ministerio-de-defensa-de-republica-dominicana","status":"publish","type":"post","link":"https:\/\/diariodominicano.com\/?p=525326","title":{"rendered":"Hospitales Universitarios Docentes Central de las Fuerzas Armadas y Doctor Ram\u00f3n de Lara, realizan su tercera jornada cient\u00edfica Cl\u00ednico-Quir\u00fargica"},"content":{"rendered":"\n<p>Con el objetivo de enriquecer el conocimiento de sus m\u00e9dicos residentes, los hospitales Universitarios Docentes Central de las Fuerzas Armadas y Doctor Ram\u00f3n de Lara, realizaron su tercera jornada cient\u00edfica Cl\u00ednico-Quir\u00fargica, dedicada al general (r) m\u00e9dico cirujano, onc\u00f3logo- laparoscopista, DR. Luis Virgilio Macario de Jes\u00fas, FARD.<\/p>\n\n\n\n<figure class=\"wp-block-gallery has-nested-images columns-default is-cropped wp-block-gallery-1 is-layout-flex wp-block-gallery-is-layout-flex\">\n<figure class=\"wp-block-image size-large\"><img loading=\"lazy\" decoding=\"async\" width=\"1024\" height=\"682\" data-id=\"525347\" src=\"https:\/\/diariodominicano.com\/wp-content\/uploads\/2024\/04\/Direccion-de-Asuntos-Civiles-del-Estado-Mayor-Conjunto-J5-Ministerio-de-Defensa-de-Republica-Dominicana-1024x682.jpg\" alt=\"\" class=\"wp-image-525347\" srcset=\"https:\/\/diariodominicano.com\/wp-content\/uploads\/2024\/04\/Direccion-de-Asuntos-Civiles-del-Estado-Mayor-Conjunto-J5-Ministerio-de-Defensa-de-Republica-Dominicana-1024x682.jpg 1024w, https:\/\/diariodominicano.com\/wp-content\/uploads\/2024\/04\/Direccion-de-Asuntos-Civiles-del-Estado-Mayor-Conjunto-J5-Ministerio-de-Defensa-de-Republica-Dominicana-300x200.jpg 300w, https:\/\/diariodominicano.com\/wp-content\/uploads\/2024\/04\/Direccion-de-Asuntos-Civiles-del-Estado-Mayor-Conjunto-J5-Ministerio-de-Defensa-de-Republica-Dominicana-768x512.jpg 768w, https:\/\/diariodominicano.com\/wp-content\/uploads\/2024\/04\/Direccion-de-Asuntos-Civiles-del-Estado-Mayor-Conjunto-J5-Ministerio-de-Defensa-de-Republica-Dominicana-1536x1023.jpg 1536w, https:\/\/diariodominicano.com\/wp-content\/uploads\/2024\/04\/Direccion-de-Asuntos-Civiles-del-Estado-Mayor-Conjunto-J5-Ministerio-de-Defensa-de-Republica-Dominicana-816x544.jpg 816w, https:\/\/diariodominicano.com\/wp-content\/uploads\/2024\/04\/Direccion-de-Asuntos-Civiles-del-Estado-Mayor-Conjunto-J5-Ministerio-de-Defensa-de-Republica-Dominicana.jpg 1600w\" sizes=\"auto, (max-width: 1024px) 100vw, 1024px\" \/><\/figure>\n\n\n\n<figure class=\"wp-block-image size-large\"><img loading=\"lazy\" decoding=\"async\" width=\"1024\" height=\"682\" data-id=\"525346\" src=\"https:\/\/diariodominicano.com\/wp-content\/uploads\/2024\/04\/Direccion-Asuntos-Civiles-del-Estado-Mayor-Conjunto-J5-Ministerio-de-Defensa-de-Republica-Dominicana--1024x682.jpg\" alt=\"\" class=\"wp-image-525346\" srcset=\"https:\/\/diariodominicano.com\/wp-content\/uploads\/2024\/04\/Direccion-Asuntos-Civiles-del-Estado-Mayor-Conjunto-J5-Ministerio-de-Defensa-de-Republica-Dominicana--1024x682.jpg 1024w, https:\/\/diariodominicano.com\/wp-content\/uploads\/2024\/04\/Direccion-Asuntos-Civiles-del-Estado-Mayor-Conjunto-J5-Ministerio-de-Defensa-de-Republica-Dominicana--300x200.jpg 300w, https:\/\/diariodominicano.com\/wp-content\/uploads\/2024\/04\/Direccion-Asuntos-Civiles-del-Estado-Mayor-Conjunto-J5-Ministerio-de-Defensa-de-Republica-Dominicana--768x512.jpg 768w, https:\/\/diariodominicano.com\/wp-content\/uploads\/2024\/04\/Direccion-Asuntos-Civiles-del-Estado-Mayor-Conjunto-J5-Ministerio-de-Defensa-de-Republica-Dominicana--1536x1023.jpg 1536w, https:\/\/diariodominicano.com\/wp-content\/uploads\/2024\/04\/Direccion-Asuntos-Civiles-del-Estado-Mayor-Conjunto-J5-Ministerio-de-Defensa-de-Republica-Dominicana--816x544.jpg 816w, https:\/\/diariodominicano.com\/wp-content\/uploads\/2024\/04\/Direccion-Asuntos-Civiles-del-Estado-Mayor-Conjunto-J5-Ministerio-de-Defensa-de-Republica-Dominicana-.jpg 1600w\" sizes=\"auto, (max-width: 1024px) 100vw, 1024px\" \/><\/figure>\n<\/figure>\n\n\n\n<p>En la jornada m\u00e9dica, realizada en el sal\u00f3n Restauraci\u00f3n del Ministerio de Defensa, se trataron diversos temas de salud e intercambio de conocimientos, que impulsan a seguir haciendo mejoras en el campo de la medicina.<br><br>El acto fue encabezado por el mayor general Francisco A. Ovalle Pichardo, ERD, rector de la Universidad Nacional Para la Defensa, \u00abgeneral Juan Pablo Duarte y D\u00edez\u00bb (UNADE), en representaci\u00f3n del ministro de Defensa, teniente general Carlos Luciano D\u00edaz Morfa, ERD; tambi\u00e9n por el general de brigada m\u00e9dico internista gastroenter\u00f3logo Dr. Mart\u00edn Salazar Sim\u00f3, ERD, director del Cuerpo M\u00e9dico y Sanidad Militar de las FFAA; el coronel m\u00e9dico neur\u00f3logo Juan de Jes\u00fas Fern\u00e1ndez Lajara, ERD, director general de Residencias M\u00e9dicas \u00a0y Postgrado del MIDE; y \u00a0en representaci\u00f3n de la presidenta de ADEOFA, se\u00f1ora Wendy Santos de D\u00edaz, la mayor m\u00e9dico internista gastroenter\u00f3loga Dra. Dennise Herrera Hern\u00e1ndez, directora de Ense\u00f1anza y Postgrado del Hospital Universitario Docente de las FFAA.<\/p>\n\n\n\n<figure class=\"wp-block-gallery has-nested-images columns-default is-cropped wp-block-gallery-2 is-layout-flex wp-block-gallery-is-layout-flex\">\n<figure class=\"wp-block-image size-large\"><img loading=\"lazy\" decoding=\"async\" width=\"1024\" height=\"682\" data-id=\"525345\" src=\"https:\/\/diariodominicano.com\/wp-content\/uploads\/2024\/04\/Direccion-Asuntos-Civiles-del-Estado-Mayor-Conjunto-J5-Ministerio-de-Defensa-de-Republica-Dominicana-1024x682.jpg\" alt=\"\" class=\"wp-image-525345\" srcset=\"https:\/\/diariodominicano.com\/wp-content\/uploads\/2024\/04\/Direccion-Asuntos-Civiles-del-Estado-Mayor-Conjunto-J5-Ministerio-de-Defensa-de-Republica-Dominicana-1024x682.jpg 1024w, https:\/\/diariodominicano.com\/wp-content\/uploads\/2024\/04\/Direccion-Asuntos-Civiles-del-Estado-Mayor-Conjunto-J5-Ministerio-de-Defensa-de-Republica-Dominicana-300x200.jpg 300w, https:\/\/diariodominicano.com\/wp-content\/uploads\/2024\/04\/Direccion-Asuntos-Civiles-del-Estado-Mayor-Conjunto-J5-Ministerio-de-Defensa-de-Republica-Dominicana-768x512.jpg 768w, https:\/\/diariodominicano.com\/wp-content\/uploads\/2024\/04\/Direccion-Asuntos-Civiles-del-Estado-Mayor-Conjunto-J5-Ministerio-de-Defensa-de-Republica-Dominicana-1536x1023.jpg 1536w, https:\/\/diariodominicano.com\/wp-content\/uploads\/2024\/04\/Direccion-Asuntos-Civiles-del-Estado-Mayor-Conjunto-J5-Ministerio-de-Defensa-de-Republica-Dominicana-816x544.jpg 816w, https:\/\/diariodominicano.com\/wp-content\/uploads\/2024\/04\/Direccion-Asuntos-Civiles-del-Estado-Mayor-Conjunto-J5-Ministerio-de-Defensa-de-Republica-Dominicana.jpg 1600w\" sizes=\"auto, (max-width: 1024px) 100vw, 1024px\" \/><\/figure>\n\n\n\n<figure class=\"wp-block-image size-large\"><img loading=\"lazy\" decoding=\"async\" width=\"1024\" height=\"682\" data-id=\"525344\" src=\"https:\/\/diariodominicano.com\/wp-content\/uploads\/2024\/04\/Direccion-de-Asuntos-Civiles-del-Estado-Mayor-Conjunto-J5-Ministerio-Defensa-de-Republica-Dominicana-1024x682.jpg\" alt=\"\" class=\"wp-image-525344\" srcset=\"https:\/\/diariodominicano.com\/wp-content\/uploads\/2024\/04\/Direccion-de-Asuntos-Civiles-del-Estado-Mayor-Conjunto-J5-Ministerio-Defensa-de-Republica-Dominicana-1024x682.jpg 1024w, https:\/\/diariodominicano.com\/wp-content\/uploads\/2024\/04\/Direccion-de-Asuntos-Civiles-del-Estado-Mayor-Conjunto-J5-Ministerio-Defensa-de-Republica-Dominicana-300x200.jpg 300w, https:\/\/diariodominicano.com\/wp-content\/uploads\/2024\/04\/Direccion-de-Asuntos-Civiles-del-Estado-Mayor-Conjunto-J5-Ministerio-Defensa-de-Republica-Dominicana-768x512.jpg 768w, https:\/\/diariodominicano.com\/wp-content\/uploads\/2024\/04\/Direccion-de-Asuntos-Civiles-del-Estado-Mayor-Conjunto-J5-Ministerio-Defensa-de-Republica-Dominicana-1536x1024.jpg 1536w, https:\/\/diariodominicano.com\/wp-content\/uploads\/2024\/04\/Direccion-de-Asuntos-Civiles-del-Estado-Mayor-Conjunto-J5-Ministerio-Defensa-de-Republica-Dominicana-2048x1365.jpg 2048w, https:\/\/diariodominicano.com\/wp-content\/uploads\/2024\/04\/Direccion-de-Asuntos-Civiles-del-Estado-Mayor-Conjunto-J5-Ministerio-Defensa-de-Republica-Dominicana-816x544.jpg 816w\" sizes=\"auto, (max-width: 1024px) 100vw, 1024px\" \/><\/figure>\n<\/figure>\n\n\n\n<p><br>\u00a0<br>La Dra. Herrera Hern\u00e1ndez, en representaci\u00f3n de Santos de D\u00edaz, dijo que \u201cagradezco la gran labor de los participantes de esta tercera jornada, donde en esta ocasi\u00f3n se presentar\u00e1n nueve especialistas que tratar\u00e1n temas de inter\u00e9s para seguir avanzando y brindando un excelente servicio en nuestros centros de salud, para seguir aportando a la mejor\u00eda de la vida de los soldados y sus familiares\u201d<\/p>\n\n\n\n<figure class=\"wp-block-gallery has-nested-images columns-default is-cropped wp-block-gallery-3 is-layout-flex wp-block-gallery-is-layout-flex\">\n<figure class=\"wp-block-image size-large\"><img loading=\"lazy\" decoding=\"async\" width=\"1024\" height=\"682\" data-id=\"525343\" src=\"https:\/\/diariodominicano.com\/wp-content\/uploads\/2024\/04\/Direccion-de-Asuntos-Civiles-del-Estado-Mayor-Conjunto-J5-Ministerio-de-Defensa-Republica-Dominicana-1024x682.jpg\" alt=\"\" class=\"wp-image-525343\" srcset=\"https:\/\/diariodominicano.com\/wp-content\/uploads\/2024\/04\/Direccion-de-Asuntos-Civiles-del-Estado-Mayor-Conjunto-J5-Ministerio-de-Defensa-Republica-Dominicana-1024x682.jpg 1024w, https:\/\/diariodominicano.com\/wp-content\/uploads\/2024\/04\/Direccion-de-Asuntos-Civiles-del-Estado-Mayor-Conjunto-J5-Ministerio-de-Defensa-Republica-Dominicana-300x200.jpg 300w, https:\/\/diariodominicano.com\/wp-content\/uploads\/2024\/04\/Direccion-de-Asuntos-Civiles-del-Estado-Mayor-Conjunto-J5-Ministerio-de-Defensa-Republica-Dominicana-768x512.jpg 768w, https:\/\/diariodominicano.com\/wp-content\/uploads\/2024\/04\/Direccion-de-Asuntos-Civiles-del-Estado-Mayor-Conjunto-J5-Ministerio-de-Defensa-Republica-Dominicana-1536x1023.jpg 1536w, https:\/\/diariodominicano.com\/wp-content\/uploads\/2024\/04\/Direccion-de-Asuntos-Civiles-del-Estado-Mayor-Conjunto-J5-Ministerio-de-Defensa-Republica-Dominicana-816x544.jpg 816w, https:\/\/diariodominicano.com\/wp-content\/uploads\/2024\/04\/Direccion-de-Asuntos-Civiles-del-Estado-Mayor-Conjunto-J5-Ministerio-de-Defensa-Republica-Dominicana.jpg 1600w\" sizes=\"auto, (max-width: 1024px) 100vw, 1024px\" \/><\/figure>\n<\/figure>\n\n\n\n<p><br>El mayor general Ovalle Pichardo, expres\u00f3 \u201ccon esta jornada vamos a fortalecer el conocimiento, de los hoy aqu\u00ed presentes, en el \u00e1rea de la salud, y de esta forma ustedes puedan comprender de una manera m\u00e1s profunda, cualquier caso complejo que pueda surgir durante su ejercicio como doctores, tambi\u00e9n agradeci\u00f3 a los organizadores que hicieron que &nbsp;este evento fuera posible\u201d<\/p>\n\n\n\n<p><br>Durante la apertura de esta actividad, el general (r) m\u00e9dico cirujano, onc\u00f3logo-laparoscopista, DR. Luis Virgilio Macario de Jes\u00fas, FARD, fue reconocido por su labor intachable, aportes y a\u00f1os de entrega en el sector de la salud, aprovechando la ocasi\u00f3n para exhortar a los presentes que &nbsp;trabajen para hacer el bien y realizar su trabajo con amor.<br><br>Los temas que se trataron fueron de suma importancia, acerca de las especialidades; cirug\u00eda general, urolog\u00eda, ortopedia y traumatolog\u00eda, oftalmolog\u00eda, neurolog\u00eda, otorrinolaringolog\u00eda, emergenciolog\u00eda.<br><br>En la actividad, tambi\u00e9n estuvieron presentes el coronel m\u00e9dico cirujano-ortopeda-traumat\u00f3logo, DR. Cesar Carlos Corad\u00edn Feliz, FARD, director del Hospital Universitario Docente Dr. Ram\u00f3n de Lara de la FARD, &nbsp;el coronel m\u00e9dico cirujano onc\u00f3logo, Ram\u00f3n Enrique Feliz Jim\u00e9nez, ERD; la coronel m\u00e9dico cirujana general, DRA. Maribel M\u00e9ndez Mateo, directora de Ense\u00f1anza y Postgrado del Hospital Universitario FARD; y la teniente coronel m\u00e9dico pediatra, Dra. Carolina Altagracia Valdez Valdez, ERD, decana de la facultad de Ciencias para la Salud de UNADE.<\/p>\n\n\n\n<p>prensaj5mide@gmail.com <\/p>\n","protected":false},"excerpt":{"rendered":"<p>Con el objetivo de enriquecer el conocimiento de sus m\u00e9dicos residentes, los hospitales Universitarios Docentes Central de las Fuerzas Armadas y Doctor Ram\u00f3n de Lara, realizaron su tercera jornada cient\u00edfica Cl\u00ednico-Quir\u00fargica, dedicada al general (r) m\u00e9dico cirujano, onc\u00f3logo- laparoscopista, DR. Luis Virgilio Macario de Jes\u00fas, FARD. En la jornada m\u00e9dica, realizada en el sal\u00f3n Restauraci\u00f3n [&hellip;]<\/p>\n","protected":false},"author":7,"featured_media":525343,"comment_status":"closed","ping_status":"closed","sticky":true,"template":"","format":"standard","meta":{"footnotes":""},"categories":[20,27],"tags":[],"class_list":["post-525326","post","type-post","status-publish","format-standard","has-post-thumbnail","hentry","category-dominicana-hoy","category-portada"],"_links":{"self":[{"href":"https:\/\/diariodominicano.com\/index.php?rest_route=\/wp\/v2\/posts\/525326","targetHints":{"allow":["GET"]}}],"collection":[{"href":"https:\/\/diariodominicano.com\/index.php?rest_route=\/wp\/v2\/posts"}],"about":[{"href":"https:\/\/diariodominicano.com\/index.php?rest_route=\/wp\/v2\/types\/post"}],"author":[{"embeddable":true,"href":"https:\/\/diariodominicano.com\/index.php?rest_route=\/wp\/v2\/users\/7"}],"replies":[{"embeddable":true,"href":"https:\/\/diariodominicano.com\/index.php?rest_route=%2Fwp%2Fv2%2Fcomments&post=525326"}],"version-history":[{"count":2,"href":"https:\/\/diariodominicano.com\/index.php?rest_route=\/wp\/v2\/posts\/525326\/revisions"}],"predecessor-version":[{"id":525350,"href":"https:\/\/diariodominicano.com\/index.php?rest_route=\/wp\/v2\/posts\/525326\/revisions\/525350"}],"wp:featuredmedia":[{"embeddable":true,"href":"https:\/\/diariodominicano.com\/index.php?rest_route=\/wp\/v2\/media\/525343"}],"wp:attachment":[{"href":"https:\/\/diariodominicano.com\/index.php?rest_route=%2Fwp%2Fv2%2Fmedia&parent=525326"}],"wp:term":[{"taxonomy":"category","embeddable":true,"href":"https:\/\/diariodominicano.com\/index.php?rest_route=%2Fwp%2Fv2%2Fcategories&post=525326"},{"taxonomy":"post_tag","embeddable":true,"href":"https:\/\/diariodominicano.com\/index.php?rest_route=%2Fwp%2Fv2%2Ftags&post=525326"}],"curies":[{"name":"wp","href":"https:\/\/api.w.org\/{rel}","templated":true}]}}