{"id":52517,"date":"2020-06-23T13:22:28","date_gmt":"2020-06-23T13:22:28","guid":{"rendered":"http:\/\/diariodominicano.ddns.net\/?p=52517"},"modified":"2020-06-23T13:22:28","modified_gmt":"2020-06-23T13:22:28","slug":"minerd-entrega-128-laboratorios-de-ciencias-a-distintos-centros-educativos-del-pais","status":"publish","type":"post","link":"https:\/\/diariodominicano.com\/?p=52517","title":{"rendered":"&#13;MINERD entrega 128 laboratorios de ciencias a distintos centros educativos del pa\u00eds"},"content":{"rendered":"<p><body><\/p>\n<p><img decoding=\"async\" src=\"img3\/EducaLab23-6-20.jpg\" \/>  <\/p>\n<p><span class=\"text1noticias\"> <\/span><\/p>\n<p><span class=\"text1noticias\">diariodominicano.com<\/span><\/p>\n<p><span class=\"text1noticias\"> <\/span><\/p>\n<p><span class=\"text1noticias\"> Santo Domingo, R. D., 23 de junio, 2020. &#8211; El Ministerio de Educaci\u00f3n (MINERD), a trav\u00e9s del Viceministerio de Servicios T\u00e9cnicos y Pedag\u00f3gicos, continu\u00f3 con la entrega de laboratorios de ciencias totalmente equipados para las pr\u00e1cticas de Biolog\u00eda, Qu\u00edmica y F\u00edsica, a diferentes centros de estudios de las distintas direcciones regionales del pa\u00eds que ser\u00e1n utilizados por los estudiantes el pr\u00f3ximo a\u00f1o escolar 2020-2021.<\/span><\/p>\n<p><span class=\"text1noticias\"> <\/span><\/p>\n<p><span class=\"text1noticias\">La informaci\u00f3n la ofreci\u00f3 Hip\u00f3lito D\u00edaz, director de la modalidad acad\u00e9mica del nivel Secundario del MINERD, quien dijo que actualmente los laboratorios forman parte del programa tecnol\u00f3gico dirigido a estudiantes y docentes con el fin de crear las competencias educativas de los educandos en estas \u00e1reas.<\/span><\/p>\n<p><span class=\"text1noticias\"> <\/span><\/p>\n<p><span class=\"text1noticias\">Expres\u00f3 que la creaci\u00f3n de estos espacios cient\u00edficos tiene como objetivo fomentar en los alumnos las competencias y habilidades dot\u00e1ndolos de herramientas que ayudar\u00e1n al avance de otras \u00e1reas del saber. Adem\u00e1s, la realizaci\u00f3n de proyectos de investigaci\u00f3n participativos en aulas, e impulsar\u00e1n el trabajo en equipo sustentado en los nuevos paradigmas del curr\u00edculo educativo dominicano.<\/span><\/p>\n<p><span class=\"text1noticias\"> <\/span><\/p>\n<p><span class=\"text1noticias\">\u00abGracias a estos laboratorios tecnol\u00f3gicos nuestros estudiantes podr\u00e1n obtener un mejor conocimiento que les servir\u00e1 como eje principal para buscarles soluciones a problemas que est\u00e9n ligados a la ciencia\u00bb, manifest\u00f3 D\u00edaz.<\/span><\/p>\n<p><span class=\"text1noticias\"> <\/span><\/p>\n<p><span class=\"text1noticias\">Asimismo, Cristina D\u00edaz, t\u00e9cnica docente nacional del \u00e1rea de Ciencias de la Naturaleza, dijo que muy pocas universidades del pa\u00eds tienen laboratorios con tecnolog\u00eda de \u00faltima generaci\u00f3n como los establecidos en los liceos del sector p\u00fablico.<\/span><\/p>\n<p><span class=\"text1noticias\"> <\/span><\/p>\n<p><span class=\"text1noticias\">Puntualiz\u00f3 que los estudiantes que conforman los planteles escolares son pioneros en el uso de estas herramientas tecnol\u00f3gicas, lo que representa un avance a nivel de ciencias.<\/span><\/p>\n<p><span class=\"text1noticias\"> <\/span><\/p>\n<p><span class=\"text1noticias\">\u00abGracias al Ministerio de Educaci\u00f3n tenemos estos laboratorios en nuestros liceos, lo que es para el sistema educativo un sue\u00f1o hecho realidad. Vale la pena so\u00f1ar\u00bb, expres\u00f3<\/span><\/p>\n<p><span class=\"text1noticias\"> <\/span><\/p>\n<p><span class=\"text1noticias\"> <\/span><\/p>\n<p><span class=\"text1noticias\">Compar\u00f3 los resultados de los estudiantes de Secundaria 10 a\u00f1os atr\u00e1s y ahora, confirmando que se evidencia un avance significativo en la calidad de los aprendizajes, \u00abpero esperamos m\u00e1s, el MINERD no se conforma con estos datos, queremos seguir encamin\u00e1ndonos para obtener mejores resultados\u00bb.<\/span><\/p>\n<p><span class=\"text1noticias\"> <\/span><\/p>\n<p><span class=\"text1noticias\">Enfatiz\u00f3 que Educaci\u00f3n se mantiene capacitando a los docentes en los diferentes espacios, ya que mientras mejor manejan sus \u00e1reas, mayor ser\u00e1 el impacto en la ense\u00f1anza de los escolares.<\/span><\/p>\n<p><span class=\"text1noticias\"> <\/span><\/p>\n<p><span class=\"text1noticias\">Los laboratorios est\u00e1n conformados por 16 maletas tecnol\u00f3gicas de \u00f3ptica, termolog\u00eda, electricidad y mec\u00e1nica. Tambi\u00e9n contienen cuatro kits por separados que pueden ser utilizados por los docentes en el aula.<\/span><\/p>\n<p><span class=\"text1noticias\"> <\/span><\/p>\n<p><span class=\"text1noticias\">Entre los centros a los que el MINERD recientemente les entreg\u00f3 los espacios cient\u00edficos est\u00e1n el Liceo Esteban S\u00e1nchez y Polit\u00e9cnico ITLA, ambos de Santo Domingo Este.<\/span><\/p>\n<p><span class=\"text1noticias\"> <\/span><\/p>\n<p><span class=\"text1noticias\">El Polit\u00e9cnico ITLA est\u00e1 bajo la direcci\u00f3n, administraci\u00f3n y funcionamiento del Instituto Tecnol\u00f3gico de las Am\u00e9ricas en el marco de un acuerdo de colaboraci\u00f3n de co-gesti\u00f3n con el Ministerio de Educaci\u00f3n (MINERD).<\/span><\/p>\n<p><span class=\"text1noticias\"> <\/span><\/p>\n<p><span class=\"text1noticias\">Direcci\u00f3n de Comunicaci\u00f3n y Relaciones P\u00fablicas<\/span><\/p>\n<p><span class=\"text1noticias\"> <\/span><\/p>\n<p><span class=\"text1noticias\">23 de junio 2020<\/span><\/p>\n<p><span class=\"text1noticias\"> <\/span><\/p>\n<p><span class=\"text1noticias\">Ministerio Educaci\u00f3n Rep\u00fa<\/span>blica Dominicana <\/p>\n<h6> 2020-06-23 13:22:28 <\/h6>\n<p><!--\n<link rel=\"stylesheet\" href=\"css\/bootstrap.min.css\">\n\n\n<ul class=\"pagination\">\n\t    \n\t\n\n<li >\n\t<a href='?page_no=484'>Previous<\/a>\n\t<\/li>\n\n\n       \n    \n\n<li><a href='?page_no=1'>1<\/a><\/li>\n\n\n\n<li><a href='?page_no=2'>2<\/a><\/li>\n\n\n\n<li><a>...<\/a><\/li>\n\n\n\n<li><a href='?page_no=483'>483<\/a><\/li>\n\n\n\n<li><a href='?page_no=484'>484<\/a><\/li>\n\n\n\n<li class='active'><a>485<\/a><\/li>\n\n\n\n<li><a href='?page_no=486'>486<\/a><\/li>\n\n\n\n<li><a href='?page_no=487'>487<\/a><\/li>\n\n\n\n<li><a>...<\/a><\/li>\n\n\n\n<li><a href='?page_no=22911'>22911<\/a><\/li>\n\n\n\n<li><a href='?page_no=22912'>22912<\/a><\/li>\n\n    \n\t\n\n<li >\n\t<a href='?page_no=486'>Next<\/a>\n\t<\/li>\n\n\n    \n\n<li><a href='?page_no=22912'>Last &rsaquo;&rsaquo;<\/a><\/li>\n\n<\/ul>\n\n\n--><br \/>\n<\/body><\/p>\n","protected":false},"excerpt":{"rendered":"<p>diariodominicano.com Santo Domingo, R. D., 23 de junio, 2020. &#8211; El Ministerio de Educaci\u00f3n (MINERD), a trav\u00e9s del Viceministerio de Servicios T\u00e9cnicos y Pedag\u00f3gicos, continu\u00f3 con la entrega de laboratorios de ciencias totalmente equipados para las pr\u00e1cticas de Biolog\u00eda, Qu\u00edmica y F\u00edsica, a diferentes centros de estudios de las distintas direcciones regionales del pa\u00eds que [&hellip;]<\/p>\n","protected":false},"author":3,"featured_media":0,"comment_status":"open","ping_status":"open","sticky":false,"template":"","format":"standard","meta":{"footnotes":""},"categories":[21],"tags":[],"class_list":["post-52517","post","type-post","status-publish","format-standard","hentry","category-cultura"],"_links":{"self":[{"href":"https:\/\/diariodominicano.com\/index.php?rest_route=\/wp\/v2\/posts\/52517","targetHints":{"allow":["GET"]}}],"collection":[{"href":"https:\/\/diariodominicano.com\/index.php?rest_route=\/wp\/v2\/posts"}],"about":[{"href":"https:\/\/diariodominicano.com\/index.php?rest_route=\/wp\/v2\/types\/post"}],"author":[{"embeddable":true,"href":"https:\/\/diariodominicano.com\/index.php?rest_route=\/wp\/v2\/users\/3"}],"replies":[{"embeddable":true,"href":"https:\/\/diariodominicano.com\/index.php?rest_route=%2Fwp%2Fv2%2Fcomments&post=52517"}],"version-history":[{"count":0,"href":"https:\/\/diariodominicano.com\/index.php?rest_route=\/wp\/v2\/posts\/52517\/revisions"}],"wp:attachment":[{"href":"https:\/\/diariodominicano.com\/index.php?rest_route=%2Fwp%2Fv2%2Fmedia&parent=52517"}],"wp:term":[{"taxonomy":"category","embeddable":true,"href":"https:\/\/diariodominicano.com\/index.php?rest_route=%2Fwp%2Fv2%2Fcategories&post=52517"},{"taxonomy":"post_tag","embeddable":true,"href":"https:\/\/diariodominicano.com\/index.php?rest_route=%2Fwp%2Fv2%2Ftags&post=52517"}],"curies":[{"name":"wp","href":"https:\/\/api.w.org\/{rel}","templated":true}]}}