{"id":525162,"date":"2024-04-20T12:14:20","date_gmt":"2024-04-20T16:14:20","guid":{"rendered":"https:\/\/diariodominicano.com\/?p=525162"},"modified":"2024-04-20T12:15:18","modified_gmt":"2024-04-20T16:15:18","slug":"uasd-inicia-actos-conmemorativos-revolucion-de-abril-del-65","status":"publish","type":"post","link":"https:\/\/diariodominicano.com\/?p=525162","title":{"rendered":"UASD inicia actos conmemorativos Revoluci\u00f3n de Abril del 65"},"content":{"rendered":"\n<p>La \u00a0Universidad Aut\u00f3noma de Santo Domingo (UASD), a trav\u00e9s de la Vicerrector\u00eda de Extensi\u00f3n,\u00a0inici\u00f3 los actos conmemorativos a la Revoluci\u00f3n de Abril del 1965,\u00a0 con la interesante conferencia \u201c59 Aniversario de la Guerra de Abril\u201d, a cargo del historiador Juan de la Cruz.<\/p>\n\n\n\n<p><\/p>\n\n\n\n<p>La vicerrectora de Extensi\u00f3n, maestra Rosal\u00eda Sosa P\u00e9rez, encabez\u00f3 la actividad realizada&nbsp; en el sal\u00f3n de Orientaci\u00f3n, de la Biblioteca Pedro Mir.<\/p>\n\n\n\n<p>Sosa P\u00e9rez agradeci\u00f3 a los presentes por el apoyo y dio a conocer la agenda de los actos para honrar la gesta patri\u00f3tica.<\/p>\n\n\n\n<p>Record\u00f3 los importantes acontecimientos hist\u00f3ricos de aquel tr\u00e1gico abril de la invasi\u00f3n norteamericana, razones por lo cual la Academia conmemora los hechos hist\u00f3ricos en los que el pueblo dominicano se integr\u00f3 masivamente por la defensa de la soberan\u00eda nacional y la vuelta a la constitucionalidad del gobierno de entonces.<\/p>\n\n\n\n<p>\u201cLa Universidad Aut\u00f3noma de Santo Domingo estar\u00e1 de duelo universitario este 28 de abril, por los hechos&nbsp; que atentaron contra la soberan\u00eda nacional\u201d, expres\u00f3 la vicerrectora.<\/p>\n\n\n\n<p>Por su lado, el coordinador extracurricular de la c\u00e1tedra Jos\u00e9 Mart\u00ed, maestro Luis de Le\u00f3n, al introducir el evento, expres\u00f3 que hace 59 a\u00f1os Rep\u00fablica Dominicana dio un rotundo ejemplo&nbsp; al mundo sobre la defensa de la soberan\u00eda nacional al enfrentar, en abril del 1965, la segunda invasi\u00f3n norteamericana.<\/p>\n\n\n\n<p>Record\u00f3 que frente a la crisis pol\u00edtica y social que arropa a la Rep\u00fablica de Hait\u00ed, hizo un llamado a los dominicanos de \u201cmantenerse firmes en defensa de la amenaza a la soberan\u00eda nacional, tomando como ejemplo a Francisco Alberto Caama\u00f1o De\u00f1\u00f3, como referente para preservar la paz nacional y quien luch\u00f3 para defender la dignidad nacional\u201d.<\/p>\n\n\n\n<p>Mientras que el descendiente de Juan Pablo Duarte, Augusto Duarte Camilo, afirm\u00f3 que la historia de los pueblos es grande, cuando tienen grandes hombres y record\u00f3 que Juan Pablo Duarte fue el ide\u00f3logo de los colores de la bandera nacional, as\u00ed como el lema \u201cDios Patria y Libertad\u201d.<\/p>\n\n\n\n<p>En cambio, al concluir la disertaci\u00f3n sobre los hechos hist\u00f3ricos de abril del 65, los familiares del coronel Caama\u00f1o De\u00f1\u00f3 hicieron uso de la palabra para expresar su gratitud a la Academia, por siempre tomar en cuenta los acontecimientos en los cuales su familiar jug\u00f3 un papel estelar y fue la figura hist\u00f3rica transcendental, al mismo tiempo, abordaron el pensamiento y la vida del l\u00edder revolucionario.<\/p>\n\n\n\n<p><strong>Conferencia<\/strong><\/p>\n\n\n\n<p>El historiador De la Cruz disert\u00f3 sobre el \u201c59 Aniversario de la Guerra de Abril\u201d, en la cual abord\u00f3 temas como los comandos constitucionalistas de abril del 65: espacios de poder del pueblo dominicano en armas.<\/p>\n\n\n\n<p>Destac\u00f3 que la lucha del coronel de abril estuvo enfocada en el porvenir de la juventud, porque son el presente y la esperanza de la patria.<\/p>\n\n\n\n<p>De la Cruz abord\u00f3 la motivaci\u00f3n y las causas de la revoluci\u00f3n, entre las cuales enfatiz\u00f3 el derrocamiento del gobierno constitucional del profesor Juan Bosch y la lucha por enfrentar la invasi\u00f3n norteamericana o marines \u201cYankis\u201d.<\/p>\n\n\n\n<p>Expres\u00f3 que \u201cla causa de revoluci\u00f3n de abril tiene su origen en el golpe de Estado y el derrocamiento del gobierno democr\u00e1tico de Bosch, por parte de los sectores reaccionarios y olig\u00e1rquicos unidos al imperialismo norteamericano y la jerarqu\u00eda eclesi\u00e1stica\u201d.<\/p>\n\n\n\n<p>Sostuvo que del &nbsp;gobierno del profesor Bosch, durante los siete meses, fue un gobierno democr\u00e1tico, sensible al pueblo dominicano, que respet\u00f3 los derechos humanos.<\/p>\n\n\n\n<p>Indic\u00f3 que tras el derrocamiento de ese gobierno, los coroneles Caama\u00f1o De\u00f1\u00f3 y Rafael Tom\u00e1s Fern\u00e1ndez Dom\u00ednguez, forman el grupo constitucionalista \u201cEnriquillo\u201d, con miras a restablecer el &nbsp;gobierno y a la vuelta a la constitucionalidad.<\/p>\n\n\n\n<p>Abord\u00f3 la estelar y aguerrida participaci\u00f3n de la mujer dominicana en esa gesta hist\u00f3rica de abril, a trav\u00e9s de los comandos constitucionalista para enfrentar los invasores extranjeros.<\/p>\n\n\n\n<p><strong>Las actividades<\/strong><\/p>\n\n\n\n<p>Las actividades se desarrollar\u00e1n desde el martes 23 de abril, a las 4:00 PM, con la exposici\u00f3n fotogr\u00e1fica de &nbsp;Milvio P\u00e9rez, el fot\u00f3grafo de abril; el mi\u00e9rcoles 24, a las 8:00 de la ma\u00f1ana, se realizar\u00e1n el izamiento de la bandera Nacional y una ofrenda floral en la plaza H\u00e9roes de Abril, as\u00ed como a las 4:00 de la tarde, la conferencia \u201cEl Legado de Abril\u201d, a cargo de Teresa Espaillat.<\/p>\n\n\n\n<p>Adem\u00e1s, el jueves 25, a las 10:00 AM y a las 4: PM, se presentar\u00e1&nbsp; el documental \u201cAbril la Trinchera del Honor\u201d, en el aula 100 de la Facultad de Ciencias de la Salud; el viernes 28, se distribuir\u00e1n un documento redactado por la Comisi\u00f3n responsable de las actividades para esta conmemoraci\u00f3n.<\/p>\n\n\n\n<p>El encuentro cont\u00f3 con la asistencia de historiadores, profesores, estudiantes y las maestras Teresa Espaillat y&nbsp; Edith Ram\u00edrez, quienes tuvieron un rol importante durante la invasi\u00f3n norteamericana, entre otros.<\/p>\n\n\n\n<p><strong>PIES DE FOTOS<\/strong><\/p>\n\n\n\n<p>1-&nbsp;&nbsp;&nbsp;&nbsp;La vicerrectora de Extensi\u00f3n, maestra Rosal\u00eda Sosa P\u00e9rez, encabez\u00f3 la actividad realizada&nbsp; en el sal\u00f3n de Orientaci\u00f3n, de la Biblioteca Pedro Mir<\/p>\n\n\n\n<p>2-&nbsp;&nbsp;&nbsp;&nbsp;El coordinador extracurricular de la c\u00e1tedra Jos\u00e9 Mart\u00ed, maestro Luis de Le\u00f3n<\/p>\n\n\n\n<p>3-&nbsp;&nbsp;&nbsp;&nbsp;Augusto Duarte Camilo<\/p>\n\n\n\n<p>4-&nbsp;&nbsp;&nbsp;&nbsp;P\u00fablico&nbsp;<\/p>\n","protected":false},"excerpt":{"rendered":"<p>La \u00a0Universidad Aut\u00f3noma de Santo Domingo (UASD), a trav\u00e9s de la Vicerrector\u00eda de Extensi\u00f3n,\u00a0inici\u00f3 los actos conmemorativos a la Revoluci\u00f3n de Abril del 1965,\u00a0 con la interesante conferencia \u201c59 Aniversario de la Guerra de Abril\u201d, a cargo del historiador Juan de la Cruz. La vicerrectora de Extensi\u00f3n, maestra Rosal\u00eda Sosa P\u00e9rez, encabez\u00f3 la actividad realizada&nbsp; [&hellip;]<\/p>\n","protected":false},"author":2,"featured_media":0,"comment_status":"closed","ping_status":"","sticky":false,"template":"","format":"standard","meta":{"footnotes":""},"categories":[21,26],"tags":[],"class_list":["post-525162","post","type-post","status-publish","format-standard","hentry","category-cultura","category-efemerides"],"_links":{"self":[{"href":"https:\/\/diariodominicano.com\/index.php?rest_route=\/wp\/v2\/posts\/525162","targetHints":{"allow":["GET"]}}],"collection":[{"href":"https:\/\/diariodominicano.com\/index.php?rest_route=\/wp\/v2\/posts"}],"about":[{"href":"https:\/\/diariodominicano.com\/index.php?rest_route=\/wp\/v2\/types\/post"}],"author":[{"embeddable":true,"href":"https:\/\/diariodominicano.com\/index.php?rest_route=\/wp\/v2\/users\/2"}],"replies":[{"embeddable":true,"href":"https:\/\/diariodominicano.com\/index.php?rest_route=%2Fwp%2Fv2%2Fcomments&post=525162"}],"version-history":[{"count":2,"href":"https:\/\/diariodominicano.com\/index.php?rest_route=\/wp\/v2\/posts\/525162\/revisions"}],"predecessor-version":[{"id":525164,"href":"https:\/\/diariodominicano.com\/index.php?rest_route=\/wp\/v2\/posts\/525162\/revisions\/525164"}],"wp:attachment":[{"href":"https:\/\/diariodominicano.com\/index.php?rest_route=%2Fwp%2Fv2%2Fmedia&parent=525162"}],"wp:term":[{"taxonomy":"category","embeddable":true,"href":"https:\/\/diariodominicano.com\/index.php?rest_route=%2Fwp%2Fv2%2Fcategories&post=525162"},{"taxonomy":"post_tag","embeddable":true,"href":"https:\/\/diariodominicano.com\/index.php?rest_route=%2Fwp%2Fv2%2Ftags&post=525162"}],"curies":[{"name":"wp","href":"https:\/\/api.w.org\/{rel}","templated":true}]}}