{"id":525107,"date":"2024-04-20T09:58:33","date_gmt":"2024-04-20T13:58:33","guid":{"rendered":"https:\/\/diariodominicano.com\/?p=525107"},"modified":"2024-04-20T12:53:31","modified_gmt":"2024-04-20T16:53:31","slug":"mide-rinde-tributo-a-almirantes-por-su-legado-en-la-historia-naval-independentista","status":"publish","type":"post","link":"https:\/\/diariodominicano.com\/?p=525107","title":{"rendered":"MIDE rinde tributo a almirantes por su legado en la historia naval independentista"},"content":{"rendered":"\n<p>El Ministerio de Defensa (MIDE),&nbsp; rindi\u00f3 tributo a los almirantes Juan Bautista Cambiaso, Juan Bautista Maggiolo y Juan Alejandro Acosta, por su contribuci\u00f3n a la defensa de la soberan\u00eda nacional y por ser&nbsp; fundadores de la flotilla nacional del pa\u00eds, que dio origen a la Marina de Guerra hoy Armada de Rep\u00fablica (ARD).<\/p>\n\n\n\n<figure class=\"wp-block-image size-large\"><img loading=\"lazy\" decoding=\"async\" width=\"1024\" height=\"682\" src=\"https:\/\/diariodominicano.com\/wp-content\/uploads\/2024\/04\/81aae743-cb6f-49d4-8278-6ad3cd63a3dc-1024x682.jpg\" alt=\"\" class=\"wp-image-525110\" srcset=\"https:\/\/diariodominicano.com\/wp-content\/uploads\/2024\/04\/81aae743-cb6f-49d4-8278-6ad3cd63a3dc-1024x682.jpg 1024w, https:\/\/diariodominicano.com\/wp-content\/uploads\/2024\/04\/81aae743-cb6f-49d4-8278-6ad3cd63a3dc-300x200.jpg 300w, https:\/\/diariodominicano.com\/wp-content\/uploads\/2024\/04\/81aae743-cb6f-49d4-8278-6ad3cd63a3dc-768x511.jpg 768w, https:\/\/diariodominicano.com\/wp-content\/uploads\/2024\/04\/81aae743-cb6f-49d4-8278-6ad3cd63a3dc-1536x1022.jpg 1536w, https:\/\/diariodominicano.com\/wp-content\/uploads\/2024\/04\/81aae743-cb6f-49d4-8278-6ad3cd63a3dc-2048x1363.jpg 2048w, https:\/\/diariodominicano.com\/wp-content\/uploads\/2024\/04\/81aae743-cb6f-49d4-8278-6ad3cd63a3dc-816x543.jpg 816w\" sizes=\"auto, (max-width: 1024px) 100vw, 1024px\" \/><\/figure>\n\n\n\n<figure class=\"wp-block-image size-large\"><img loading=\"lazy\" decoding=\"async\" width=\"1024\" height=\"682\" src=\"https:\/\/diariodominicano.com\/wp-content\/uploads\/2024\/04\/abcb89bf-582a-4e28-9049-a657448b2f9a-1024x682.jpg\" alt=\"\" class=\"wp-image-525111\" srcset=\"https:\/\/diariodominicano.com\/wp-content\/uploads\/2024\/04\/abcb89bf-582a-4e28-9049-a657448b2f9a-1024x682.jpg 1024w, https:\/\/diariodominicano.com\/wp-content\/uploads\/2024\/04\/abcb89bf-582a-4e28-9049-a657448b2f9a-300x200.jpg 300w, https:\/\/diariodominicano.com\/wp-content\/uploads\/2024\/04\/abcb89bf-582a-4e28-9049-a657448b2f9a-768x511.jpg 768w, https:\/\/diariodominicano.com\/wp-content\/uploads\/2024\/04\/abcb89bf-582a-4e28-9049-a657448b2f9a-1536x1022.jpg 1536w, https:\/\/diariodominicano.com\/wp-content\/uploads\/2024\/04\/abcb89bf-582a-4e28-9049-a657448b2f9a-2048x1363.jpg 2048w, https:\/\/diariodominicano.com\/wp-content\/uploads\/2024\/04\/abcb89bf-582a-4e28-9049-a657448b2f9a-816x543.jpg 816w\" sizes=\"auto, (max-width: 1024px) 100vw, 1024px\" \/><\/figure>\n\n\n\n<figure class=\"wp-block-image size-large\"><img loading=\"lazy\" decoding=\"async\" width=\"1024\" height=\"682\" src=\"https:\/\/diariodominicano.com\/wp-content\/uploads\/2024\/04\/ecec9305-2f55-48d4-92b2-6cf9da8f99ab-1024x682.jpg\" alt=\"\" class=\"wp-image-525119\" srcset=\"https:\/\/diariodominicano.com\/wp-content\/uploads\/2024\/04\/ecec9305-2f55-48d4-92b2-6cf9da8f99ab-1024x682.jpg 1024w, https:\/\/diariodominicano.com\/wp-content\/uploads\/2024\/04\/ecec9305-2f55-48d4-92b2-6cf9da8f99ab-300x200.jpg 300w, https:\/\/diariodominicano.com\/wp-content\/uploads\/2024\/04\/ecec9305-2f55-48d4-92b2-6cf9da8f99ab-768x511.jpg 768w, https:\/\/diariodominicano.com\/wp-content\/uploads\/2024\/04\/ecec9305-2f55-48d4-92b2-6cf9da8f99ab-1536x1022.jpg 1536w, https:\/\/diariodominicano.com\/wp-content\/uploads\/2024\/04\/ecec9305-2f55-48d4-92b2-6cf9da8f99ab-2048x1363.jpg 2048w, https:\/\/diariodominicano.com\/wp-content\/uploads\/2024\/04\/ecec9305-2f55-48d4-92b2-6cf9da8f99ab-816x543.jpg 816w\" sizes=\"auto, (max-width: 1024px) 100vw, 1024px\" \/><\/figure>\n\n\n\n<p>La emotiva ceremonia, celebrada en el frontispicio del MIDE, fue presidida por el ministro de Defensa, teniente general Carlos Luciano D\u00edaz Morfa, ERD, y oficiales del Estado Mayor General de las Fuerzas Armadas, se inici\u00f3 con la izada de bandera y la interpretaci\u00f3n del himno nacional, a cargo de la Banda de M\u00fasica del MIDE.<\/p>\n\n\n\n<figure class=\"wp-block-image size-large\"><img loading=\"lazy\" decoding=\"async\" width=\"1024\" height=\"682\" src=\"https:\/\/diariodominicano.com\/wp-content\/uploads\/2024\/04\/5c95eb2e-95ed-49b6-855f-1e5fe0ce4c94-1024x682.jpg\" alt=\"\" class=\"wp-image-525121\" srcset=\"https:\/\/diariodominicano.com\/wp-content\/uploads\/2024\/04\/5c95eb2e-95ed-49b6-855f-1e5fe0ce4c94-1024x682.jpg 1024w, https:\/\/diariodominicano.com\/wp-content\/uploads\/2024\/04\/5c95eb2e-95ed-49b6-855f-1e5fe0ce4c94-300x200.jpg 300w, https:\/\/diariodominicano.com\/wp-content\/uploads\/2024\/04\/5c95eb2e-95ed-49b6-855f-1e5fe0ce4c94-768x511.jpg 768w, https:\/\/diariodominicano.com\/wp-content\/uploads\/2024\/04\/5c95eb2e-95ed-49b6-855f-1e5fe0ce4c94-1536x1022.jpg 1536w, https:\/\/diariodominicano.com\/wp-content\/uploads\/2024\/04\/5c95eb2e-95ed-49b6-855f-1e5fe0ce4c94-2048x1363.jpg 2048w, https:\/\/diariodominicano.com\/wp-content\/uploads\/2024\/04\/5c95eb2e-95ed-49b6-855f-1e5fe0ce4c94-816x543.jpg 816w\" sizes=\"auto, (max-width: 1024px) 100vw, 1024px\" \/><\/figure>\n\n\n\n<p>En la lectura de la orden del d\u00eda, firmada por el titular del MIDE, se resalta el compromiso patri\u00f3tico de los destacados almirantes, quienes al proclamarse la Rep\u00fablica Dominicana escribieron en letras de diamante, el nombre inmortal de la patria en el escenario de la Bah\u00eda de Ocoa, al derrotar a la flotilla enemiga en Tortuguero y durante la guerra dom\u00ednico-haitiana 1844-1956.<\/p>\n\n\n\n<p>El director de Historia Militar del MIDE, coronel S\u00f3crates Suazo Ruiz, del Ej\u00e9rcito, durante el acto ilustr\u00f3 sobre la conducta ejemplar y \u00e9tica del almirante Cambiaso, un marinero y soldado nacido en G\u00e9nova, quien puso a disposici\u00f3n su flotilla para ayudar a establecer las fuerzas navales de la naciente Rep\u00fablica Dominicana durante su guerra de emancipaci\u00f3n.<\/p>\n\n\n\n<p>El historiador militar, tambi\u00e9n rese\u00f1\u00f3 las grandes haza\u00f1as de Juan Alejandro Acosta, conocido trinitario y fiel seguidor del padre de la patria Juan Pablo Duarte y D\u00edez, por quien arriesg\u00f3 su vida al capitanear el Bergant\u00edn Goleta La Leonor, con la bandera nacional en su m\u00e1stil, flotando por primera vez en el extranjero, en la honrosa misi\u00f3n de trasladar a sus compa\u00f1eros trinitarios desde Curazao, donde estaban exiliados.<\/p>\n\n\n\n<figure class=\"wp-block-image size-large\"><img loading=\"lazy\" decoding=\"async\" width=\"1024\" height=\"682\" src=\"https:\/\/diariodominicano.com\/wp-content\/uploads\/2024\/04\/358a8c8a-b742-4a72-8444-a24ea415faf7-1024x682.jpg\" alt=\"\" class=\"wp-image-525114\" srcset=\"https:\/\/diariodominicano.com\/wp-content\/uploads\/2024\/04\/358a8c8a-b742-4a72-8444-a24ea415faf7-1024x682.jpg 1024w, https:\/\/diariodominicano.com\/wp-content\/uploads\/2024\/04\/358a8c8a-b742-4a72-8444-a24ea415faf7-300x200.jpg 300w, https:\/\/diariodominicano.com\/wp-content\/uploads\/2024\/04\/358a8c8a-b742-4a72-8444-a24ea415faf7-768x512.jpg 768w, https:\/\/diariodominicano.com\/wp-content\/uploads\/2024\/04\/358a8c8a-b742-4a72-8444-a24ea415faf7-1536x1024.jpg 1536w, https:\/\/diariodominicano.com\/wp-content\/uploads\/2024\/04\/358a8c8a-b742-4a72-8444-a24ea415faf7-2048x1365.jpg 2048w, https:\/\/diariodominicano.com\/wp-content\/uploads\/2024\/04\/358a8c8a-b742-4a72-8444-a24ea415faf7-816x544.jpg 816w\" sizes=\"auto, (max-width: 1024px) 100vw, 1024px\" \/><\/figure>\n\n\n\n<figure class=\"wp-block-image size-large\"><img loading=\"lazy\" decoding=\"async\" width=\"1024\" height=\"682\" src=\"https:\/\/diariodominicano.com\/wp-content\/uploads\/2024\/04\/dcb2cd16-c761-4805-9740-a53258c9d0b1-1024x682.jpg\" alt=\"\" class=\"wp-image-525117\" srcset=\"https:\/\/diariodominicano.com\/wp-content\/uploads\/2024\/04\/dcb2cd16-c761-4805-9740-a53258c9d0b1-1024x682.jpg 1024w, https:\/\/diariodominicano.com\/wp-content\/uploads\/2024\/04\/dcb2cd16-c761-4805-9740-a53258c9d0b1-300x200.jpg 300w, https:\/\/diariodominicano.com\/wp-content\/uploads\/2024\/04\/dcb2cd16-c761-4805-9740-a53258c9d0b1-768x511.jpg 768w, https:\/\/diariodominicano.com\/wp-content\/uploads\/2024\/04\/dcb2cd16-c761-4805-9740-a53258c9d0b1-1536x1022.jpg 1536w, https:\/\/diariodominicano.com\/wp-content\/uploads\/2024\/04\/dcb2cd16-c761-4805-9740-a53258c9d0b1-2048x1363.jpg 2048w, https:\/\/diariodominicano.com\/wp-content\/uploads\/2024\/04\/dcb2cd16-c761-4805-9740-a53258c9d0b1-816x543.jpg 816w\" sizes=\"auto, (max-width: 1024px) 100vw, 1024px\" \/><\/figure>\n\n\n\n<p>Al hablar de Juan Bautista Maggiolo, Suazo Ruiz, director de Historia del MIDE, subray\u00f3 las bondades de este comandante victorioso en la Batalla Naval de Tortuguero, adem\u00e1s de sus esfuerzos en la lucha independentista.<\/p>\n\n\n\n<p>Este homenaje en el marco del 180 aniversario de fundaci\u00f3n de la Armada, es una muestra de gratitud hacia los ilustres marinos Cambiaso, Acosta y Maggiolo, cuyo legado sirve de inspiraci\u00f3n para las presentes y futuras generaciones de los hombres y mujeres que defienden los intereses de la naci\u00f3n en el mar.<\/p>\n\n\n\n<figure class=\"wp-block-image size-large\"><img loading=\"lazy\" decoding=\"async\" width=\"1024\" height=\"682\" src=\"https:\/\/diariodominicano.com\/wp-content\/uploads\/2024\/04\/569872bd-6b54-432e-be98-cb047899535c-1024x682.jpg\" alt=\"\" class=\"wp-image-525116\" srcset=\"https:\/\/diariodominicano.com\/wp-content\/uploads\/2024\/04\/569872bd-6b54-432e-be98-cb047899535c-1024x682.jpg 1024w, https:\/\/diariodominicano.com\/wp-content\/uploads\/2024\/04\/569872bd-6b54-432e-be98-cb047899535c-300x200.jpg 300w, https:\/\/diariodominicano.com\/wp-content\/uploads\/2024\/04\/569872bd-6b54-432e-be98-cb047899535c-768x511.jpg 768w, https:\/\/diariodominicano.com\/wp-content\/uploads\/2024\/04\/569872bd-6b54-432e-be98-cb047899535c-1536x1022.jpg 1536w, https:\/\/diariodominicano.com\/wp-content\/uploads\/2024\/04\/569872bd-6b54-432e-be98-cb047899535c-2048x1363.jpg 2048w, https:\/\/diariodominicano.com\/wp-content\/uploads\/2024\/04\/569872bd-6b54-432e-be98-cb047899535c-816x543.jpg 816w\" sizes=\"auto, (max-width: 1024px) 100vw, 1024px\" \/><\/figure>\n\n\n\n<p>En la actividad estuvieron presentes directores del MIDE, oficiales generales, almirantes, superiores, subalternos, suboficiales, alistados y asimilados militares. <\/p>\n\n\n\n<p>Prensa Mide<\/p>\n\n\n\n<p><a target=\"_blank\" href=\"mailto:prensaj5mide@gmail.com\" rel=\"noreferrer noopener\">prensaj5mide@gmail.com<\/a><\/p>\n","protected":false},"excerpt":{"rendered":"<p>El Ministerio de Defensa (MIDE),&nbsp; rindi\u00f3 tributo a los almirantes Juan Bautista Cambiaso, Juan Bautista Maggiolo y Juan Alejandro Acosta, por su contribuci\u00f3n a la defensa de la soberan\u00eda nacional y por ser&nbsp; fundadores de la flotilla nacional del pa\u00eds, que dio origen a la Marina de Guerra hoy Armada de Rep\u00fablica (ARD). La emotiva [&hellip;]<\/p>\n","protected":false},"author":2,"featured_media":525108,"comment_status":"closed","ping_status":"","sticky":false,"template":"","format":"standard","meta":{"footnotes":""},"categories":[21,36,26,27],"tags":[],"class_list":["post-525107","post","type-post","status-publish","format-standard","has-post-thumbnail","hentry","category-cultura","category-hombresmujeresycosas","category-efemerides","category-portada"],"_links":{"self":[{"href":"https:\/\/diariodominicano.com\/index.php?rest_route=\/wp\/v2\/posts\/525107","targetHints":{"allow":["GET"]}}],"collection":[{"href":"https:\/\/diariodominicano.com\/index.php?rest_route=\/wp\/v2\/posts"}],"about":[{"href":"https:\/\/diariodominicano.com\/index.php?rest_route=\/wp\/v2\/types\/post"}],"author":[{"embeddable":true,"href":"https:\/\/diariodominicano.com\/index.php?rest_route=\/wp\/v2\/users\/2"}],"replies":[{"embeddable":true,"href":"https:\/\/diariodominicano.com\/index.php?rest_route=%2Fwp%2Fv2%2Fcomments&post=525107"}],"version-history":[{"count":5,"href":"https:\/\/diariodominicano.com\/index.php?rest_route=\/wp\/v2\/posts\/525107\/revisions"}],"predecessor-version":[{"id":525122,"href":"https:\/\/diariodominicano.com\/index.php?rest_route=\/wp\/v2\/posts\/525107\/revisions\/525122"}],"wp:featuredmedia":[{"embeddable":true,"href":"https:\/\/diariodominicano.com\/index.php?rest_route=\/wp\/v2\/media\/525108"}],"wp:attachment":[{"href":"https:\/\/diariodominicano.com\/index.php?rest_route=%2Fwp%2Fv2%2Fmedia&parent=525107"}],"wp:term":[{"taxonomy":"category","embeddable":true,"href":"https:\/\/diariodominicano.com\/index.php?rest_route=%2Fwp%2Fv2%2Fcategories&post=525107"},{"taxonomy":"post_tag","embeddable":true,"href":"https:\/\/diariodominicano.com\/index.php?rest_route=%2Fwp%2Fv2%2Ftags&post=525107"}],"curies":[{"name":"wp","href":"https:\/\/api.w.org\/{rel}","templated":true}]}}