{"id":525088,"date":"2024-04-20T01:23:53","date_gmt":"2024-04-20T05:23:53","guid":{"rendered":"https:\/\/diariodominicano.com\/?p=525088"},"modified":"2024-04-20T12:54:28","modified_gmt":"2024-04-20T16:54:28","slug":"lamentan-muerte-de-franklin-almeyda-y-destacan-su-legado","status":"publish","type":"post","link":"https:\/\/diariodominicano.com\/?p=525088","title":{"rendered":"Lamentan muerte de Franklin Almeyda y destacan su legado"},"content":{"rendered":"\n<p><img decoding=\"async\" src=\"https:\/\/platform-cdn.sharethis.com\/img\/facebook.svg\" alt=\"facebook sharing button\">&nbsp;<\/p>\n\n\n\n<p><em>Personalidades de diferentes sectores expresaron su pesar por el fallecimiento del exministro de Interior y Polic\u00eda<\/em><\/p>\n\n\n\n<p>Falleci\u00f3 el jueves el doctor Francisco Jos\u00e9 -Franklin- Almeyda Rancier, exministro de Interior y Polic\u00eda, y actual dirigente de la Fuerza del Pueblo.<br><br>Omar Liriano, director de comunicaciones del partido FP, inform\u00f3 que un infarto fue la causa que provoc\u00f3 la muerte del dirigente pol\u00edtico a sus 83 a\u00f1os.<br><br>Franklin Almeyda Rancier fue tambi\u00e9n rector de la Universidad Aut\u00f3noma de Santo Domingo (UASD) desde el 1987 al 1990.<br><br>El tambi\u00e9n jurista y catedr\u00e1tico dominicano era miembro de la Direcci\u00f3n Pol\u00edtica de la Fuerza del Pueblo y titular de la Secretar\u00eda de Formaci\u00f3n Pol\u00edtica.<br><br>Adem\u00e1s, fue abogado y miembro del Comit\u00e9 Pol\u00edtico del Partido de la Liberaci\u00f3n Dominicana del 2006 a 2011 y autor de varios libros: \u201cEl PLD en la transici\u00f3n\u201d, \u201cFiguras jur\u00eddicas procesales y sus jurisprudencias\u201d y \u201cEl PLD y las fuerzas sociales\u201d.<br><br>El presidente de la Rep\u00fablica, Luis Abinader, emiti\u00f3 el decreto n\u00fam. 219-24 que declara este s\u00e1bado 20 de abril, d\u00eda de duelo oficial por el fallecimiento de Franklin Almeyda Rancier.<br><br>En el art\u00edculo 2, el decreto indica que en el d\u00eda se\u00f1alado, la Bandera Nacional deber\u00e1 ondear a media asta en los recintos militares y edificios p\u00fablicos de toda la Rep\u00fablica Dominicana.<br><br><strong>Leonel: \u201cHasta siempre Franklin\u201d<br><\/strong><br>Desde que se dio a conocer el fallecimiento del destacado pol\u00edtico, decenas de pol\u00edticos y personalidades expresaron su pesar y destacaron las cualidades que pose\u00eda Franklin.<br><br><strong>El expresidente de la Rep\u00fablica y presidente del partido Fuerza del Pueblo, Leonel Fern\u00e1ndez, manifest\u00f3 su pesar por la muerte del abogado y pol\u00edtico Franklin Almeyda.<\/strong><br><br>A trav\u00e9s de un sentido mensaje en su cuenta de X, antiguo Twitter, expres\u00f3 su dolor por la p\u00e9rdida de un amigo excepcional, compa\u00f1ero de mil batallas, gu\u00eda pol\u00edtico de generaciones y un extraordinario servidor p\u00fablico.<br><br>Fern\u00e1ndez destac\u00f3 que Almeyda fue un disc\u00edpulo y ejemplo del legado del profesor Juan Bosch, nunca renunci\u00f3 a sus convicciones y principios, y demostr\u00f3 solidaridad y lealtad hasta el \u00faltimo d\u00eda.<br><br>\u201cHasta siempre a nuestro entra\u00f1able doctor Franklin Almeyda\u201d, expres\u00f3 Fern\u00e1ndez, deseando que Dios otorgue paz a su alma y consuelo a su amada familia.<br><br>La exvicepresidenta de la Rep\u00fablica, Margarita Cede\u00f1o, tambi\u00e9n utiliz\u00f3 su cuenta X para expresar su pesar.<br><br>\u201cLamento mucho el fallecimiento de mi profesor, amigo y compa\u00f1ero Franklin Almeyda Rancier, con quien compartimos tantas batallas a favor del pa\u00eds. Don Franklin fue un hombre de firmes convicciones, servidor p\u00fablico capaz y entregado, siempre leal a sus principios\u201d<br><br>El presidente del Partido Revolucionario Dominicano (PRD), Miguel Vargas, lo defini\u00f3 como un ciudadano honesto, militante pol\u00edtico comprometido y prominente abogado de la naci\u00f3n.<br><br>Tambi\u00e9n el expresidente de la Suprema Corte de Justicia, Jorge A. Subero Isa, record\u00f3 el papel destacado que desempe\u00f1\u00f3 Almeyda Rancier al frente de la Comisi\u00f3n Nacional de Apoyo a la Reforma Judicial, y subray\u00f3 su contribuci\u00f3n al \u00e1mbito de la justicia.<br><br>El obispo de La Altagracia, Jes\u00fas Castro Marte, lament\u00f3 su partida y expres\u00f3 su deseo de que Almeyda Rancier encuentre la luz eterna y goce de la gloria de nuestro Se\u00f1or Jesucristo.<br><br>Finalmente, el exministro de la Presidencia, Lisandro J. Macarrulla, extendi\u00f3 sus condolencias a la familia y allegados del fallecido, y les dese\u00f3 paz y consuelo en estos momentos dif\u00edciles.<br><br><strong>Honras f\u00fanebres del Dr. Franklin<br><\/strong><br>El cuerpo sin vida del Dr. Franklin Almeyda Rancier ser\u00e1 expuesto a partir de las 8:30 de la ma\u00f1ana de hoy en la Funeraria Blandino de la avenida Abraham Lincoln, hasta las 10 de la noche..<br><br>Mientras que el domingo se realizar\u00e1 una misa de cuerpo presente en la misma funeraria, que empezar\u00e1 a las 8:30 a.m.<br><br>Posteriormente, 9:30 de la ma\u00f1ana del mismo d\u00eda, los restos del fenecido ser\u00e1n llevados desde la Funeraria Blandino hasta la Universidad Aut\u00f3noma de Santo Domingo (UASD). A las 10:00 de la ma\u00f1ana ser\u00e1 expuesto en el Aula Magna de la UASD.<br><br>Finalmente, el cuerpo del jurista y catedr\u00e1tico Franklin Almeyda Rancier ser\u00e1 llevado desde la UASD a la Casa Del Pueblo Johnny Ventura, en Gascue, a las 11:00 de la ma\u00f1ana.<\/p>\n\n\n\n<p><strong><a href=\"https:\/\/www.elcaribe.com.do\/autor\/fsanchez\/\">Frankelvin S\u00e1nchez<\/a><\/strong><a href=\"https:\/\/www.elcaribe.com.do\/panorama\/pais\/lamentan-muerte-de-franklin-almeyda-y-destacan-su-legado\/\"><time datetime=\"2024-04-20T00:00:00-04:00\">20 abril, 2024<\/time><\/a><\/p>\n\n\n\n<p>El Caribe<\/p>\n","protected":false},"excerpt":{"rendered":"<p>&nbsp; Personalidades de diferentes sectores expresaron su pesar por el fallecimiento del exministro de Interior y Polic\u00eda Falleci\u00f3 el jueves el doctor Francisco Jos\u00e9 -Franklin- Almeyda Rancier, exministro de Interior y Polic\u00eda, y actual dirigente de la Fuerza del Pueblo. Omar Liriano, director de comunicaciones del partido FP, inform\u00f3 que un infarto fue la causa [&hellip;]<\/p>\n","protected":false},"author":2,"featured_media":525089,"comment_status":"closed","ping_status":"","sticky":false,"template":"","format":"standard","meta":{"footnotes":""},"categories":[36,20,26,27],"tags":[],"class_list":["post-525088","post","type-post","status-publish","format-standard","has-post-thumbnail","hentry","category-hombresmujeresycosas","category-dominicana-hoy","category-efemerides","category-portada"],"_links":{"self":[{"href":"https:\/\/diariodominicano.com\/index.php?rest_route=\/wp\/v2\/posts\/525088","targetHints":{"allow":["GET"]}}],"collection":[{"href":"https:\/\/diariodominicano.com\/index.php?rest_route=\/wp\/v2\/posts"}],"about":[{"href":"https:\/\/diariodominicano.com\/index.php?rest_route=\/wp\/v2\/types\/post"}],"author":[{"embeddable":true,"href":"https:\/\/diariodominicano.com\/index.php?rest_route=\/wp\/v2\/users\/2"}],"replies":[{"embeddable":true,"href":"https:\/\/diariodominicano.com\/index.php?rest_route=%2Fwp%2Fv2%2Fcomments&post=525088"}],"version-history":[{"count":5,"href":"https:\/\/diariodominicano.com\/index.php?rest_route=\/wp\/v2\/posts\/525088\/revisions"}],"predecessor-version":[{"id":525100,"href":"https:\/\/diariodominicano.com\/index.php?rest_route=\/wp\/v2\/posts\/525088\/revisions\/525100"}],"wp:featuredmedia":[{"embeddable":true,"href":"https:\/\/diariodominicano.com\/index.php?rest_route=\/wp\/v2\/media\/525089"}],"wp:attachment":[{"href":"https:\/\/diariodominicano.com\/index.php?rest_route=%2Fwp%2Fv2%2Fmedia&parent=525088"}],"wp:term":[{"taxonomy":"category","embeddable":true,"href":"https:\/\/diariodominicano.com\/index.php?rest_route=%2Fwp%2Fv2%2Fcategories&post=525088"},{"taxonomy":"post_tag","embeddable":true,"href":"https:\/\/diariodominicano.com\/index.php?rest_route=%2Fwp%2Fv2%2Ftags&post=525088"}],"curies":[{"name":"wp","href":"https:\/\/api.w.org\/{rel}","templated":true}]}}