{"id":525076,"date":"2024-04-20T00:13:48","date_gmt":"2024-04-20T04:13:48","guid":{"rendered":"https:\/\/diariodominicano.com\/?p=525076"},"modified":"2024-04-20T00:39:44","modified_gmt":"2024-04-20T04:39:44","slug":"presidente-abinader-declara-duelo-oficial-por-fallecimiento-del-doctor-franklin-almeyda-rancier","status":"publish","type":"post","link":"https:\/\/diariodominicano.com\/?p=525076","title":{"rendered":"Presidente Abinader declara duelo oficial por fallecimiento del doctor  Franklin Almeyda Rancier"},"content":{"rendered":"\n<p>Santo Domingo, RD.-\u00a0<strong>El presidente Luis Abinader<\/strong>\u00a0emiti\u00f3 el\u00a0<strong>Decreto n\u00fam.\u00a0<\/strong><a href=\"https:\/\/presidencia.gob.do\/decretos\/219-24\"><strong>219-24<\/strong><\/a>, que declar\u00f3 el\u00a0<strong>s\u00e1bado 20<\/strong>\u00a0de abril,\u00a0<strong>d\u00eda de duelo oficial,<\/strong>\u00a0por el fallecimiento del doctor \u00a0<strong>Francisco Jos\u00e9 (Franklin) Almeyda Rancier<\/strong>.\u00a0<\/p>\n\n\n\n<p>En el art\u00edculo 2, el decreto dispone que el s\u00e1bado 20 de abril, la\u00a0<strong>bandera nacional<\/strong>\u00a0deber\u00e1 ondear\u00a0<strong>a media asta<\/strong>\u00a0en los\u00a0<strong>recintos militares y edificios p\u00fablicos<\/strong>\u00a0de todo el pa\u00eds.<\/p>\n\n\n\n<p>La informaci\u00f3n del decreto emitido por el presidente Abinader fue publicada en el portal de la Presidencia de la Rep\u00fablica Dominicana.<\/p>\n\n\n\n<h2 class=\"wp-block-heading\">Honras f\u00fanebres al Doctor Franklin Almeyda <\/h2>\n\n\n\n<p>El cuerpo  del\u00a0<strong>Doctor  Franklin Almeyda Rancier<\/strong>\u00a0ser\u00e1 expuesto a partir de las 8:30 de la ma\u00f1ana de este s\u00e1bado en la<strong>\u00a0Funeraria Blandino\u00a0<\/strong>de la avenida Abraham Lincoln, capillas B y C, 2do piso, hasta las 10 de la noche.<\/p>\n\n\n\n<p>El  domingo se oficiar\u00e1 la<strong>\u00a0misa de cuerpo presente<\/strong>\u00a0en la Funeraria Blandino, programada para las 8:30 de la ma\u00f1ana.<\/p>\n\n\n\n<p>A las 9:30 de la ma\u00f1ana del domingo los restos del doctor Franklin Almeyda ser\u00e1n trasladados de la Funeraria Blandino hasta la<strong>\u00a0Universidad Aut\u00f3noma de Santo Domingo\u00a0<a href=\"https:\/\/uasd.edu.do\/\">(UASD).<\/a><\/strong><\/p>\n","protected":false},"excerpt":{"rendered":"<p>Santo Domingo, RD.-\u00a0El presidente Luis Abinader\u00a0emiti\u00f3 el\u00a0Decreto n\u00fam.\u00a0219-24, que declar\u00f3 el\u00a0s\u00e1bado 20\u00a0de abril,\u00a0d\u00eda de duelo oficial,\u00a0por el fallecimiento del doctor \u00a0Francisco Jos\u00e9 (Franklin) Almeyda Rancier.\u00a0 En el art\u00edculo 2, el decreto dispone que el s\u00e1bado 20 de abril, la\u00a0bandera nacional\u00a0deber\u00e1 ondear\u00a0a media asta\u00a0en los\u00a0recintos militares y edificios p\u00fablicos\u00a0de todo el pa\u00eds. La informaci\u00f3n del decreto [&hellip;]<\/p>\n","protected":false},"author":2,"featured_media":525077,"comment_status":"closed","ping_status":"","sticky":false,"template":"","format":"standard","meta":{"footnotes":""},"categories":[20,26,27],"tags":[],"class_list":["post-525076","post","type-post","status-publish","format-standard","has-post-thumbnail","hentry","category-dominicana-hoy","category-efemerides","category-portada"],"_links":{"self":[{"href":"https:\/\/diariodominicano.com\/index.php?rest_route=\/wp\/v2\/posts\/525076","targetHints":{"allow":["GET"]}}],"collection":[{"href":"https:\/\/diariodominicano.com\/index.php?rest_route=\/wp\/v2\/posts"}],"about":[{"href":"https:\/\/diariodominicano.com\/index.php?rest_route=\/wp\/v2\/types\/post"}],"author":[{"embeddable":true,"href":"https:\/\/diariodominicano.com\/index.php?rest_route=\/wp\/v2\/users\/2"}],"replies":[{"embeddable":true,"href":"https:\/\/diariodominicano.com\/index.php?rest_route=%2Fwp%2Fv2%2Fcomments&post=525076"}],"version-history":[{"count":4,"href":"https:\/\/diariodominicano.com\/index.php?rest_route=\/wp\/v2\/posts\/525076\/revisions"}],"predecessor-version":[{"id":525081,"href":"https:\/\/diariodominicano.com\/index.php?rest_route=\/wp\/v2\/posts\/525076\/revisions\/525081"}],"wp:featuredmedia":[{"embeddable":true,"href":"https:\/\/diariodominicano.com\/index.php?rest_route=\/wp\/v2\/media\/525077"}],"wp:attachment":[{"href":"https:\/\/diariodominicano.com\/index.php?rest_route=%2Fwp%2Fv2%2Fmedia&parent=525076"}],"wp:term":[{"taxonomy":"category","embeddable":true,"href":"https:\/\/diariodominicano.com\/index.php?rest_route=%2Fwp%2Fv2%2Fcategories&post=525076"},{"taxonomy":"post_tag","embeddable":true,"href":"https:\/\/diariodominicano.com\/index.php?rest_route=%2Fwp%2Fv2%2Ftags&post=525076"}],"curies":[{"name":"wp","href":"https:\/\/api.w.org\/{rel}","templated":true}]}}