{"id":524966,"date":"2024-04-19T15:20:16","date_gmt":"2024-04-19T19:20:16","guid":{"rendered":"https:\/\/diariodominicano.com\/?p=524966"},"modified":"2024-04-19T15:22:08","modified_gmt":"2024-04-19T19:22:08","slug":"canciller-roberto-alvarez-volvera-al-consejo-de-seguridad-de-la-onu-para-dar-seguimiento-a-la-situacion-en-haiti","status":"publish","type":"post","link":"https:\/\/diariodominicano.com\/?p=524966","title":{"rendered":"Canciller Roberto \u00c1lvarez volver\u00e1 al Consejo de Seguridad de la ONU para dar seguimiento a la situaci\u00f3n en Hait\u00ed"},"content":{"rendered":"\n<p>diariodominicano.com<\/p>\n\n\n\n<p>Santo Domingo, R. D., 19 de abril, 2024.-\u00a0<strong>El canciller Roberto \u00c1lvarez<\/strong>\u00a0participar\u00e1 por\u00a0<strong>d\u00e9cima ocasi\u00f3n<\/strong>\u00a0en la reuni\u00f3n peri\u00f3dica del\u00a0<strong>Consejo de Seguridad de la Organizaci\u00f3n de las Naciones Unidas<\/strong>\u00a0para abordar la\u00a0<strong>crisis haitiana<\/strong>\u00a0y nuevamente insistir\u00e1 sobre la necesidad de dar cumplimiento a las resoluciones de este \u00f3rgano sobre\u00a0<strong>sanciones, embargo de armas y el despliegue de la Fuerza Multinacional de Apoyo a la Seguridad en Hait\u00ed.\u00a0<\/strong><\/p>\n\n\n\n<p>El Ministerio de Relaciones Exteriores inform\u00f3 que esta reuni\u00f3n est\u00e1 prevista realizarse este&nbsp;<strong>lunes 22 de abril a las 3:00 p. m.<\/strong>&nbsp;en la ciudad de Nueva York, sede de las Naciones Unidas, y el canciller \u00c1lvarez estar\u00e1 acompa\u00f1ado del embajador dominicano ante la ONU,&nbsp;<strong>Jos\u00e9 Blanco.&nbsp;<\/strong><\/p>\n\n\n\n<p>Se recuerda que el&nbsp;<strong>pasado mes de enero<\/strong>, el ministro Roberto \u00c1lvarez acudi\u00f3 a este \u00f3rgano de la ONU para advertir que<em>&nbsp;\u201cmientras se espera el despliegue de esta misi\u00f3n multinacional, Hait\u00ed se encuentra al borde del abismo\u201d.&nbsp;<\/em><\/p>\n\n\n\n<p>En esta nueva sesi\u00f3n, participar\u00e1n igualmente,\u00a0<strong>Mar\u00eda Isabel Salvador<\/strong>, enviada especial del secretario general de la ONU para Hait\u00ed, y\u00a0<strong>Catherine Russell<\/strong>, directora ejecutiva de Unicef.<\/p>\n\n\n\n<p>Fuente: Direcci\u00f3n de Estrategia y Comunicaci\u00f3n<\/p>\n\n\n\n<p>Ministerio Administrativo de la Presidencia de la Rep\u00fablica Dominicana<\/p>\n","protected":false},"excerpt":{"rendered":"<p>diariodominicano.com Santo Domingo, R. D., 19 de abril, 2024.-\u00a0El canciller Roberto \u00c1lvarez\u00a0participar\u00e1 por\u00a0d\u00e9cima ocasi\u00f3n\u00a0en la reuni\u00f3n peri\u00f3dica del\u00a0Consejo de Seguridad de la Organizaci\u00f3n de las Naciones Unidas\u00a0para abordar la\u00a0crisis haitiana\u00a0y nuevamente insistir\u00e1 sobre la necesidad de dar cumplimiento a las resoluciones de este \u00f3rgano sobre\u00a0sanciones, embargo de armas y el despliegue de la Fuerza Multinacional [&hellip;]<\/p>\n","protected":false},"author":5,"featured_media":524968,"comment_status":"closed","ping_status":"","sticky":true,"template":"","format":"standard","meta":{"footnotes":""},"categories":[20,27],"tags":[],"class_list":["post-524966","post","type-post","status-publish","format-standard","has-post-thumbnail","hentry","category-dominicana-hoy","category-portada"],"_links":{"self":[{"href":"https:\/\/diariodominicano.com\/index.php?rest_route=\/wp\/v2\/posts\/524966","targetHints":{"allow":["GET"]}}],"collection":[{"href":"https:\/\/diariodominicano.com\/index.php?rest_route=\/wp\/v2\/posts"}],"about":[{"href":"https:\/\/diariodominicano.com\/index.php?rest_route=\/wp\/v2\/types\/post"}],"author":[{"embeddable":true,"href":"https:\/\/diariodominicano.com\/index.php?rest_route=\/wp\/v2\/users\/5"}],"replies":[{"embeddable":true,"href":"https:\/\/diariodominicano.com\/index.php?rest_route=%2Fwp%2Fv2%2Fcomments&post=524966"}],"version-history":[{"count":2,"href":"https:\/\/diariodominicano.com\/index.php?rest_route=\/wp\/v2\/posts\/524966\/revisions"}],"predecessor-version":[{"id":524969,"href":"https:\/\/diariodominicano.com\/index.php?rest_route=\/wp\/v2\/posts\/524966\/revisions\/524969"}],"wp:featuredmedia":[{"embeddable":true,"href":"https:\/\/diariodominicano.com\/index.php?rest_route=\/wp\/v2\/media\/524968"}],"wp:attachment":[{"href":"https:\/\/diariodominicano.com\/index.php?rest_route=%2Fwp%2Fv2%2Fmedia&parent=524966"}],"wp:term":[{"taxonomy":"category","embeddable":true,"href":"https:\/\/diariodominicano.com\/index.php?rest_route=%2Fwp%2Fv2%2Fcategories&post=524966"},{"taxonomy":"post_tag","embeddable":true,"href":"https:\/\/diariodominicano.com\/index.php?rest_route=%2Fwp%2Fv2%2Ftags&post=524966"}],"curies":[{"name":"wp","href":"https:\/\/api.w.org\/{rel}","templated":true}]}}