{"id":52495,"date":"2020-06-24T00:50:53","date_gmt":"2020-06-24T00:50:53","guid":{"rendered":"http:\/\/diariodominicano.ddns.net\/?p=52495"},"modified":"2020-06-24T00:50:53","modified_gmt":"2020-06-24T00:50:53","slug":"el-dia-que-nacio-santiago-juan-bautista-perez-rancier","status":"publish","type":"post","link":"https:\/\/diariodominicano.com\/?p=52495","title":{"rendered":"El d\u00eda que naci\u00f3 Santiago Juan Bautista P\u00e9rez Rancier"},"content":{"rendered":"<p><body><\/p>\n<p><strong>Diariodominicano.com<\/strong><\/p>\n<p><strong>Se  destac\u00f3  como abogado defensor de la independencia  del Poder Judicial y  promotor de acciones para evitar el deterioro del medio ambiente.<\/strong><\/p>\n<p><strong> <\/strong><\/p>\n<p><strong>El d\u00eda que naci\u00f3 Santiago Juan Bautista P\u00e9rez Rancier<\/strong><\/p>\n<p><strong> <\/strong><\/p>\n<p><strong>Por H\u00e9ctor Tineo Nolasco<\/strong><\/p>\n<p><strong>Diariodominicano.com<\/strong><\/p>\n<\/p>\n<p><strong>  SANTO DOMINGO,  el 24 de junio de 1883<\/strong>, naci\u00f3 en la ciudad de Santiago de los Caballeros, Juan Bautista P\u00e9rez Rancier,  hijo del licenciado Genaro P\u00e9rez Tavares y Elisa Rancier Valverde.<\/p>\n<\/p>\n<p>Se  destac\u00f3  como abogado defensor de la independencia  del Poder Judicial y  promotor de acciones para evitar el deterioro del medio ambiente.<\/p>\n<\/p>\n<p>     Curs\u00f3 sus estudios primarios en Santiago y los estudios secundarios  en  Estados Unidos y Canad\u00e1, durante el  per\u00edodo de 1901 al 1908.<\/p>\n<\/p>\n<p>     De 1909 a 1914 estudi\u00f3 en la facultad de derecho de la Universidad de Par\u00eds, donde obtuvo el t\u00edtulo de  Doctor en Derecho,  y un diploma especial  en la Escuela de Derecho Administrativo  y Ciencias Financieras.<\/p>\n<\/p>\n<p>    Durante su residencia en Par\u00eds, aprendi\u00f3 los idiomas ingl\u00e9s, franc\u00e9s,  alem\u00e1n y lat\u00edn.<\/p>\n<\/p>\n<p>    El escritor Jos\u00e9 Ulises Franco, en su obra \u00abPerfiles y Cosas Dominicanas\u00bb,  publicada en Santiago  en el a\u00f1o  1974,  refiere que por su prestigio Juan Bautista P\u00e9rez Rancier, fue propuesto como opci\u00f3n para ser Presidente de la Rep\u00fablica o Vicepresidente, pero siempre declin\u00f3 las ofertas.<\/p>\n<\/p>\n<p>   Destaca que cre\u00eda en un poder judicial independiente y sosten\u00eda la idea de que \u00abCuando la pol\u00edtica entra por la puerta de un tribunal, la justicia salta por la ventana\u00bb.<\/p>\n<\/p>\n<p>    En  1915, Juan Bautista P\u00e9rez Rancier  fue designado juez de la Corte de Apelaci\u00f3n de Santiago, y en el a\u00f1o 1916, durante los d\u00edas del 4 de julio al 24 de agosto  fue designado por el Ayuntamiento de Santiago de los Caballeros, como Gobernador Civil y Militar de la provincia, como una forma de asegurar  las garant\u00edas ciudadanas durante la intervenci\u00f3n militar de Estados Unidos.<\/p>\n<\/p>\n<p>   Durante el  a\u00f1o 1916,  tambi\u00e9n ejerci\u00f3 las funciones de presidente de la Corte de Apelaci\u00f3n  de Santiago y luego fue reelecto para el per\u00edodo 1920-1928.  En el mismo per\u00edodo imparti\u00f3 la c\u00e1tedra de Derecho Romano del Instituto  Profesional de Santiago de los Caballeros.<\/p>\n<\/p>\n<p>    El 26 de diciembre de 1917 contrajo matrimonio con Mari\u00e9n Moya Franco, oriunda de La Vega, con quien procre\u00f3 a sus hijos Genaro, Carmen, Tom\u00e1s,  Batista, Juan y Luis.<\/p>\n<\/p>\n<p>    De la vida de magistrado de Juan Bautista P\u00e9rez Rancier, Jos\u00e9  Ulises Franco refiere:  \u00abCu\u00e9ntase que en cierta ocasi\u00f3n, el 28 de febrero de 1920, durante la causa seguida a un ex comisario municipal de Salcedo, acusado conjuntamente con otras personas, por un delito  de crimen, don Juan Bautista P\u00e9rez  indignado ante las torturas a que fuera sometido injustamente Ram\u00f3n Leonardo B\u00e1ez, uno de los testigos, estrell\u00f3 el Cristo que presid\u00eda la audiencia, con lo que expres\u00f3 su en\u00e9rgica protesta por tan incalificable atropello. Desde entonces a Juan Bautista P\u00e9rez se le calific\u00f3 como \u00abEl hombre del Cristo\u00bb.<\/p>\n<\/p>\n<p>    Adem\u00e1s de ser un eminente abogado y hombre p\u00fablico, Juan Bautista P\u00e9rez Rancier  cultiv\u00f3 el alpinismo, explorando la Cordillera  Central en varias ocasiones. Se distingui\u00f3 como un defensor de las riquezas forestales.<\/p>\n<\/p>\n<p>   En el a\u00f1o 1920, en compa\u00f1\u00eda del eminente M\u00e9dico  L\u00e1zaro Canela,  levant\u00f3  un estudio en el que establece lo que debe ser el \u00abVedado del Yaque\u00bb, como una forma de preservar su riqueza como fuente de agua.  El documento qued\u00f3 a la posteridad como ejemplo de lo que fue la conclusi\u00f3n de un cient\u00edfico previsor.<\/p>\n<p>En su honor Valle Nuevo fue declarado Parque Nacional Juan Bautista P\u00e9rez Rancier.<\/p>\n<p>    Por defender la independencia del Poder Judicial ante las presiones del naciente Gobierno del General Rafael  Le\u00f3nidas Trujillo Molina, Juan Bautista P\u00e9rez fue dejado sin funciones en el a\u00f1o 1931 y luego rechaz\u00f3  el nombramiento como juez de la Suprema Corte de Justicia.<\/p>\n<\/p>\n<p>   Como consecuencia de la nueva situaci\u00f3n creada en el pa\u00eds, viaj\u00f3 en julio de 1931 con  destino a Europa.  Fij\u00f3 domicilio en Las Islas Canarias, en la Ciudad Universitaria de San Crist\u00f3bal de La Laguna. All\u00ed muri\u00f3 el 13 de febrero de  1968.<\/p>\n<\/p>\n<p>   Parte de los ensayos sobre ciencias, derecho, sociolog\u00eda y geograf\u00eda, fueron publicados en una recopilaci\u00f3n que patrocin\u00f3 la Academia Dominicana de  Geograf\u00eda, con el t\u00edtulo  de \u00abGeograf\u00eda y Sociedad\u00bb (1972).<\/p>\n<\/p>\n<p>   Su labor cient\u00edfica  y de defensa al medio ambiente tambi\u00e9n es resaltada  por  el maestro de la medicina dominicana, doctor Antonio Zaglul, en su \u00faltima obra sobre el doctor L\u00e1zaro Canela, publicada p\u00f3stumamente en el a\u00f1o 1998.<\/p>\n<\/p>\n<h6> 2020-06-24 00:50:53 <\/h6>\n<p><!--\n<link rel=\"stylesheet\" href=\"css\/bootstrap.min.css\">\n\n\n<ul class=\"pagination\">\n\t    \n\t\n\n<li >\n\t<a href='?page_no=482'>Previous<\/a>\n\t<\/li>\n\n\n       \n    \n\n<li><a href='?page_no=1'>1<\/a><\/li>\n\n\n\n<li><a href='?page_no=2'>2<\/a><\/li>\n\n\n\n<li><a>...<\/a><\/li>\n\n\n\n<li><a href='?page_no=481'>481<\/a><\/li>\n\n\n\n<li><a href='?page_no=482'>482<\/a><\/li>\n\n\n\n<li class='active'><a>483<\/a><\/li>\n\n\n\n<li><a href='?page_no=484'>484<\/a><\/li>\n\n\n\n<li><a href='?page_no=485'>485<\/a><\/li>\n\n\n\n<li><a>...<\/a><\/li>\n\n\n\n<li><a href='?page_no=22911'>22911<\/a><\/li>\n\n\n\n<li><a href='?page_no=22912'>22912<\/a><\/li>\n\n    \n\t\n\n<li >\n\t<a href='?page_no=484'>Next<\/a>\n\t<\/li>\n\n\n    \n\n<li><a href='?page_no=22912'>Last &rsaquo;&rsaquo;<\/a><\/li>\n\n<\/ul>\n\n\n--><br \/>\n<\/body><\/p>\n","protected":false},"excerpt":{"rendered":"<p>Diariodominicano.com Se destac\u00f3 como abogado defensor de la independencia del Poder Judicial y promotor de acciones para evitar el deterioro del medio ambiente. El d\u00eda que naci\u00f3 Santiago Juan Bautista P\u00e9rez Rancier Por H\u00e9ctor Tineo Nolasco Diariodominicano.com SANTO DOMINGO, el 24 de junio de 1883, naci\u00f3 en la ciudad de Santiago de los Caballeros, Juan [&hellip;]<\/p>\n","protected":false},"author":3,"featured_media":0,"comment_status":"open","ping_status":"open","sticky":false,"template":"","format":"standard","meta":{"footnotes":""},"categories":[21],"tags":[],"class_list":["post-52495","post","type-post","status-publish","format-standard","hentry","category-cultura"],"_links":{"self":[{"href":"https:\/\/diariodominicano.com\/index.php?rest_route=\/wp\/v2\/posts\/52495","targetHints":{"allow":["GET"]}}],"collection":[{"href":"https:\/\/diariodominicano.com\/index.php?rest_route=\/wp\/v2\/posts"}],"about":[{"href":"https:\/\/diariodominicano.com\/index.php?rest_route=\/wp\/v2\/types\/post"}],"author":[{"embeddable":true,"href":"https:\/\/diariodominicano.com\/index.php?rest_route=\/wp\/v2\/users\/3"}],"replies":[{"embeddable":true,"href":"https:\/\/diariodominicano.com\/index.php?rest_route=%2Fwp%2Fv2%2Fcomments&post=52495"}],"version-history":[{"count":0,"href":"https:\/\/diariodominicano.com\/index.php?rest_route=\/wp\/v2\/posts\/52495\/revisions"}],"wp:attachment":[{"href":"https:\/\/diariodominicano.com\/index.php?rest_route=%2Fwp%2Fv2%2Fmedia&parent=52495"}],"wp:term":[{"taxonomy":"category","embeddable":true,"href":"https:\/\/diariodominicano.com\/index.php?rest_route=%2Fwp%2Fv2%2Fcategories&post=52495"},{"taxonomy":"post_tag","embeddable":true,"href":"https:\/\/diariodominicano.com\/index.php?rest_route=%2Fwp%2Fv2%2Ftags&post=52495"}],"curies":[{"name":"wp","href":"https:\/\/api.w.org\/{rel}","templated":true}]}}